{"id":5310,"date":"2013-04-29T11:03:10","date_gmt":"2013-04-29T11:03:10","guid":{"rendered":"http:\/\/www.ingeta.com\/?p=5310"},"modified":"2013-04-29T11:03:10","modified_gmt":"2013-04-29T11:03:10","slug":"pourquoi-le-congo-en-tant-que-pays-nexiste-plus","status":"publish","type":"post","link":"https:\/\/congolobilelo.com\/IN\/pourquoi-le-congo-en-tant-que-pays-nexiste-plus\/","title":{"rendered":"Pourquoi le Congo, en tant que pays, n\u2019existe plus"},"content":{"rendered":"<p>\t\t\t\tL\u2019analyste politique jean-Pierre Mbelu d\u00e9crypte les enjeux de la d\u00e9mocratie au Congo aujourd\u2019hui, souligne le manque de cr\u00e9dibilit\u00e9 et l\u2019hypocrisie de la communaut\u00e9 internationale donneuse de le\u00e7ons, explique pourquoi le Congo n\u2019existe plus en tant que pays et appelle les congolais \u00e0 se mobiliser et s\u2019organiser pour pouvoir mettre fin \u00e0 cette situation d\u2019inhumanit\u00e9 et d\u2019indignit\u00e9 que conna\u00eet le pays, et \u00e9viter notre disparition en tant que peuple historique.<\/p>\n<p><iframe loading=\"lazy\" src=\"http:\/\/www.youtube.com\/embed\/Rcod976OSYQ\" frameborder=\"0\" width=\"560\" height=\"315\"><\/iframe><\/p>\n<p><strong>Sur la nouvelle loi modifiant la commission \u00e9lectorale nationale ind\u00e9pendante<\/strong><\/p>\n<blockquote><p>Kabila \u00e9tant un pr\u00e9sident ill\u00e9gitime, il ne peut promulguer aucune loi. Toutes les lois qu\u2019il peut promulguer sont ill\u00e9gales et ill\u00e9gitimes. Il r\u00e8gne par d\u00e9fi. Si les adeptes du r\u00e9alisme politique peuvent dire qu\u2019il a l\u2019effectivit\u00e9 du pouvoir. Mais tomber dans ce faux r\u00e9alisme politique, c\u2019est oublier que ce n\u2019est pas lui qui gouverne le Congo. La RDC est une colonie de la communaut\u00e9 internationale, gouvern\u00e9e par l\u2019ONU via la MONUSCO. Kabila n\u2019a aucune effectivit\u00e9 du pouvoir.<\/p><\/blockquote>\n<p><strong>Sur la cr\u00e9dibilit\u00e9 de la communaut\u00e9 internationale<\/strong><\/p>\n<blockquote><p>Toutes ces questions dont on pense que leurs solutions sont li\u00e9es aux oligarchies des pays occidentaux, qui aujourd\u2019hui se sont vendus au march\u00e9 economico-financier, devraient \u00eatre oubli\u00e9es. Nous ne pouvons pas nous r\u00e9f\u00e9rer \u00e0 ces oligarchies qui n\u2019ont jamais accept\u00e9 que leurs peuples puissent \u00eatre souverains et jouir de la d\u00e9mocratie. Comment voulez-vous que M. Hollande, par exemple, qui est all\u00e9 derni\u00e8rement en Chine et n\u2019a pos\u00e9 aucune question sur le respect des droits de l\u2019Homme, puisse \u00eatre une personne dont les Congolais puissent se fier pour r\u00e9gler les probl\u00e8mes qui se posent dans notre pays (comme certains ont pu le penser pendant le sommet de la Francophonie)?<br \/>\nCes messieurs font partie des oligarchies du pouvoir et qui essaient de nous berner en nous faisons croire qu\u2019ils tiennent au respect des droits de l\u2019Homme pendant qu\u2019ils organisent des guerres n\u00e9ocoloniales. Nous ne devons pas analyser la situation de nos pays en se r\u00e9f\u00e9rant \u00e0 des gens comme Fran\u00e7ois Hollande.<br \/>\nNous devons voir comment nous, en tant que peuple, en tant que citoyens, pouvons penser \u00e0 l\u2019avenir de nos pays sans nous en r\u00e9f\u00e9rer \u00e0 la rh\u00e9torique mensong\u00e8re de ces dirigeants occidentaux. En tant qu\u2019oligarchies occidentales ayant pris leurs peuples en otage, ces pays sont devenus de moins en moins cr\u00e9dibles.<\/p><\/blockquote>\n<p><strong>Sur la d\u00e9mocratie au Congo<\/strong><\/p>\n<blockquote><p>Si nous avons une question de d\u00e9mocratie \u00e0 poser chez nous, \u00e7a doit aller dans le sens de la d\u00e9mocratie participative, directe et populaire comme elle est en train de s\u2019\u00e9panouir aujourd\u2019hui dans certains pays d\u2019Am\u00e9rique latine. Nous n\u2019avons plus \u00e0 avoir l\u2019Occident comme unique r\u00e9f\u00e9rence. Parce que l\u2019Occident a perdu toute souverainet\u00e9 et toute d\u00e9mocratie.<br \/>\nSi nous avions des questions \u00e0 approfondir du point de vue de la d\u00e9mocratie, nous devons le faire en examinant nos propres orientations, sans nous r\u00e9f\u00e9rer \u00e0 ces messieurs l\u00e0.<br \/>\nLe Congo tel qu\u2019il se porte aujourd\u2019hui ne peut faire des avanc\u00e9es d\u00e9mocratiques. Parce que ce sont les oligarques occidentaux qui cr\u00e9ent les marionnettes qui g\u00e8rent aujourd\u2019hui la sous-r\u00e9gion des Grands Lacs. Ces marionnettes ne font que de la pr\u00e9dation, de la corruption et du client\u00e9lisme de tr\u00e8s mauvais go\u00fbt. Nous avons un travail s\u00e9rieux \u00e0 faire pour changer de syst\u00e8me. Et on ne va changer de syst\u00e8me avec les pr\u00e9dateurs actuels. Aujourd\u2019hui, le Congo, comme pays, n\u2019existe plus.<\/p><\/blockquote>\n<p><strong>Sur le discours du 24 avril 1994 de Mobutu (sur l\u2019ouverture politique)<\/strong><\/p>\n<blockquote><p>Quand Mobutu pr\u00e9sente son discours du 24 avril 1994, le Za\u00efre de cette \u00e9poque \u00e9tait tr\u00e8s avanc\u00e9 du point de vue de la mobilisation populaire, du point de vue de la critique politique. Nous avons depuis connu, une r\u00e9gression inimaginable. Parce que Mobutu \u00e9tait l\u2019otage du syst\u00e8me qu\u2019il avait cr\u00e9\u00e9 et qui le portait. Et les quelques propositions positives qu\u2019il avait pu avancer n\u2019ont pas \u00e9t\u00e9 r\u00e9alis\u00e9es. Ce qui fait qu\u2019avec les faux lib\u00e9rateurs de la guerre de 1996, notre pays a connu une r\u00e9gression terrible. Il y a, aujourd\u2019hui, un petit r\u00e9seau de pr\u00e9dateur qui a pris notre pays en otage, et qui corrompt et client\u00e9lise un pays d\u2019environ 70 millions d\u2019habitants\u2026<br \/>\nAujourd\u2019hui, le Congo comme pays n\u2019existe plus. Et si, nous ne nous mettons pas debout en constituant des grands mouvements f\u00e9d\u00e9rateurs qui pourraient englober les plus de 400 partis politiques congolais pour remettre ce pays l\u00e0 sur les rails, nous allons dispara\u00eetre comme peuple historique. Et demain, on parlera de nous en \u00e9voquant la l\u00e9gende de ce pays l\u00e0.<\/p><\/blockquote>\n<p><strong>Sur le pillage du Congo<\/strong><\/p>\n<blockquote><p>Le Congo est aujourd\u2019hui pill\u00e9 par ses propres fils et ses filles avec bien s\u00fbr la complicit\u00e9 de leurs parrains ext\u00e9rieurs\u2026 Du point de vue de ce qui se passe \u00e0 l\u2019int\u00e9rieur de notre pays, les faux lib\u00e9rateurs de 1996 sont en train de nous tuer \u00e0 petit feu et de tout faire pour que ce pays disparaisse comme entit\u00e9 culturelle, politique et g\u00e9ographique. Nous sommes en train de dispara\u00eetre comme peuple par la cupidit\u00e9, la voracit\u00e9, la corruption et le client\u00e9lisme dans lesquels certains congolais sont tomb\u00e9s avec la complicit\u00e9 des faux lib\u00e9rateurs et de leurs parrains.<\/p><\/blockquote>\n<p><strong>Sur l\u2019\u00e9mergence d\u2019une nouvelle cat\u00e9gorie d\u2019acteurs et activistes politiques congolais <\/strong><\/p>\n<blockquote><p>Nous avons tout int\u00e9r\u00eat \u00e0 soutenir et \u00e0 pouvoir rejoindre les compatriotes qui se sont mis debout et qui tiennent \u00e0 rester debout pour que nous ne disparaissions pas comme peuple historique.<br \/>\nLe danger aujourd\u2019hui ne se situe plus au niveau de la guerre qui nous est faite \u00e0 l\u2019Est du Congo. Le danger se situe \u00e0 tous les points de notre pays, dans toutes provinces, et le danger se situe au niveau de nos propres fr\u00e8res et s\u0153urs et de ceux qui les soutiennent de l\u2019ext\u00e9rieur. Nos propres fr\u00e8res et s\u0153urs sont plus dangereux que les ennemis de l\u2019ext\u00e9rieur.<br \/>\nDieu merci, il y a encore des compatriotes, notamment \u00e0 l\u2019ext\u00e9rieur du pays, qui comprennent que si nous ne nous mettons pas debout pour r\u00e9sister contre cette disparition lente mais s\u00fbre de notre pays, nous allons dispara\u00eetre comme peuple historique.<\/p><\/blockquote>\n<p><strong>Sur le Rwanda et sa surpopulation<\/strong><\/p>\n<blockquote><p>Le Rwanda a un probl\u00e8me de surpopulation mais il ne peut exiger que le Congo engloutisse ce qu\u2019il consid\u00e8re comme \u00e9tant sa population exc\u00e9dentaire. Le Rwanda pr\u00e9f\u00e8re nous faire la guerre pour que le trop plein de sa population reste chez nous alors qu\u2019il y avait moyen de proc\u00e9der autrement, \u00e0 savoir une int\u00e9gration politique respectueuse de la souverainet\u00e9 du Congo et du Rwanda. Le Congo est un sous-continent, si nous avions des trait\u00e9s politiques clairs, on pouvait s\u2019entendre pour qu\u2019une partie de cette population vienne chez nous. Mais le Rwanda pr\u00e9f\u00e8re passer par cette identit\u00e9 flottante pour que les rwandais qui sont d\u00e9j\u00e0 chez nous deviennent automatiquement congolais.<br \/>\nM\u00eame s\u2019il y a lieu de se plaindre de ce qui est en train de se passer aujourd\u2019hui, les congolais ne sont pas aussi b\u00eates que le monde le croit. Les congolais se retrouvent aujourd\u2019hui dans tous les coins du monde, ils finiront par prendre leur revanche, malheureusement, et cela risque de co\u00fbter tr\u00e8s cher aux g\u00e9n\u00e9rations futures. Parce que vous ne pouvez pas impun\u00e9ment humilier tout un peuple pendant autant d\u2019ann\u00e9es. Cette humiliation risque de se transformer en une haine qui peut provoquer des d\u00e9g\u00e2ts que ceux qui cr\u00e9ent cette haine aujourd\u2019hui, ne seront pas capables de supporter demain.<\/p><\/blockquote>\n<p><strong>Sur les prisons en RDC<\/strong><\/p>\n<blockquote><p>Le Congo aujourd\u2019hui est une prison \u00e0 ciel ouvert. Personne, en dehors du r\u00e9seau de la Kabilie, ne parle au Congo. Si vous le faites, on vous arr\u00eate ou on vous tue tout simplement. On peut faire des constats comme la Croix Rouge sur l\u2019\u00e9tat des prisons en RDC, remarquer que nos prisons sont surpeupl\u00e9es, mais malheureusement, on ne remonte pas \u00e0 ce syst\u00e8me qui conduit \u00e0 la guerre d\u2019une minorit\u00e9 de nouveaux pr\u00e9dateurs et des oligarques ayant organis\u00e9 un r\u00e9seau transnational pour faire de notre pays une prison \u00e0 ciel ouvert. Et comme nous nous rendons de plus en plus compte de cette situation, c\u2019est \u00e0 nous congolais, aux minorit\u00e9s organis\u00e9es congolaises, au grand mouvement que les congolais doivent cr\u00e9er, qu\u2019il appartient de se mobiliser pour pouvoir mettre fin \u00e0 cette situation l\u00e0, d\u2019inhumanit\u00e9 et d\u2019indignit\u00e9.<\/p><\/blockquote>\n","protected":false},"excerpt":{"rendered":"<p>L\u2019analyste politique jean-Pierre Mbelu d\u00e9crypte les enjeux de la d\u00e9mocratie au Congo aujourd\u2019hui, souligne le manque de cr\u00e9dibilit\u00e9 et l\u2019hypocrisie de la communaut\u00e9 internationale donneuse de le\u00e7ons, explique pourquoi le Congo n\u2019existe plus en tant que pays et appelle les congolais \u00e0 se mobiliser et s\u2019organiser pour pouvoir mettre fin \u00e0 cette situation d\u2019inhumanit\u00e9 et [&hellip;]<\/p>\n","protected":false},"author":1,"featured_media":5402,"comment_status":"open","ping_status":"open","sticky":false,"template":"","format":"standard","meta":{"_acf_changed":false,"content-type":"","footnotes":""},"categories":[107,124],"tags":[],"class_list":["post-5310","post","type-post","status-publish","format-standard","has-post-thumbnail","hentry","category-analyses-commentaires","category-politique-societe"],"acf":[],"_links":{"self":[{"href":"https:\/\/congolobilelo.com\/IN\/wp-json\/wp\/v2\/posts\/5310","targetHints":{"allow":["GET"]}}],"collection":[{"href":"https:\/\/congolobilelo.com\/IN\/wp-json\/wp\/v2\/posts"}],"about":[{"href":"https:\/\/congolobilelo.com\/IN\/wp-json\/wp\/v2\/types\/post"}],"author":[{"embeddable":true,"href":"https:\/\/congolobilelo.com\/IN\/wp-json\/wp\/v2\/users\/1"}],"replies":[{"embeddable":true,"href":"https:\/\/congolobilelo.com\/IN\/wp-json\/wp\/v2\/comments?post=5310"}],"version-history":[{"count":0,"href":"https:\/\/congolobilelo.com\/IN\/wp-json\/wp\/v2\/posts\/5310\/revisions"}],"wp:featuredmedia":[{"embeddable":true,"href":"https:\/\/congolobilelo.com\/IN\/wp-json\/"}],"wp:attachment":[{"href":"https:\/\/congolobilelo.com\/IN\/wp-json\/wp\/v2\/media?parent=5310"}],"wp:term":[{"taxonomy":"category","embeddable":true,"href":"https:\/\/congolobilelo.com\/IN\/wp-json\/wp\/v2\/categories?post=5310"},{"taxonomy":"post_tag","embeddable":true,"href":"https:\/\/congolobilelo.com\/IN\/wp-json\/wp\/v2\/tags?post=5310"}],"curies":[{"name":"wp","href":"https:\/\/api.w.org\/{rel}","templated":true}]}}