{"id":5285,"date":"2013-04-21T13:51:34","date_gmt":"2013-04-21T13:51:34","guid":{"rendered":"http:\/\/www.ingeta.com\/?p=5285"},"modified":"2013-04-21T13:51:34","modified_gmt":"2013-04-21T13:51:34","slug":"on-ne-moralise-pas-un-systeme-fonde-sur-des-anti-valeurs-on-le-change","status":"publish","type":"post","link":"https:\/\/congolobilelo.com\/IN\/on-ne-moralise-pas-un-systeme-fonde-sur-des-anti-valeurs-on-le-change\/","title":{"rendered":"On ne moralise pas un syst\u00e8me fond\u00e9 sur des anti-valeurs&#8230;"},"content":{"rendered":"<p>\t\t\t\tL\u2019analyste politique jean-Pierre Mbelu alerte sur les dangers de la sous-humanisation des Congolais, nous \u00e9claire sur la n\u00e9cessit\u00e9 d\u2019une refondation du syst\u00e8me et de la classe politique au Congo, et explique pourquoi, nous devons \u00e9viter la confrontation avec ces gens qui pr\u00e9tendent gouverner la RDC et participer aux efforts qui pourront garantir le social \u00e0 nos populations.<\/p>\n<p><iframe loading=\"lazy\" src=\"http:\/\/www.youtube.com\/embed\/Xp0t1YhVZf8\" frameborder=\"0\" width=\"560\" height=\"315\"><\/iframe><\/p>\n<p><strong>Sur l\u2019affaire Diomi Ndongala<\/strong><\/p>\n<blockquote><p>L\u2019affaire Diomi est une affaire criminelle qui s\u2019inscrit dans la criminalisation des dignes fils et filles du Congo par des criminels de guerre qui sont \u00e0 la t\u00eate du pays. Le Congo n\u2019a plus rien de d\u00e9mocratique, nous sommes tomb\u00e9s dans une voyoucratie qui ne dit pas son nom. Ce pouvoir tient \u00e0 b\u00e2illonner tous les congolais qui essaient de se battre pour sauver leur patrimoine commun.<\/p><\/blockquote>\n<p><strong>Sur le silence des diplomates au Congo<\/strong><\/p>\n<blockquote><p>La guerre men\u00e9e contre notre pays est une guerre de la politique et de la justice internationale. Le fait que le silence puisse planer sur tous les coups mont\u00e9s contre les acteurs politiques congolais ne devrait pas nous \u00e9tonner. Parce que c\u2019est une guerre ou les firmes multinationales et transnationales tirent des gros profits pour la communaut\u00e9 dite internationale.<\/p><\/blockquote>\n<p><strong>Sur la sous-humanisation des Congolais<\/strong><\/p>\n<blockquote><p>Nous vivons des situations de sous-humanisation des Congolais. Et ce qui se passe dans notre pays peut \u00eatre compar\u00e9 \u00e0 ce qui s\u2019est pass\u00e9, par exemple \u00e0 Varsovie, quand les Nazis ex\u00e9cutaient les juifs. Aujourd\u2019hui, les Congolais sont sous le joug de nazis qui sont en train de les massacrer, de les exterminer en commen\u00e7ant par mettre sur pied des ph\u00e9nom\u00e8nes de sous-humanisation. Dans nos compatriotes qui sont en train d\u2019\u00eatre tu\u00e9s, dans nos compatriotes qui sont arr\u00eat\u00e9s, dans nos compatriotes qui sont contraint \u00e0 l\u2019exil, il y a la n\u00e9gation de toute libert\u00e9 aux congolais pour qu\u2019ils deviennent des b\u00eates de somme. Ainsi les n\u00e8gres de service peuvent s\u2019adonner \u00e0 leur boulot sans aucun remord.<\/p><\/blockquote>\n<p><strong>Sur le retrait de la motion de censure contre le premier ministre Ponyo<\/strong><\/p>\n<blockquote><p>Il n\u2019y a pas d\u2019assembl\u00e9e nationale au Congo. Nous avons juste quelques compatriotes qui ont \u00e9t\u00e9 nomm\u00e9s par le pouvoir en place pour pouvoir parachever sa mission de pr\u00e9dation et d\u2019extermination des Congolais, de balkanisation et d\u2019implosion du pays.<br \/>\nNous avons avec ce retrait, un exemple patent qui prouve que nous ne pouvons pas consid\u00e9rer ces parlementaires impliqu\u00e9s dans cette situation comme \u00e9tant des \u00e9lus du peuple. Nous ne pouvons pas continuer \u00e0 accuser les ennemis ext\u00e9rieurs sans tenir compte de ces compatriotes qui, au nom de leurs int\u00e9r\u00eats individuels et \u00e9go\u00efstes, sont en train de participer \u00e0 l\u2019implosion de notre pays. Voil\u00e0 pourquoi nous avons int\u00e9r\u00eat \u00e0 travailler au renouvellement de la classe politique au Congo.<\/p><\/blockquote>\n<p><strong>Sur la refondation du syst\u00e8me politique au Congo<\/strong><\/p>\n<blockquote><p>Nous avons un syst\u00e8me politique pourri fond\u00e9 sur la pr\u00e9dation, le vol, les tueries, la terreur, le viol, les massacres\u2026 C\u2019est ce syst\u00e8me qu\u2019il faut refonder et revoir de fond en comble. Nous n\u2019avons pas d\u2019excuse. Nous avons tout int\u00e9r\u00eat \u00e0 nous engager, chacun l\u00e0 o\u00f9 il est, pour que cette situation puisse changer et que le Congo soit fond\u00e9 sur d\u2019autres bases que sur cette m\u00e9diocrit\u00e9 qui devient de plus en plus insupportable.<br \/>\nOn ne peut pas moraliser un syst\u00e8me fond\u00e9 sur des anti-valeurs. Il faut recr\u00e9er un autre syst\u00e8me. Recr\u00e9er des institutions anim\u00e9es par des compatriotes jouissant d\u2019une moralit\u00e9 et d\u2019une \u00e9thique suffisamment responsable.<\/p><\/blockquote>\n<p><strong>Sur le bilan du gouvernement Mponyo<\/strong><\/p>\n<blockquote><p>Il s\u2019agit d\u2019une auto satisfaction enfantine. Si nous \u00e9tions dans un pays qui se respectait un peu, ce Ponyo irait \u00e0 l\u2019assembl\u00e9e ou au s\u00e9nat pour que son action puisse \u00eatre \u00e9valu\u00e9e. Mais l\u00e0, c\u2019est lui-m\u00eame qui \u00e9value son action. Par ailleurs, Ponyo devrait aussi laisser \u00e0 notre peuple, le temps de pouvoir appr\u00e9cier son travail.<br \/>\nLa justice ne marche pas, des acteurs politiques sont emprisonn\u00e9s arbitrairement, la mort est sem\u00e9 dans tous les coins du pays, l\u2019argent des taxes et imp\u00f4ts ne rentrent pas dans les caisses de l\u2019Etat, le social n\u2019a jamais \u00e9t\u00e9 la pr\u00e9occupation de ce gouvernement, on nous parle de croissance mais on ne voit rien du c\u00f4t\u00e9 du respect des droit civiques, \u00e9conomiques et sociaux : On peut, avec tout cela, se poser la question de savoir de quoi ce Matata Ponyo parle.<br \/>\nAu lieu de rester constamment en confrontation avec ces gens l\u00e0 qui pr\u00e9tendent gouverner, nous devrions, petit \u00e0 petit, changer de m\u00e9thode, voir comment participer aux efforts qui pourront garantir le social \u00e0 nos populations et laisser ces gens s\u2019auto-satisfaire de ce qu\u2019ils sont en train de faire jusqu\u2019au jour o\u00f9 nos populations comprendront qu\u2019ils peuvent devenir r\u00e9ellement leurs propres d\u00e9miurges et mettre ces gens l\u00e0 hors d\u2019\u00e9tat d\u2019agir.<\/p><\/blockquote>\n<p><strong>Sur le bilan des 10 ans des accords de Sun City<\/strong><\/p>\n<blockquote><p>10 ans apr\u00e8s Sun City, le Congo a recul\u00e9, et se retrouve presque \u00e0 l\u2019\u00e2ge de la pierre. Il faut se poser les questions essentielles : Qui avait r\u00e9dig\u00e9 cet accord ? Pourquoi n\u2019a-t-il pas \u00e9t\u00e9 respect\u00e9 dans ses orientations majeures ?<br \/>\nSituer les accords de Sun city dans le contexte de guerre de basse intensit\u00e9 men\u00e9e contre notre pays, par les acteurs pl\u00e9niers et leur proxys depuis les ann\u00e9es 1990 n\u2019a pas \u00e9t\u00e9 fait. Comprendre que ceux qui tirent les ficelles ont une grande part dans la non application des principes arr\u00eat\u00e9s par cet accord ? Cet effort n\u2019a pas \u00e9t\u00e9 fait non plus.<br \/>\nIl faudrait qu\u2019un jour, nous puissions \u00eatre la base de nos manifestes, de nos accords, que nous puissions d\u00e9battre et \u00e9changer et arriver \u00e0 un manifeste r\u00e9dig\u00e9 par nous-m\u00eames.<\/p><\/blockquote>\n<p><strong><br \/>\nSur le chemin \u00e0 accomplir face \u00e0 la mort sem\u00e9e par la Kabilie<\/strong><\/p>\n<blockquote><p>Nous devons pouvoir rompre avec cette habitude qui consiste \u00e0 aller vers ceux que nous estimons \u00eatre nos ma\u00eetres pour qu\u2019ils nous r\u00e9digent des textes comme ils le faisaient d\u00e9j\u00e0 du temps de la colonisation. Devenons d\u00e9cideurs des orientations \u00e0 prendre pour notre pays, et l\u00e0 nous pourrons \u00e9valuer le travail. Nous avons encore du chemin \u00e0 faire sur des questions essentielles.<br \/>\nPourquoi sommes-nous aujourd\u2019hui contraints ou \u00e0 l\u2019exil ou \u00e0 la mort ou au mensonge ou \u00e0 la v\u00e9rit\u00e9 avec toutes ces cons\u00e9quences ? Il y a beaucoup de nos compatriotes qui sont tu\u00e9s dans l\u2019anonymat au pays, parce qu\u2019ils osent parler. Parce qu\u2019ils osent d\u00e9crier le modus operandi de ces vampires. Ils tuent pour effacer des traces, ils tuent parce qu\u2019ils ont peur de la v\u00e9rit\u00e9. Il faut beaucoup de courage, d\u2019audace mais aussi beaucoup de prudence et de sagesse pour voir dans quelle mesure adopter des m\u00e9thodes qui nous permettent d\u2019\u00eatre efficaces sans nous livrer \u00e0 la mort sem\u00e9e par ces messieurs et leurs parrains.<br \/>\nNous devons, \u00e0 tout moment, articuler compr\u00e9hension du syst\u00e8me et de la situation d\u2019un part et travail pour le changement, \u00e9tude du mode de changement le plus efficace, d\u2019autre part. Et cela, \u00e0 court, moyen, et long terme. En misant sur notre capacit\u00e9 \u00e0 pouvoir partager nos informations avec nos masses populaires. Quand ces masses dans une majorit\u00e9 critique n\u2019accepteront plus l\u2019esclavage volontaires. Les vampires vont fuir par eux-m\u00eames.<\/p><\/blockquote>\n","protected":false},"excerpt":{"rendered":"<p>L\u2019analyste politique jean-Pierre Mbelu alerte sur les dangers de la sous-humanisation des Congolais, nous \u00e9claire sur la n\u00e9cessit\u00e9 d\u2019une refondation du syst\u00e8me et de la classe politique au Congo, et explique pourquoi, nous devons \u00e9viter la confrontation avec ces gens qui pr\u00e9tendent gouverner la RDC et participer aux efforts qui pourront garantir le social \u00e0 [&hellip;]<\/p>\n","protected":false},"author":1,"featured_media":5286,"comment_status":"open","ping_status":"open","sticky":false,"template":"","format":"standard","meta":{"_acf_changed":false,"content-type":"","footnotes":""},"categories":[107,124],"tags":[],"class_list":["post-5285","post","type-post","status-publish","format-standard","has-post-thumbnail","hentry","category-analyses-commentaires","category-politique-societe"],"acf":[],"_links":{"self":[{"href":"https:\/\/congolobilelo.com\/IN\/wp-json\/wp\/v2\/posts\/5285","targetHints":{"allow":["GET"]}}],"collection":[{"href":"https:\/\/congolobilelo.com\/IN\/wp-json\/wp\/v2\/posts"}],"about":[{"href":"https:\/\/congolobilelo.com\/IN\/wp-json\/wp\/v2\/types\/post"}],"author":[{"embeddable":true,"href":"https:\/\/congolobilelo.com\/IN\/wp-json\/wp\/v2\/users\/1"}],"replies":[{"embeddable":true,"href":"https:\/\/congolobilelo.com\/IN\/wp-json\/wp\/v2\/comments?post=5285"}],"version-history":[{"count":0,"href":"https:\/\/congolobilelo.com\/IN\/wp-json\/wp\/v2\/posts\/5285\/revisions"}],"wp:featuredmedia":[{"embeddable":true,"href":"https:\/\/congolobilelo.com\/IN\/wp-json\/"}],"wp:attachment":[{"href":"https:\/\/congolobilelo.com\/IN\/wp-json\/wp\/v2\/media?parent=5285"}],"wp:term":[{"taxonomy":"category","embeddable":true,"href":"https:\/\/congolobilelo.com\/IN\/wp-json\/wp\/v2\/categories?post=5285"},{"taxonomy":"post_tag","embeddable":true,"href":"https:\/\/congolobilelo.com\/IN\/wp-json\/wp\/v2\/tags?post=5285"}],"curies":[{"name":"wp","href":"https:\/\/api.w.org\/{rel}","templated":true}]}}