{"id":5270,"date":"2013-04-18T07:03:11","date_gmt":"2013-04-18T07:03:11","guid":{"rendered":"http:\/\/www.ingeta.com\/?p=5270"},"modified":"2013-04-18T07:03:11","modified_gmt":"2013-04-18T07:03:11","slug":"colloque-international-de-la-diaspora-congolaise-a-paris-le-11-mai-2013","status":"publish","type":"post","link":"https:\/\/congolobilelo.com\/IN\/colloque-international-de-la-diaspora-congolaise-a-paris-le-11-mai-2013\/","title":{"rendered":"Colloque international de la diaspora congolaise \u00e0 Paris, le 11 mai 2013"},"content":{"rendered":"<p>\t\t\t\t&#8220;L&#8217;Avenir du Congo-Devoir de m\u00e9moire&#8221; vous invite \u00e0 la conf\u00e9rence-\u00e9v\u00e9nement du journaliste d&#8217;investigation, Charles ONANA qui sera pr\u00e9c\u00e9d\u00e9e du Colloque International de la Diaspora congolaise le samedi 11 mai prochain au Th\u00e9\u00e2tre Maurice Ravel \u00e0 Paris.<\/p>\n<p>Lieu:<br \/>\nTh\u00e9\u00e2tre 12 &#8211; Maurice Ravel, 6 Avenue Maurice Ravel, 75012 Paris.<\/p>\n<p>Programme:<br \/>\n<strong>1\u00e8re Partie: 14h00 \u00e0 18H00 COLLOQUE INTERNATIONAL DE LA DIASPORA CONGOLAISE<\/strong> (compos\u00e9 de 3 Temps et 3 Th\u00e8mes):<br \/>\n&#8211; Leadership collectif et individuel<br \/>\n&#8211; La Crise de la Souverainet\u00e9 de la RDC (Depuis l&#8217;ind\u00e9pendance et particuli\u00e8rement du 24 avril 1990 \u00e0 nos jours)<br \/>\n&#8211; R\u00f4le de la Diaspora congolaise dans la lutte pour les Droits de l&#8217;Homme au Congo: Stopper le G\u00e9nocide congolais. Ses Droits et Devoirs&#8230;<\/p>\n<p>Orateurs:<br \/>\nAbb\u00e9 MBELU, Ma\u00eetre Rety HAMULI, Honorable Guy MWADIAMVITA ( Conseiller diplomatique du pr\u00e9sident Etienne Tshisekedi ) + SURPRISES.<\/p>\n<p>Tarif pour le Colloque:<br \/>\n5 Euros<\/p>\n<p><strong>2\u00e8 Partie: 18H30 \u00e0 21H00: CONFERENCE-EVENEMENT du journaliste d&#8217;investigation Charles ONANA <\/strong><br \/>\nIl pr\u00e9sentera pour la 1\u00e8re fois \u00e0 Paris son nouveau livre &#8220;EUROPE, CRIMES ET CENSURE AU CONGO. Les documents qui accusent&#8221;.<\/p>\n<p>Info-Contact &#8220;A.C. DEVOIR DE MEMOIRE&#8221; :<br \/>\n+33 (0)6 98 76 12 70 ou +33 (0)6 66 12 73 89<br \/>\nE-mail: rdc.devoirdememoire@gmail.com Web: <a href=\"http:\/\/www.journalducongo.com\">www.journalducongo.com<\/a><\/p>\n<p>&nbsp;\t\t<\/p>\n","protected":false},"excerpt":{"rendered":"<p>&#8220;L&#8217;Avenir du Congo-Devoir de m\u00e9moire&#8221; vous invite \u00e0 la conf\u00e9rence-\u00e9v\u00e9nement du journaliste d&#8217;investigation, Charles ONANA qui sera pr\u00e9c\u00e9d\u00e9e du Colloque International de la Diaspora congolaise le samedi 11 mai prochain au Th\u00e9\u00e2tre Maurice Ravel \u00e0 Paris. Lieu: Th\u00e9\u00e2tre 12 &#8211; Maurice Ravel, 6 Avenue Maurice Ravel, 75012 Paris. Programme: 1\u00e8re Partie: 14h00 \u00e0 18H00 COLLOQUE [&hellip;]<\/p>\n","protected":false},"author":1,"featured_media":5271,"comment_status":"open","ping_status":"open","sticky":false,"template":"","format":"standard","meta":{"_acf_changed":false,"content-type":"","footnotes":""},"categories":[145,156,124],"tags":[],"class_list":["post-5270","post","type-post","status-publish","format-standard","has-post-thumbnail","hentry","category-conferences-salons","category-france","category-politique-societe"],"acf":[],"_links":{"self":[{"href":"https:\/\/congolobilelo.com\/IN\/wp-json\/wp\/v2\/posts\/5270","targetHints":{"allow":["GET"]}}],"collection":[{"href":"https:\/\/congolobilelo.com\/IN\/wp-json\/wp\/v2\/posts"}],"about":[{"href":"https:\/\/congolobilelo.com\/IN\/wp-json\/wp\/v2\/types\/post"}],"author":[{"embeddable":true,"href":"https:\/\/congolobilelo.com\/IN\/wp-json\/wp\/v2\/users\/1"}],"replies":[{"embeddable":true,"href":"https:\/\/congolobilelo.com\/IN\/wp-json\/wp\/v2\/comments?post=5270"}],"version-history":[{"count":0,"href":"https:\/\/congolobilelo.com\/IN\/wp-json\/wp\/v2\/posts\/5270\/revisions"}],"wp:featuredmedia":[{"embeddable":true,"href":"https:\/\/congolobilelo.com\/IN\/wp-json\/"}],"wp:attachment":[{"href":"https:\/\/congolobilelo.com\/IN\/wp-json\/wp\/v2\/media?parent=5270"}],"wp:term":[{"taxonomy":"category","embeddable":true,"href":"https:\/\/congolobilelo.com\/IN\/wp-json\/wp\/v2\/categories?post=5270"},{"taxonomy":"post_tag","embeddable":true,"href":"https:\/\/congolobilelo.com\/IN\/wp-json\/wp\/v2\/tags?post=5270"}],"curies":[{"name":"wp","href":"https:\/\/api.w.org\/{rel}","templated":true}]}}