{"id":5260,"date":"2013-04-14T11:22:52","date_gmt":"2013-04-14T11:22:52","guid":{"rendered":"http:\/\/www.ingeta.com\/?p=5260"},"modified":"2013-04-14T11:22:52","modified_gmt":"2013-04-14T11:22:52","slug":"la-guerre-de-basse-intensite-et-la-destruction-psychologique-du-peuple-congolais","status":"publish","type":"post","link":"https:\/\/congolobilelo.com\/IN\/la-guerre-de-basse-intensite-et-la-destruction-psychologique-du-peuple-congolais\/","title":{"rendered":"La guerre et la destruction psychologique des congolais"},"content":{"rendered":"<p>\t\t\t\tL\u2019analyste politique jean-Pierre Mbelu d\u00e9crypte le m\u00e9canisme de d\u00e9nigrement et de destruction psychologique du peuple congolais, \u00e0 travers notamment le cas de Diomi Ndongala, expose les enjeux de la fabrication de la mis\u00e8re au Congo et explique pourquoi nous devons imp\u00e9rativement travailler \u00e0 un leadership collectif, d\u00e8s maintenant.<\/p>\n<p><iframe loading=\"lazy\" width=\"560\" height=\"315\" src=\"http:\/\/www.youtube.com\/embed\/xnoMDGMSeZA\" frameborder=\"0\" allowfullscreen><\/iframe><\/p>\n<p><strong>Sur l\u2019enl\u00e8vement d\u2019Eugene Diomi Ndongala par la police congolaise le 8 avril 2013<\/strong><\/p>\n<blockquote><p>Joseph Kabila n\u2019a pas de pouvoir, il est une marionnette entre les mains des puissances ext\u00e9rieures et ex\u00e9cute les ordres qui lui viennent de l\u2019ext\u00e9rieur. On ne peut pas s\u00e9parer ce qui vient d\u2019arriver \u00e0 Diomi Ndongala de tout ce processus de d\u00e9nigrement et de destruction psychologique de tout notre peuple, avec son lot de viols, massacres et arrestations arbitraires qui participe de la guerre de basse intensit\u00e9 dont l\u2019objectif majeur est de piller notre pays et le conduire \u00e0 son implosion.<br \/>\nSi nous faisons du cas de Diomi Ndongala est un cas isol\u00e9, nous n\u2019allons pas facilement comprendre que la guerre de basse intensit\u00e9 se m\u00e8ne sur plusieurs plans. Il y a le plan des viols, il y a le plan des arrestations arbitraires, il y a le plan de la conduite de nos compatriotes \u00e0 ce mouroir qu\u2019on appelle prison de Makala\u2026 Tous les compatriotes qui essaient de r\u00e9sister contre cette entreprise de destruction de notre pays sont vite criminalis\u00e9s et mis de c\u00f4t\u00e9. <\/p><\/blockquote>\n<p><strong>Sur le changement du chef d\u2019accusation contre Diomi Ndongala (au d\u00e9part viol, maintenant conspiration contre le r\u00e9gime de Kabila)<\/strong><\/p>\n<blockquote><p>C\u2019est un t\u00e9moignage du th\u00e9\u00e2tre de mauvais go\u00fbt mont\u00e9 par ces criminels de guerre. N\u2019oublions pas que ces gens l\u00e0, \u00e0 la t\u00eate du pays, sont impliqu\u00e9s dans des assassinats, meurtres et g\u00e9nocide congolais depuis les ann\u00e9es 1990. Ils instrumentalisent la justice pour pouvoir arr\u00eater les dignes filles et fils de notre peuple, en essayant d\u2019inventer des coups d\u2019Etat, des viols imaginaires alors que ces m\u00eames gens sont en train aujourd\u2019hui de dialoguer avec un groupe terroriste soutenu par le Rwanda, le M23. Donc, au m\u00eame moment qu\u2019ils n\u00e9gocient avec des terroristes qui font partie de leur majorit\u00e9 pr\u00e9sidentielle, ils conduisent les dignes filles et fils du Congo au mouroir de Makala.<br \/>\nIls ont b\u00e2ti leur r\u00e9gime sur le mensonge, la fraude et les tricheries. Ils ne peuvent pas se d\u00e9partir de cette voie sur laquelle ils se sont engag\u00e9s depuis qu\u2019ils sont venus chez nous. Ces derniers \u00e9v\u00e8nements montrent toutefois que ce r\u00e9gime a tr\u00e8s tr\u00e8s peur. Ils ont tr\u00e8s peur des dignes filles et fils du Congo qui veulent prot\u00e9ger la terre et le patrimoine qu\u2019on leur a l\u00e9gu\u00e9s. C\u2019est l\u00e0, l\u2019enjeu de la guerre de basse intensit\u00e9 : ravir aux congolais leur patrimoine commun, cette terre qui regorge des richesses fabuleuses et est un petit paradis au c\u0153ur de l\u2019Afrique.<\/p><\/blockquote>\n<p><strong>Sur la manifestation congolaise devant le minist\u00e8re belge des affaires \u00e9trang\u00e8res, le 13 avril 2013<\/strong><\/p>\n<blockquote><p>Se mettre debout est toujours important. Se mettre debout pour crier notre indignation, pour montrer que malgr\u00e9 l\u2019arrestation de Diomi, il y a des compatriotes qui se l\u00e8vent pour dire non. L\u2019occident soutient le r\u00e9gime de Kinshasa, mais il ne faut pas oublier que lorsque ce soutien est d\u00e9cri\u00e9, il est mis \u00e0 nu. Parce qu\u2019il y a une coop\u00e9ration entre la Belgique et le Congo, il est important que les belges d\u2019origine congolaise puissent crier leurs d\u00e9sapprobation et col\u00e8re en face de qui de droit.<br \/>\nNous ne devons pas oublier un seul instant que la guerre de basse intensit\u00e9 qui s\u00e9vit chez nous est aussi la guerre de la politique et de la justice internationale. Il y a une complicit\u00e9 \u00e0 haut niveau de la communaut\u00e9 internationale dans cette guerre de basse intensit\u00e9 au Congo. <\/p><\/blockquote>\n<p><strong>Sur le syst\u00e8me judiciaire au Congo<\/strong><\/p>\n<blockquote><p>Nous ne pouvons rien en esp\u00e9rer. C\u2019est un syst\u00e8me fond\u00e9 sur le mensonge, le vol et la corruption parce qu\u2019on y fait du business. Ce qu\u2019il nous faut, c\u2019est une refondation d\u2019un Etat de droit d\u00e9mocratique. Mais on ne peut pas refonder un Etat de droit d\u00e9mocratique avec des criminels de guerre et des r\u00e9seaux transnationaux de pr\u00e9dation. Tous ces gens doivent \u00eatre mis hors d\u2019\u00e9tat de nuire et r\u00e9pondre de leurs crimes. Nous devrions ensuite nous doter d\u2019institutions fortes, respectueuses de la dignit\u00e9 humaine et anim\u00e9es par des dignes filles et fils du Congo. <\/p><\/blockquote>\n<p><strong>Sur l\u2019enjeu du leadership collectif <\/strong><\/p>\n<blockquote><p>Les efforts d\u00e9ploy\u00e9s par un certain discours tribaliste et s\u00e9paratiste ne contribuent pas \u00e0 l\u2019\u00e9dification d\u2019un Etat de droit d\u00e9mocratique au Congo. C\u2019est la raison pour laquelle il nous faut un leadership unificateur et collectif qui est tout simplement un ensemble de dignes filles et fils du Congo, travaillant dans les diff\u00e9rents domaines du savoir (\u00e9conomique, financier, politique, social). Cet ensemble formant un cercle de pouvoir au sein duquel peuvent \u00e9merger les dirigeants de demain. Demain, quand nous aurons \u00e0 refonder un Etat de droit d\u00e9mocratique, il faudrait que nous soyons d\u00e9j\u00e0 pr\u00e9par\u00e9s \u00e0 pouvoir assumer ces diff\u00e9rentes charges. Et nous n\u2019y arriverons pas en allant en ordre dispers\u00e9 \u00e0, ce qu\u2019on appelle chez nous, l\u2019\u00e9lection. Nous y arrivons en \u00e9tant pr\u00e9voyant, en cr\u00e9ant des cercles de pouvoir, en essayant de travailler le plus possible ensemble, en essayant d\u2019\u00e9viter les divisions qui constituent des br\u00e8ches dans lesquelles s\u2019ins\u00e8rent les partisans de \u00ab diviser pour mieux r\u00e9gner \u00bb. <\/p><\/blockquote>\n<p><strong>Sur l\u2019interpellation de Tshisekedi par les congolais<\/strong><\/p>\n<blockquote><p>M. Etienne Tshisekedi est un acteur politique. En tant que tel, ses prises de position doivent \u00eatre critiqu\u00e9es. Il ne doit pas faire exception. Il peut arriver que les critiques manquent de fondements, c\u2019est alors \u00e0 lui, \u00e0 son parti, ses collaborateurs de pouvoir expliciter ses prises de position. Et n\u2019oublions qu\u2019il arrive que ce groupe de pseudo-intellectuels travaillant pour la politique du \u2018diviser pour mieux r\u00e9gner \u00bb  puisse vers dans un discours tribaliste et ethniciste qui n\u2019a rien \u00e0 voir avec les critiques d\u2019un acteur politique de premier plan comme  Etienne Tshisekedi. Cependant, en tant qu\u2019acteur politique de premier plan, il doit s\u2019habituer \u00e0 \u00eatre critiqu\u00e9 et \u00e0 d\u00e9fendre sur la place publique ses points de vue. <\/p><\/blockquote>\n<p><strong>Sur la mis\u00e8re et l\u2019\u00e9mergence des groupes arm\u00e9es<\/strong><\/p>\n<blockquote><p>Ce qui favorise l\u2019\u00e9mergence de groupes arm\u00e9s au Congo, c\u2019est aussi la mis\u00e8re anthropologique. C\u2019est une mis\u00e8re \u00e0 la fois \u00e9conomique, politique, sociale, spirituelle et culturelle. Cela peut \u00eatre aussi la mis\u00e8re mat\u00e9rielle, qui r\u00e9sulte du manque de justice redistributive. Nous vivons dans un pays immens\u00e9ment riche o\u00f9 une \u00e9lite compradore essaie de s\u2019emparer de 99% des richesses de ce pays et laisse le 1% au 99% de la population.<br \/>\nCes mis\u00e8res peuvent devenir le vivier des groupes terroristes qui luttent pour pouvoir avoir leur part dans la distribution des richesses.<br \/>\nMais la mis\u00e8re peut \u00eatre aussi une fabrication du syst\u00e8me qui cherche \u00e0 appauvrir les masses populaires au profit d\u2019un r\u00e9seau national et transnational de pr\u00e9dation. C\u2019est aussi cela qui est en train de se passer chez nous. L\u2019installation du syst\u00e8me ultra-lib\u00e9ral au Congo cr\u00e9e de la mis\u00e8re, cr\u00e9e la guerre et la permanence de la guerre favorise l\u2019installation permanente de ce syst\u00e8me ultra lib\u00e9ral.<\/p><\/blockquote>\n<p><strong>Sur le M23 et la permanence de la guerre au Congo<\/strong><\/p>\n<blockquote><p>Le M23 et la future brigade d\u2019intervention de l\u2019ONU sont co-g\u00e9r\u00e9s par les joueurs de billards, les acteurs pl\u00e9niers, qui travaillent avec tous ces mouvements l\u00e0 et qui aident le M23 \u00e0 avoir son discours et ses obligeances pour pouvoir justifier ce qui va se passer apr\u00e8s, \u00e0 savoir la poursuite et la permanence de la guerre. Et, par cons\u00e9quence, la poursuite du pillage des mati\u00e8res premi\u00e8res de notre pays. Pour que cette guerre qui profite aux multinationales continue, il faut qu\u2019il y ait des affrontements permanents entre les diff\u00e9rents groupes de criminels de guerre qui s\u00e9vissent \u00e0 l\u2019Est du Congo. Cela permet aussi \u00e0 cette brigade d\u2019attaquer ce qu\u2019elle nomme les forces n\u00e9gatives sans discrimination : ainsi tous les groupes de r\u00e9sistants congolais sont class\u00e9s parmi les forces n\u00e9gatives. <\/p><\/blockquote>\n<p><strong>Sur Margaret Thatcher, l\u2019ultralib\u00e9ralisme et le Congo<\/strong><\/p>\n<blockquote><p>Pour Margaret Thatcher, un mouvement de r\u00e9sistance est un mouvement terroriste. Ce qui se passe dans notre pays, c\u2019est \u00e0 peu pr\u00e8s pareil. Toute la r\u00e9sistance congolaise contre l\u2019occupation et la pr\u00e9dation qui s\u00e9vit chez nous est consid\u00e9r\u00e9e comme un mouvement terroriste. C\u2019est ainsi que se comportent les partisans de l\u2019ultralib\u00e9ralisme.<br \/>\nPour instituer les m\u00e9canismes de l\u2019ultralib\u00e9ralisme, il faut criminaliser toute  r\u00e9sistance contre ce syst\u00e8me. Thatcher et Reagan \u00e9taient les dignes \u00e9l\u00e8ves de l\u2019ultralib\u00e9raliste Milton Friedman. Si nous n\u2019avons pas tout cela en t\u00eate, il nous sera difficile de comprendre pourquoi cette dame s\u2019en \u00e9tait prise \u00e0 l\u2019ANC en Afrique du Sud. Le fonctionnement optimum du syst\u00e8me capitaliste et financier s\u2019appuie sur la criminalisation des d\u00e9fenseurs de la dignit\u00e9 humaine, la criminalisation de d\u00e9fenseurs de la souverainet\u00e9 et de l\u2019ind\u00e9pendance des peuples. <\/p><\/blockquote>\n","protected":false},"excerpt":{"rendered":"<p>L\u2019analyste politique jean-Pierre Mbelu d\u00e9crypte le m\u00e9canisme de d\u00e9nigrement et de destruction psychologique du peuple congolais, \u00e0 travers notamment le cas de Diomi Ndongala, expose les enjeux de la fabrication de la mis\u00e8re au Congo et explique pourquoi nous devons imp\u00e9rativement travailler \u00e0 un leadership collectif, d\u00e8s maintenant. Sur l\u2019enl\u00e8vement d\u2019Eugene Diomi Ndongala par la [&hellip;]<\/p>\n","protected":false},"author":1,"featured_media":5261,"comment_status":"open","ping_status":"open","sticky":false,"template":"","format":"standard","meta":{"_acf_changed":false,"content-type":"","footnotes":""},"categories":[107,124],"tags":[],"class_list":["post-5260","post","type-post","status-publish","format-standard","has-post-thumbnail","hentry","category-analyses-commentaires","category-politique-societe"],"acf":[],"_links":{"self":[{"href":"https:\/\/congolobilelo.com\/IN\/wp-json\/wp\/v2\/posts\/5260","targetHints":{"allow":["GET"]}}],"collection":[{"href":"https:\/\/congolobilelo.com\/IN\/wp-json\/wp\/v2\/posts"}],"about":[{"href":"https:\/\/congolobilelo.com\/IN\/wp-json\/wp\/v2\/types\/post"}],"author":[{"embeddable":true,"href":"https:\/\/congolobilelo.com\/IN\/wp-json\/wp\/v2\/users\/1"}],"replies":[{"embeddable":true,"href":"https:\/\/congolobilelo.com\/IN\/wp-json\/wp\/v2\/comments?post=5260"}],"version-history":[{"count":0,"href":"https:\/\/congolobilelo.com\/IN\/wp-json\/wp\/v2\/posts\/5260\/revisions"}],"wp:featuredmedia":[{"embeddable":true,"href":"https:\/\/congolobilelo.com\/IN\/wp-json\/"}],"wp:attachment":[{"href":"https:\/\/congolobilelo.com\/IN\/wp-json\/wp\/v2\/media?parent=5260"}],"wp:term":[{"taxonomy":"category","embeddable":true,"href":"https:\/\/congolobilelo.com\/IN\/wp-json\/wp\/v2\/categories?post=5260"},{"taxonomy":"post_tag","embeddable":true,"href":"https:\/\/congolobilelo.com\/IN\/wp-json\/wp\/v2\/tags?post=5260"}],"curies":[{"name":"wp","href":"https:\/\/api.w.org\/{rel}","templated":true}]}}