{"id":5239,"date":"2013-04-07T21:36:12","date_gmt":"2013-04-07T21:36:12","guid":{"rendered":"http:\/\/www.ingeta.com\/?p=5239"},"modified":"2013-04-07T21:36:12","modified_gmt":"2013-04-07T21:36:12","slug":"la-rdc-face-au-complot-de-balkanisation-et-dimplosion","status":"publish","type":"post","link":"https:\/\/congolobilelo.com\/IN\/la-rdc-face-au-complot-de-balkanisation-et-dimplosion\/","title":{"rendered":"La RDC face au complot de balkanisation et d\u2019implosion"},"content":{"rendered":"<p>\t\t\t\t<strong>La R\u00e9publique D\u00e9mocratique du Congo face au complot de balkanisation et d\u2019implosion (Kinshasa, Icredes, 2013, 416 p.)<\/strong><\/p>\n<p>Ce livre est une mine d\u2019informations et d\u2019enseignements sur le <em>modus operandi<\/em> des r\u00e9seaux mafieux\u00a0 nationaux et transnationaux orchestrant le chaos pour avoir la mainmise sur notre patrimoine collectif.<\/p>\n<p>Ce processus est tellement avanc\u00e9 qu\u2019avec des preuves \u00e0 l\u2019appui, les auteurs de ce livre collectif, attirent l\u2019attention de leurs compatriotes sur \u00ab\u00a0la\u00a0 d\u00e9cadence et la disparition du Congolais comme peuple historique\u00a0\u00bb.\u00a0 En plus\u00a0 de l\u2019appropriation des ressources naturelles par les multinationales facilit\u00e9e par la guerre de\u00a0 basse intensit\u00e9 s\u00e9vissant en RDC, l\u2019<em>agencification<\/em>\u00a0 internationale de notre pays et de\u00a0 ses instances gouvernantes prouve \u00e0 quel point\u00a0 notre\u00a0 disparition programm\u00e9e avance\u00a0 \u00e0 pas de g\u00e9ant.<\/p>\n<p>N\u00e9anmoins, relever le d\u00e9fi reste encore possible. Les auteurs de ce livre proposent quelques pistes r\u00e9alistes \u00e0 ce sujet. <strong><em>La R\u00e9publique<\/em><\/strong><strong><em> D\u00e9mocratique<\/em><\/strong><strong><em> du Congo face au complot de balkanisation et d\u2019implosion <\/em><\/strong>est un livre \u00e0 lire et \u00e0 faire lire. Il vient\u00a0 contribuer, \u00e0 sa mani\u00e8re, \u00a0\u00e0 la lutte contre l\u2019ignorance crasse, frein \u00e0 toute lutte responsable d\u2019\u00e9mancipation vis-\u00e0-vis des forces de la mort.<\/p>\n<p>&nbsp;<\/p>\n<p><strong>O\u00f9 le trouver en Belgique\u00a0? Contacter\u00a0 Mbelu\u00a0 Babanya Kabudi<\/strong>\u00a0 <strong>(0032.494.69.58.55)<\/strong>\t\t<\/p>\n","protected":false},"excerpt":{"rendered":"<p>La R\u00e9publique D\u00e9mocratique du Congo face au complot de balkanisation et d\u2019implosion (Kinshasa, Icredes, 2013, 416 p.) Ce livre est une mine d\u2019informations et d\u2019enseignements sur le modus operandi des r\u00e9seaux mafieux\u00a0 nationaux et transnationaux orchestrant le chaos pour avoir la mainmise sur notre patrimoine collectif. Ce processus est tellement avanc\u00e9 qu\u2019avec des preuves \u00e0 [&hellip;]<\/p>\n","protected":false},"author":1,"featured_media":5240,"comment_status":"open","ping_status":"open","sticky":false,"template":"","format":"standard","meta":{"_acf_changed":false,"content-type":"","footnotes":""},"categories":[122,124,162],"tags":[],"class_list":["post-5239","post","type-post","status-publish","format-standard","has-post-thumbnail","hentry","category-news-alertes","category-politique-societe","category-rd-congo"],"acf":[],"_links":{"self":[{"href":"https:\/\/congolobilelo.com\/IN\/wp-json\/wp\/v2\/posts\/5239","targetHints":{"allow":["GET"]}}],"collection":[{"href":"https:\/\/congolobilelo.com\/IN\/wp-json\/wp\/v2\/posts"}],"about":[{"href":"https:\/\/congolobilelo.com\/IN\/wp-json\/wp\/v2\/types\/post"}],"author":[{"embeddable":true,"href":"https:\/\/congolobilelo.com\/IN\/wp-json\/wp\/v2\/users\/1"}],"replies":[{"embeddable":true,"href":"https:\/\/congolobilelo.com\/IN\/wp-json\/wp\/v2\/comments?post=5239"}],"version-history":[{"count":0,"href":"https:\/\/congolobilelo.com\/IN\/wp-json\/wp\/v2\/posts\/5239\/revisions"}],"wp:featuredmedia":[{"embeddable":true,"href":"https:\/\/congolobilelo.com\/IN\/wp-json\/"}],"wp:attachment":[{"href":"https:\/\/congolobilelo.com\/IN\/wp-json\/wp\/v2\/media?parent=5239"}],"wp:term":[{"taxonomy":"category","embeddable":true,"href":"https:\/\/congolobilelo.com\/IN\/wp-json\/wp\/v2\/categories?post=5239"},{"taxonomy":"post_tag","embeddable":true,"href":"https:\/\/congolobilelo.com\/IN\/wp-json\/wp\/v2\/tags?post=5239"}],"curies":[{"name":"wp","href":"https:\/\/api.w.org\/{rel}","templated":true}]}}