{"id":5171,"date":"2013-03-11T17:33:55","date_gmt":"2013-03-11T17:33:55","guid":{"rendered":"http:\/\/www.ingeta.com\/?p=5171"},"modified":"2013-03-11T17:33:55","modified_gmt":"2013-03-11T17:33:55","slug":"jean-pierre-mbelu-il-y-a-un-plan-bien-orchestre-pour-limplosion-du-congo","status":"publish","type":"post","link":"https:\/\/congolobilelo.com\/IN\/jean-pierre-mbelu-il-y-a-un-plan-bien-orchestre-pour-limplosion-du-congo\/","title":{"rendered":"M. Mbelu : &#8220;Il y a un plan bien orchestr\u00e9 pour l\u2019implosion du Congo&#8221;"},"content":{"rendered":"<p>\t\t\t\tL\u2019analyste politique Jean-Pierre Mbelu d\u00e9crypte les derniers faits de la th\u00e9\u00e2tralisation de la guerre de basse intensit\u00e9 au Congo (avec la fausse dissension au sein du M23 et son rapprochement avec Kabila), explique pourquoi Kabila, Museveni, Kagam\u00e9 et leurs parrains vont poursuivre leurs plans d\u2019implosion du Congo et incite, au lendemain de la mort de Chavez, \u00e0 se d\u00e9faire de l\u2019h\u00e9g\u00e9monie culturelle et intellectuelle dominante et de nos complexes vis-\u00e0-vis des occidentaux.<\/p>\n<p><iframe loading=\"lazy\" src=\"http:\/\/www.youtube.com\/embed\/dgzbTwFQ1zc\" frameborder=\"0\" width=\"560\" height=\"315\"><\/iframe><\/p>\n<p><strong>Sur les dissensions au sein du M23<\/strong><\/p>\n<blockquote><p>Tout va bien entre les deux factions du M23.Tous ces mouvements pro-rwandais, depuis l\u2019AFDL, nous ont habitu\u00e9 \u00e0 ce genre de th\u00e9\u00e2tres, con\u00e7us par des experts. Ces deux factions font sembler de s\u2019opposer et en profitent pour exterminer les congolais, comme \u00e0 Kitchanga r\u00e9cemment. Leur proc\u00e9dure est la suivante : Faire semblant de s\u2019opposer, th\u00e9\u00e2traliser cette opposition, puis passer au massacre et au g\u00e9nocide des congolais.<br \/>\nLe fait que le gouvernement usurpateur ait accept\u00e9 d\u2019organiser un dialogue avec le M23 a permis aux infiltr\u00e9s rwandais du M23 de rester sur notre territoire pour poursuivre le travail d\u2019implosion du Congo et d\u2019extermination des congolais ; mais aussi de pillage de nos mati\u00e8res premi\u00e8res strat\u00e9giques au profit du Rwanda et de ses parrains anglo-saxons.<\/p><\/blockquote>\n<p><strong>Sur le retrait de l\u2019arm\u00e9e congolaise de Rutshuru et le plan d\u2019occupation du pays<\/strong><\/p>\n<blockquote><p>Nos militaires ne semblent pas comprendre grand-chose \u00e0 ce qui se passe r\u00e9ellement. Kabila, Museveni et Kagam\u00e9 ont un plan qu\u2019ils sont en train de r\u00e9aliser petit \u00e0 petit. Ils ont une mission pr\u00e9cise : Exterminer les Congolais pour pouvoir occuper les territoires de l\u2019Est du Congo. Mais ils ne vont pas s\u2019arr\u00eater en si bon chemin. Parce qu\u2019ils se sont rendus compte qu\u2019avec quelques congolais corrompus et achetables \u00e0 moindre prix, ils sont capables d\u2019occuper tout le pays. Ils ne renonceront \u00e0 ce plan que si les masses populaires congolaises d\u00e9cident d\u2019arr\u00eater ce jeu l\u00e0. Parce qu\u2019eux, avec le soutien de leurs parrains et des multinationales occidentaux ne vont pas arr\u00eater d\u2019eux-m\u00eames.<\/p><\/blockquote>\n<p><strong>Sur la signature par Kabila d\u2019un accord avec le M23<\/strong><\/p>\n<blockquote><p>Il n\u2019y a pas de bon ou mauvais M23. Tout cela participe de la th\u00e9\u00e2tralisation de la guerre de basse intensit\u00e9 qui poursuit le g\u00e9nocide congolais, avec malheureusement l\u2019aval de certains d\u2019entre nous qui ont vendu leur c\u0153ur et leur esprit.<br \/>\nLa politique de Kabila et de ses parrains est de subdiviser au maximum les factions qui travaillent avec le pouvoir usurpateur de Kinshasa pour qu\u2019il y ait toujours une faction en attente de n\u00e9gociation, c&#8217;est-\u00e0-dire en attente d\u2019une insertion officielle dans les institutions congolaises.<br \/>\nAu Congo, ceux qui luttent les mains nues sont trait\u00e9s comme des b\u00eates sauvages : Regardez le sort r\u00e9serv\u00e9 \u00e0 ceux qui ont commis comme seul crime d\u2019aller chercher leur leader \u00e0 l\u2019a\u00e9roport le 10 mars 2013.<\/p><\/blockquote>\n<p><strong>Sur la d\u00e9nonciation de l\u2019accord d\u2019Addis-Abeba par un groupe d\u2019intellectuels<\/strong><\/p>\n<blockquote><p>Contrairement \u00e0 ce que certains d\u2019entre nous pensent, il y a des minorit\u00e9s organis\u00e9es, \u00e0 l\u2019ext\u00e9rieur et \u00e0 l\u2019int\u00e9rieur du Congo qui se battent et ne restent pas les bras crois\u00e9s pendant que les \u00e9lites compradores politiciennes sont en train de vendre le pays. Il est maintenant important d\u2019aller au-del\u00e0 de la d\u00e9nonciation et de faire des propositions concr\u00e8tes pour la reprise de notre souverainet\u00e9 nationale.<\/p><\/blockquote>\n<p><strong>Sur le plan d\u2019implosion de la RD Congo<\/strong><\/p>\n<blockquote><p>Quand Johnnie Carson a affirm\u00e9 que les USA allaient aider le Congo comme ils l\u2019ont fait en ex-Yougoslavie et au Soudan, apr\u00e8s qu\u2019Herman Cohen ait dit qu\u2019au d\u00e9partement d\u2019Etat am\u00e9ricain, le Nord Kivu appartenait au Rwanda, apr\u00e8s que Ban Ki-Moon se soit tromp\u00e9 \u00e0 l\u2019assembl\u00e9e g\u00e9n\u00e9rale de l\u2019ONU en appelant M. Kagam\u00e9, pr\u00e9sident de la r\u00e9publique d\u00e9mocratique du Congo, tous ces faits l\u00e0 ne mentent pas : Il y a un plan bien orchestr\u00e9 pour l\u2019implosion du Congo.<br \/>\nTous les articles qui reviennent sur ces questions l\u00e0 doivent \u00eatre capitalis\u00e9s, \u00e9tudi\u00e9s et approfondis. Parce que ceux qui nous font la guerre ne reculent pas facilement sans avoir atteint leur r\u00e9sultat, sans avoir rencontr\u00e9 une r\u00e9sistance semblable \u00e0 ce qu\u2019ils rencontrent aujourd\u2019hui en Syrie. Et les am\u00e9ricains s\u2019en sont r\u00e9solus \u00e0 n\u00e9gocier avec la Russie en ce qui concerne la Syrie.<br \/>\nNous congolais, nous sommes seuls face \u00e0 des ennemis ext\u00e9rieurs et int\u00e9rieurs. Nous nous battons mains nues contre les grandes puissances en d\u00e9clin, et nous n\u2019avons aucun grand pays, aucune autre grande puissance qui vient \u00e0 notre secours. C\u2019est l\u00e0 notre malheur.<\/p><\/blockquote>\n<p><strong>Sur la distinction \u00e0 faire entre les int\u00e9r\u00eats du peuple congolais et ceux du gouvernement de Kinshasa<\/strong><\/p>\n<blockquote><p>Les rebellions et le pouvoir usurpateur de Kinshasa ont les m\u00eames int\u00e9r\u00eats qui sont, comme Anicet Mobe le dit, tout \u00e0 fait contraire \u00e0 ceux du peuple congolais. Quand le peuple congolais a cherch\u00e9, dans son immense majorit\u00e9, \u00e0 \u00e9lire celui qui pouvait garantir ses int\u00e9r\u00eats, son vote a \u00e9t\u00e9 d\u00e9tourn\u00e9.<\/p><\/blockquote>\n<p><strong>Sur le memorandum de la CENCO adress\u00e9 \u00e0 Kabila<\/strong><\/p>\n<blockquote><p>L\u2019analyse est tr\u00e8s profonde mais interpelle. Il me semble contradictoire que la CENCO d\u00e9signe Kabila comme \u00e9tant le pr\u00e9sident du Congo. Est-ce que cette CENCO ne serait pas entrain de trahir la v\u00e9rit\u00e9 et la justice au nom de je ne sais quel r\u00e9alisme ? Et puis quelles sont les marges de man\u0153uvre du comit\u00e9 permanent des \u00e9v\u00eaques congolais et de la CENCO qui leur permettraient de cr\u00e9er des barri\u00e8res pour que le pouvoir usurpateur actuel ne puisse pas trouver des arrangements pour modifier l\u2019article 220?<\/p><\/blockquote>\n<p><strong>Sur l\u2019intervention de Kengo dans une commission du parlement belge<\/strong><\/p>\n<blockquote><p>Kengo a toujours \u00e9t\u00e9 chez nous, dans les fonctions qu\u2019il a occup\u00e9es, comme le l\u00e9gat du monde ext\u00e9rieur qu\u2019on appelle abusivement la communaut\u00e9 internationale. Les pays europ\u00e9ens sont au bout du rouleau et ne jouissent plus de leur souverainet\u00e9. La th\u00e9\u00e2tralisation politique dont nous parlons au Congo est aussi une r\u00e9alit\u00e9 politique dans plusieurs pays europ\u00e9ens. Et cela pour donner l\u2019impression qu\u2019ici, \u00e7a va mieux. La Belgique et ces pays n\u2019ont pas de le\u00e7on \u00e0 donner au Congo. Nous ne devons pas \u00eatre complex\u00e9s par tout ce th\u00e9\u00e2tre, c\u2019est de la mise en sc\u00e8ne qui ne sert plus \u00e0 rien.<\/p><\/blockquote>\n<p><strong>Sur le retour de Tshisekedi \u00e0 Kinshasa, le 10 mars 2013<\/strong><\/p>\n<blockquote><p>Un homme politique de la trempe de Tshisekedi qui revient dans son propre pays, apr\u00e8s un voyage \u00e0 l\u2019ext\u00e9rieur et qui ne peut m\u00eame pas \u00eatre accueilli par les membres de son parti politique. Pourquoi ? Parce qu\u2019on pr\u00e9tend que l\u2019accueillir serait perturber l\u2019ordre public et on en profite pour taper sur les militants, les arr\u00eater et les enlever. Ce sont des pratiques de criminels. On nous a fait croire que ces criminels pouvaient se transformer en hommes d\u2019Etat mais ils n\u2019ont jamais appris ce que signifie faire de la politique. Ils n\u2019entendent aucun autre langage que le langage des armes. La politique, ce n\u2019est pas l\u2019art du recours aux armes, c\u2019est l\u2019art du recours \u00e0 ce qui nous distingue des b\u00eates sauvages, c\u2019est l\u2019art du recours au langage et au d\u00e9bat pour pouvoir \u00e9difier la cit\u00e9. Le recours aux armes ne peut \u00eatre permis quand dans un cas de l\u00e9gitime d\u00e9fense. Si le recours aux armes se fait sans cas de l\u00e9gitime d\u00e9fense chez nous, cela confirme le fait qu\u2019ils sont des usurpateurs et ont peur que le peuple ne puisse prendre le pouvoir en pl\u00e9biscitant l\u2019homme qu\u2019il a \u00e9lu, malgr\u00e9 le chaos des \u00e9lections bidon de 2011.<\/p><\/blockquote>\n<p><strong>Sur la mort d\u2019Hugo Chavez et la position des occidentaux<\/strong><\/p>\n<blockquote><p>Pourquoi voulez que l\u2019occident puisse pl\u00e9bisciter Chavez ? L\u2019Occident lutte contre la d\u00e9mocratie que nombre d\u2019entre eux a c\u00e9d\u00e9 aux march\u00e9s financiers. Comment voulez-vous qu\u2019un monsieur qui redistribu\u00e9 les dollars gagn\u00e9s par la vente du p\u00e9trole en les mettant au service de l\u2019\u00e9ducation, de la sant\u00e9 et du logement et des communes, comment voulez-vous qu\u2019un monsieur qui a aid\u00e9 son peuple \u00e0 pratiquer la d\u00e9mocratie participative puisse \u00eatre support\u00e9 par des gouvernements qui n\u2019ont rien \u00e0 voir avec leurs populations ?<br \/>\nLes critiques des occidentaux n\u2019ont pas de fondements. Quand on analyse le parcours de Chavez, on peut voir qu\u2019il y a des failles, mais ce monsieur a r\u00e9ussi \u00e0 lutter contre l\u2019analphab\u00e9tisme, contre la pauvret\u00e9, ce sont des faits. Il ne faut oublier que pendant longtemps, l\u2019Am\u00e9rique latine \u00e9tait consid\u00e9r\u00e9e comme une cour des USA et que l\u2019Union Europ\u00e9enne est une colonie am\u00e9ricaine. Donc, l\u2019Union europ\u00e9enne ne peut pas tenir un discours diff\u00e9rent de celui que tient son ma\u00eetre am\u00e9ricain.<br \/>\nIl ne faut pas oublier que le poids de l\u2019h\u00e9g\u00e9monie culturelle est trop lourd. Nous avons \u00e9t\u00e9 \u00e9duqu\u00e9s depuis l\u2019\u00e9cole primaire, jusqu\u2019\u00e0 l\u2019universit\u00e9 dans cette h\u00e9g\u00e9monie culturelle occidentale. Quand, je parle des minorit\u00e9s organis\u00e9es et agissantes, je fais r\u00e9f\u00e9rence \u00e0 nos compatriotes qui ont compris qu\u2019il fallait avoir du recul avec cette pens\u00e9e dominante occidentale\u2026 Nous avons int\u00e9r\u00eat \u00e0 red\u00e9couvrir nos intellectuels africains mais aussi \u00e0 aller vers ces citoyens du monde qui abattent un travail titanesque dans l\u2019approfondissement des modes de fonctionnement de leurs soci\u00e9t\u00e9s.<\/p><\/blockquote>\n<p>&nbsp;\t\t<\/p>\n","protected":false},"excerpt":{"rendered":"<p>L\u2019analyste politique Jean-Pierre Mbelu d\u00e9crypte les derniers faits de la th\u00e9\u00e2tralisation de la guerre de basse intensit\u00e9 au Congo (avec la fausse dissension au sein du M23 et son rapprochement avec Kabila), explique pourquoi Kabila, Museveni, Kagam\u00e9 et leurs parrains vont poursuivre leurs plans d\u2019implosion du Congo et incite, au lendemain de la mort de [&hellip;]<\/p>\n","protected":false},"author":1,"featured_media":5172,"comment_status":"open","ping_status":"open","sticky":false,"template":"","format":"standard","meta":{"_acf_changed":false,"content-type":"","footnotes":""},"categories":[107,120,124],"tags":[],"class_list":["post-5171","post","type-post","status-publish","format-standard","has-post-thumbnail","hentry","category-analyses-commentaires","category-mondialisation","category-politique-societe"],"acf":[],"_links":{"self":[{"href":"https:\/\/congolobilelo.com\/IN\/wp-json\/wp\/v2\/posts\/5171","targetHints":{"allow":["GET"]}}],"collection":[{"href":"https:\/\/congolobilelo.com\/IN\/wp-json\/wp\/v2\/posts"}],"about":[{"href":"https:\/\/congolobilelo.com\/IN\/wp-json\/wp\/v2\/types\/post"}],"author":[{"embeddable":true,"href":"https:\/\/congolobilelo.com\/IN\/wp-json\/wp\/v2\/users\/1"}],"replies":[{"embeddable":true,"href":"https:\/\/congolobilelo.com\/IN\/wp-json\/wp\/v2\/comments?post=5171"}],"version-history":[{"count":0,"href":"https:\/\/congolobilelo.com\/IN\/wp-json\/wp\/v2\/posts\/5171\/revisions"}],"wp:featuredmedia":[{"embeddable":true,"href":"https:\/\/congolobilelo.com\/IN\/wp-json\/"}],"wp:attachment":[{"href":"https:\/\/congolobilelo.com\/IN\/wp-json\/wp\/v2\/media?parent=5171"}],"wp:term":[{"taxonomy":"category","embeddable":true,"href":"https:\/\/congolobilelo.com\/IN\/wp-json\/wp\/v2\/categories?post=5171"},{"taxonomy":"post_tag","embeddable":true,"href":"https:\/\/congolobilelo.com\/IN\/wp-json\/wp\/v2\/tags?post=5171"}],"curies":[{"name":"wp","href":"https:\/\/api.w.org\/{rel}","templated":true}]}}