{"id":5156,"date":"2013-03-08T08:46:34","date_gmt":"2013-03-08T08:46:34","guid":{"rendered":"http:\/\/www.ingeta.com\/?p=5156"},"modified":"2013-03-08T08:46:34","modified_gmt":"2013-03-08T08:46:34","slug":"kitchanga-crimes-commis-par-les-fardc-silence-coupable-de-kinshasa","status":"publish","type":"post","link":"https:\/\/congolobilelo.com\/IN\/kitchanga-crimes-commis-par-les-fardc-silence-coupable-de-kinshasa\/","title":{"rendered":"Kitchanga: Crimes commis par les FARDC, silence coupable de Kinshasa"},"content":{"rendered":"<p>\t\t\t\t<em>Par Pascal Mugaruka, pr\u00e9sident de Africa Reconciled (AR).<\/em><\/p>\n<p>Les Forces Arm\u00e9es de la R\u00e9publique D\u00e9mocratique du Congo n\u2019avaient pas l\u2019intention de laisser de quartier \u00e0 Kitchanga. Les affrontements ayant oppos\u00e9 le 27 et 28 f\u00e9vrier 2013 les Forces Arm\u00e9es de la R\u00e9publique D\u00e9mocratique du Congo (FARDC) et l\u2019Arm\u00e9e du Peuple pour un Congo Libre et Souverain (APCLS) dans la cit\u00e9 de Kitchanga, groupement Bashali-Mokoto (en aval) et \u00e0 Bishusha (en amont) dans le Bwito respectivement dans le territoire de Masisi et dans le territoire de Rutshuru \u00e0 plus ou moins 90 km au Nord-Ouest de la Ville de Goma, chef lieu de la province du Nord-Kivu ont caus\u00e9 plusieurs d\u00e9g\u00e2ts sur le plan humain et mat\u00e9riels.<\/p>\n<p>Pour rappel, les affrontements ont commenc\u00e9 le mercredi 27 f\u00e9vrier 2013 \u00e0 5h, heure locale lorsque les \u00e9l\u00e9ments des APCLS s\u2019\u00e9taient vus disperser par les unit\u00e9s des FARDC du 812\u00e8me r\u00e9giment dirig\u00e9 par le Colonel Mudahunga alors qu\u2019ils allaient enterrer l\u2019un de leur chef assassin\u00e9 \u00e0 proximit\u00e9 du Camps de Kah\u00e9 \u00e0 c\u00f4t\u00e9 duquel se trouve install\u00e9 l\u2019Etat-Major du 812\u00e8me r\u00e9giment. Cela a constitu\u00e9 l\u2019\u00e9l\u00e9ment d\u00e9clencheur des affrontements entre les deux parties. En effet, selon les r\u00e9sultats de nos enqu\u00eates sur le terrain, les APCLS avaient d\u00e9j\u00e0 d\u00e9log\u00e9 les FARDC des coins strat\u00e9giques de la cit\u00e9 de Kitchanga l\u2019avant midi de ce mercredi 27 f\u00e9vrier 2013. En repr\u00e9sailles, les FARDC, ont commenc\u00e9 \u00e0 larguer les bombes et les obus dans les quartiers de la cit\u00e9 de Kitchanga sans distinction. Les premi\u00e8res qui auraient \u00e9t\u00e9 largu\u00e9es par les FARDC seraient celles qui auraient d\u00e9truits les Bureaux de M\u00e9decins Sans Fronti\u00e8re Hollande et de Bon enfance.<\/p>\n<p><img loading=\"lazy\" decoding=\"async\" class=\"alignnone size-full wp-image-5176\" title=\"Kitchanga1\" src=\"http:\/\/www.ingeta.com\/wp-content\/uploads\/2013\/03\/Kitchanga1.jpg\" alt=\"\" width=\"590\" height=\"393\" \/><\/p>\n<p><strong>Les crimes commis en violation du droit international humanitaire<\/strong><\/p>\n<p>Africa Reconciled a not\u00e9 des attaques contre les personnes et leurs biens pendant et apr\u00e8s les affrontements. La majorit\u00e9 de victimes de ces carnages sont les Hundes, les Nandes et les Hutus. Les FARDC et les APCLS se sont attaqu\u00e9s aux civils sur base de pr\u00e9somptions de leur appartenance ethnique et de leur connivence avec la partie bellig\u00e9rante.<\/p>\n<p><strong>Le bilan Humain<\/strong><\/p>\n<p>Plus de 120 personnes ont \u00e9t\u00e9 tu\u00e9es pendant ces affrontements. Une cat\u00e9gorie de victimes a \u00e9t\u00e9 tu\u00e9e \u00e0 balles r\u00e9elles, une deuxi\u00e8me cat\u00e9gorie de victimes a \u00e9t\u00e9 tu\u00e9e par des bombes, des obus des lances roquettes et une troisi\u00e8me cat\u00e9gorie de victimes a \u00e9t\u00e9 tu\u00e9e par l\u2019incendie dans leurs maisons. Les recherches pour trouver les corps dans les d\u00e9combres des maisons incendi\u00e9es continuent. Plusieurs bless\u00e9s sont accueillis dans les centres hospitaliers de Mweso et de CEBECCA Ndosho \u00e0 Goma. Certains bless\u00e9s graves ont \u00e9t\u00e9 \u00e9vacu\u00e9s par la MONUSCO vers Goma pour y recevoir les soins appropri\u00e9s.<\/p>\n<p><strong>Bilan mat\u00e9riel<\/strong><\/p>\n<p>Le bilan mat\u00e9riel est \u00e9norme. Le centre commercial de Kitchanga (H\u00f4tels, magasins, boutiques, pharmacies, restaurants) ont \u00e9t\u00e9 d\u00e9truits et incendi\u00e9s. Les quartiers Camp Sayo, Mberere et remblaie ont \u00e9t\u00e9 d\u00e9truits \u00e0 90%. Selon la Croix Rouge locale, plus de 256 maisons ont \u00e9t\u00e9 incendi\u00e9es \u00e0 l\u2019aide de l\u2019essence et 30 maisons ont \u00e9t\u00e9 d\u00e9truites ou endommag\u00e9es par des bombes et des obus largu\u00e9s sur la cit\u00e9 par les FARDC.<\/p>\n<p>Les bureaux des organisations humanitaires comme M\u00e9decin sans fronti\u00e8res Hollande, Bonenfance, la base de Heal Africa, le bureau de B\u00e2tir notre terre et le bureau de la Commission Nationale des R\u00e9fugi\u00e9s ont \u00e9t\u00e9 d\u00e9truits par des bombes et incendi\u00e9s.<\/p>\n<p><strong>Observation<\/strong><\/p>\n<p>Les \u00e9l\u00e9ments des APCLS se sont retrouv\u00e9s \u00e0 Kitchanga sur invitation de l\u2019Etat Major forces terrestres des FARDC pour leur int\u00e9gration dans l\u2019arm\u00e9e nationale. Selon les informations r\u00e9colt\u00e9es aupr\u00e8s des sources ind\u00e9pendantes, les combattants APCLS \u00e9taient entrain d\u2019\u00eatre enregistr\u00e9s et identifi\u00e9s par les services de la 8\u00e8me r\u00e9gion Militaire. Selon plusieurs sources contact\u00e9es par Congo Peace Network sur le terrain, certaines maisons ont \u00e9t\u00e9 incendi\u00e9es \u00e0 l\u2019aide de l\u2019essence par des personnes qui seraient pr\u00e9sum\u00e9es venir du camp de Kahe avec le soutien de certains militaires des FARDC apr\u00e8s que les APCLS se seraient retir\u00e9s de la cit\u00e9. Les FARDC sous le commandement du Colonel Mudahunga et son adjoint Lt. Colonel Muhire n\u2019avaient pas l\u2019intention de laisser des quartiers \u00e0 Kitchanga au regard du bilan sur le plan humain et mat\u00e9riel.<\/p>\n<p><img loading=\"lazy\" decoding=\"async\" class=\"alignnone size-full wp-image-5177\" title=\"Kitchanga3\" src=\"http:\/\/www.ingeta.com\/wp-content\/uploads\/2013\/03\/Kitchanga3.jpg\" alt=\"\" width=\"590\" height=\"393\" \/><\/p>\n<p>Au regard de tout ce qui pr\u00e9c\u00e8de nous rappelons que tous ces actes sont constitutifs des crimes de guerre et des cimes contre l\u2019humanit\u00e9 au regard des conventions de Gen\u00e8ve, du Statut de la Cour P\u00e9nale Internationale, du Code P\u00e9nal Congolais Militaire et des lois et coutumes internationales. Nous d\u00e9non\u00e7ons le silence coupable des autorit\u00e9s et leur inaction apr\u00e8s les crimes commis par les FARDC \u00e0 Kitchanga. AR invite le Gouvernement de la R\u00e9publique D\u00e9mocratique du Congo \u00e0 tirer toutes les cons\u00e9quences juridiques pour lutter contre l\u2019impunit\u00e9 de ces crimes commis par les membres de ses Forces Arm\u00e9es. A d\u00e9faut, il sera tenu responsable de leurs actes au nom de la responsabilit\u00e9 hi\u00e9rarchique.<\/p>\n<p>AR exige l\u2019arrestation du Colonel Mudahunga et de son adjoint le Colonel Muhire et leur mise \u00e0 la disposition de la justice militaire pour des raisons d\u2019enqu\u00eate. Nous condamne sans ambages les actes d\u2019attaques orient\u00e9s contre les civils et leurs biens \u00e0 Kitchanga en raison de leur appartenance ethnique ou id\u00e9ologique et rappel \u00e0 leurs auteurs que de tels actes constituent des violations graves des droits humains.<\/p>\n<p><em>Fait \u00e0 Goma, le 6 Mars 2013<\/em><br \/>\n<em> Pascal Mugaruka, Pr\u00e9sident.<\/em><\/p>\n<p>Web: <a href=\"http:\/\/www.africareconciled.org\/\">www.africareconciled.org<\/a><br \/>\nEmail: info@africareconciled.org\t\t<\/p>\n","protected":false},"excerpt":{"rendered":"<p>Par Pascal Mugaruka, pr\u00e9sident de Africa Reconciled (AR). Les Forces Arm\u00e9es de la R\u00e9publique D\u00e9mocratique du Congo n\u2019avaient pas l\u2019intention de laisser de quartier \u00e0 Kitchanga. Les affrontements ayant oppos\u00e9 le 27 et 28 f\u00e9vrier 2013 les Forces Arm\u00e9es de la R\u00e9publique D\u00e9mocratique du Congo (FARDC) et l\u2019Arm\u00e9e du Peuple pour un Congo Libre et [&hellip;]<\/p>\n","protected":false},"author":1,"featured_media":5178,"comment_status":"open","ping_status":"open","sticky":false,"template":"","format":"standard","meta":{"_acf_changed":false,"content-type":"","footnotes":""},"categories":[160,124,162],"tags":[],"class_list":["post-5156","post","type-post","status-publish","format-standard","has-post-thumbnail","hentry","category-nouvelles-front-est","category-politique-societe","category-rd-congo"],"acf":[],"_links":{"self":[{"href":"https:\/\/congolobilelo.com\/IN\/wp-json\/wp\/v2\/posts\/5156","targetHints":{"allow":["GET"]}}],"collection":[{"href":"https:\/\/congolobilelo.com\/IN\/wp-json\/wp\/v2\/posts"}],"about":[{"href":"https:\/\/congolobilelo.com\/IN\/wp-json\/wp\/v2\/types\/post"}],"author":[{"embeddable":true,"href":"https:\/\/congolobilelo.com\/IN\/wp-json\/wp\/v2\/users\/1"}],"replies":[{"embeddable":true,"href":"https:\/\/congolobilelo.com\/IN\/wp-json\/wp\/v2\/comments?post=5156"}],"version-history":[{"count":0,"href":"https:\/\/congolobilelo.com\/IN\/wp-json\/wp\/v2\/posts\/5156\/revisions"}],"wp:featuredmedia":[{"embeddable":true,"href":"https:\/\/congolobilelo.com\/IN\/wp-json\/"}],"wp:attachment":[{"href":"https:\/\/congolobilelo.com\/IN\/wp-json\/wp\/v2\/media?parent=5156"}],"wp:term":[{"taxonomy":"category","embeddable":true,"href":"https:\/\/congolobilelo.com\/IN\/wp-json\/wp\/v2\/categories?post=5156"},{"taxonomy":"post_tag","embeddable":true,"href":"https:\/\/congolobilelo.com\/IN\/wp-json\/wp\/v2\/tags?post=5156"}],"curies":[{"name":"wp","href":"https:\/\/api.w.org\/{rel}","templated":true}]}}