{"id":5146,"date":"2013-03-05T17:59:59","date_gmt":"2013-03-05T17:59:59","guid":{"rendered":"http:\/\/www.ingeta.com\/?p=5146"},"modified":"2013-03-05T17:59:59","modified_gmt":"2013-03-05T17:59:59","slug":"accord-de-addis-abeba-la-position-des-intellectuels-congolais","status":"publish","type":"post","link":"https:\/\/congolobilelo.com\/IN\/accord-de-addis-abeba-la-position-des-intellectuels-congolais\/","title":{"rendered":"Accord de Addis Abeba : La position des Intellectuels congolais"},"content":{"rendered":"<p>\t\t\t\t<em>Source: <a href=\"http:\/\/www.congoforum.be\/fr\/nieuwsdetail.asp?subitem=3&amp;newsid=192621&amp;Actualiteit=selected\">Le Potentiel<\/a>.<\/em><\/p>\n<p><strong>Le Collectif des Intellectuels Congolais (CIC) d\u00e9nonce l&#8217;accord d&#8217;Addis-Abeba et appelle \u00e0 la vigilance, solidarit\u00e9 et unit\u00e9 pour faire \u00e9chec au plan de Balkanisation du Pays.<\/strong><\/p>\n<p>Onze chefs d\u2019Etat africains ont sign\u00e9, le dimanche 24 f\u00e9vrier dernier, \u00e0 Adis Abeba, sous l\u2019\u00e9gide des Nations Unies, repr\u00e9sent\u00e9es par Monsieur Ban Ki Moon, un \u00ab Accord cadre pour la paix, la s\u00e9curit\u00e9 et la coop\u00e9ration pour la R\u00e9publique D\u00e9mocratique du Congo et la r\u00e9gion \u00bb.<br \/>\nApr\u00e8s lecture et analyse dudit \u00ab Accord \u00bb, qui intervient apr\u00e8s une bonne dizaine d\u2019autres \u00ab accords \u00bb du m\u00eame genre, nous, intellectuels et universitaires congolais ;<\/p>\n<p>&#8211; r\u00e9unis dans un collectif pour le renouveau de notre pays ;<br \/>\n&#8211; mus par le devoir moral et patriotique de d\u00e9noncer tout acte d\u2019ali\u00e9nation de la souverainet\u00e9 de notre pays ;<br \/>\n&#8211; soucieux de veiller aux int\u00e9r\u00eats l\u00e9gitimes d\u2019un peuple qui continue de subir les incoh\u00e9rences et l\u2019incomp\u00e9tence caract\u00e9ristique d\u2019une classe politique encline davantage \u00e0 la pr\u00e9dation qu\u2019au travail du d\u00e9veloppement de notre pays ;<\/p>\n<p>Nous, intellectuels et universitaires congolais d\u00e9non\u00e7ons donc avec force ledit accord tant dans l\u2019esprit de sa lettre (qui reprend en son compte toutes les revendications du M23 et prend fait et cause pour ce mouvement de criminels) que sur le plan des injonctions impos\u00e9es \u00e0 la R\u00e9publique D\u00e9mocratique du Congo ;<\/p>\n<p>Faut-il rappeler que c\u2019est notre pays qui est victime et agress\u00e9 depuis une vingtaine d\u2019ann\u00e9es par le Rwanda et l\u2019Ouganda, pays dirig\u00e9s par deux dictateurs (MM. Kagame et Museveni) aux pratiques criminelles bien connues de l\u2019opinion internationale, collaborateurs actifs des multinationales qui veulent balkaniser notre pays, deux personnages cit\u00e9s nomm\u00e9ment par divers rapports des experts des Nations Unies comme principaux soutiens des groupes arm\u00e9s qui d\u00e9stabilisent l\u2019Est du Congo ?<\/p>\n<p>Nous, intellectuels et universitaires congolais, d\u00e9non\u00e7ons avec force ce nouvel accord sur notre pays, \u00e9labor\u00e9 sans prise en compte de la position congolaise, qui pose des exigences \u00ab d\u00e9mocratiques \u00bb pour la RDC, alors qu\u2019il n\u2019objective nullement M. Kagame, criminel d\u00e9j\u00e0 dans le collimateur de la CPI, sp\u00e9cialiste des scores bolch\u00e9viques (de plus 93 %) \u00e0 chacune des \u00e9lections, avec force assassinats de ses opposants politiques.<\/p>\n<p>Nous, intellectuels et universitaires congolais, d\u00e9non\u00e7ons avec force ce nouvel accord qui contribue \u00e0 l\u2019entreprise &#8211; souhait\u00e9e par certains milieux internationaux et firmes mafieuses constitu\u00e9es en multinationales &#8211; de mise sous tutelle de notre pays, processus pr\u00e9alable \u00e0 la balkanisation pure et simple de la RDCongo.<\/p>\n<p>Nous, intellectuels et universitaires congolais, d\u00e9non\u00e7ons avec force ce nouvel accord qui met \u00e0 nu la faiblesse \u2013 bien connue de l\u2019opinion nationale \u2013 de l\u2019\u00e9lite politique congolaise actuelle, toujours encline aux n\u00e9gociations visant au partage du pouvoir, et notoirement incapable de redonner \u00e0 l\u2019Etat congolais son \u00e9paisseur g\u00e9ostrat\u00e9gique naturelle au c\u0153ur de l\u2019Afrique.<\/p>\n<p>Aussi, nous, intellectuels et universitaires congolais, nous engageons \u00e0 jouer notre r\u00f4le de sentinelle du peuple congolais, afin que soient pr\u00e9serv\u00e9s ses int\u00e9r\u00eats l\u00e9gitimes.<\/p>\n<p>Aussi, nous lan\u00e7ons cet appel \u00e0 notre peuple afin qu\u2019il demeure vigilant, soud\u00e9 et uni pour faire \u00e9chec au plan de Balkanisation du Pays.<\/p>\n<p>Pour le Collectif des Intellectuels Congolais (CIC)<\/p>\n<p><em>Prof. Eddie Tambwe<\/em><br \/>\n<em> Prof Gilbert Mubangi,<\/em><br \/>\n<em> Dr Emmanuel Kabongo Malu, Philosophe<\/em><br \/>\n<em> Freddy Mulumba Kabwayi wa Bondo, Journaliste<\/em><\/p>\n<p>&nbsp;<\/p>\n<p>&nbsp;\t\t<\/p>\n","protected":false},"excerpt":{"rendered":"<p>Source: Le Potentiel. Le Collectif des Intellectuels Congolais (CIC) d\u00e9nonce l&#8217;accord d&#8217;Addis-Abeba et appelle \u00e0 la vigilance, solidarit\u00e9 et unit\u00e9 pour faire \u00e9chec au plan de Balkanisation du Pays. Onze chefs d\u2019Etat africains ont sign\u00e9, le dimanche 24 f\u00e9vrier dernier, \u00e0 Adis Abeba, sous l\u2019\u00e9gide des Nations Unies, repr\u00e9sent\u00e9es par Monsieur Ban Ki Moon, un [&hellip;]<\/p>\n","protected":false},"author":1,"featured_media":5147,"comment_status":"open","ping_status":"open","sticky":false,"template":"","format":"standard","meta":{"_acf_changed":false,"content-type":"","footnotes":""},"categories":[122,124,162],"tags":[],"class_list":["post-5146","post","type-post","status-publish","format-standard","has-post-thumbnail","hentry","category-news-alertes","category-politique-societe","category-rd-congo"],"acf":[],"_links":{"self":[{"href":"https:\/\/congolobilelo.com\/IN\/wp-json\/wp\/v2\/posts\/5146","targetHints":{"allow":["GET"]}}],"collection":[{"href":"https:\/\/congolobilelo.com\/IN\/wp-json\/wp\/v2\/posts"}],"about":[{"href":"https:\/\/congolobilelo.com\/IN\/wp-json\/wp\/v2\/types\/post"}],"author":[{"embeddable":true,"href":"https:\/\/congolobilelo.com\/IN\/wp-json\/wp\/v2\/users\/1"}],"replies":[{"embeddable":true,"href":"https:\/\/congolobilelo.com\/IN\/wp-json\/wp\/v2\/comments?post=5146"}],"version-history":[{"count":0,"href":"https:\/\/congolobilelo.com\/IN\/wp-json\/wp\/v2\/posts\/5146\/revisions"}],"wp:featuredmedia":[{"embeddable":true,"href":"https:\/\/congolobilelo.com\/IN\/wp-json\/"}],"wp:attachment":[{"href":"https:\/\/congolobilelo.com\/IN\/wp-json\/wp\/v2\/media?parent=5146"}],"wp:term":[{"taxonomy":"category","embeddable":true,"href":"https:\/\/congolobilelo.com\/IN\/wp-json\/wp\/v2\/categories?post=5146"},{"taxonomy":"post_tag","embeddable":true,"href":"https:\/\/congolobilelo.com\/IN\/wp-json\/wp\/v2\/tags?post=5146"}],"curies":[{"name":"wp","href":"https:\/\/api.w.org\/{rel}","templated":true}]}}