{"id":5141,"date":"2013-03-04T13:45:24","date_gmt":"2013-03-04T13:45:24","guid":{"rendered":"http:\/\/www.ingeta.com\/?p=5141"},"modified":"2013-03-04T13:45:24","modified_gmt":"2013-03-04T13:45:24","slug":"laccord-daddis-abeba-un-bluffe-et-un-blanchiment-des-criminels","status":"publish","type":"post","link":"https:\/\/congolobilelo.com\/IN\/laccord-daddis-abeba-un-bluffe-et-un-blanchiment-des-criminels\/","title":{"rendered":"L\u2019accord d\u2019Addis-Abeba ? Un bluffe et un blanchiment des criminels"},"content":{"rendered":"<p>\t\t\t\tL\u2019analyste politique Jean-Pierre Mbelu expose les questions politiques fondamentales que l\u2019accord d\u2019Addis-Abeba soul\u00e8ve pour la RD Congo, souligne comment cet accord est une pr\u00e9paration au dispositif d\u2019implosion de notre pays, et explique pourquoi les congolais doivent imp\u00e9rativement ma\u00eetriser le mode de fonctionnement des pays qui op\u00e8rent chez nous et lutter contre la culture de l\u2019ignorance : \u00abLes criminels ne vont pas scier eux-m\u00eames la branche sur laquelle ils sont assis\u00bb.<\/p>\n<p><iframe loading=\"lazy\" src=\"http:\/\/www.youtube.com\/embed\/f0-w_akvJWo\" frameborder=\"0\" width=\"560\" height=\"315\"><\/iframe><\/p>\n<p><strong>Sur les d\u00e9clarations de Kabila apr\u00e8s l\u2019accord d\u2019Addis-Abeba<\/strong><\/p>\n<blockquote><p>Nous n\u2019avons aucun int\u00e9r\u00eat \u00e0 accorder beaucoup d\u2019importance \u00e0 ce que dit ce monsieur. Je ne sais pas s\u2019il nous faut plusieurs preuves pour comprendre que ce monsieur l\u00e0 est en train de r\u00e9aliser sa macabre mission chez nous, avec un cynisme outrancier. Il appartient aux Congolais d\u2019en tirer toutes les cons\u00e9quences.<\/p><\/blockquote>\n<p><strong>Sur les questions que soul\u00e8ve l\u2019accord cadre d\u2019Addis-Abeba<\/strong><\/p>\n<blockquote><p>Cet accord cadre pose une question politique fondamentale : Sommes-nous un pays souverain ? Sommes-nous r\u00e9ellement un pays ind\u00e9pendant ? Ou est-ce que la signature de cet accord cadre confirme davantage que nous sommes un pays sous occupation et sous-tutelle.<br \/>\nPeut-on se r\u00e9approprier un texte sans en conna\u00eetre l\u2019auteur, sans en conna\u00eetre l\u2019histoire, sans en conna\u00eetre l\u2019esprit dans lequel ce texte a \u00e9t\u00e9 \u00e9crit?<\/p><\/blockquote>\n<p><strong>Sur l\u2019impact de cet accord cadre<\/strong><\/p>\n<blockquote><p>Tant que nous ne comprendrons pas que les pays qui pr\u00e9tendent nous aider sont l\u00e0 pour contribuer \u00e0 l\u2019implosion et \u00e0 la balkanisation de notre pays, tant que nous nous fierons aux textes tels qu\u2019ils nous sont pr\u00e9sent\u00e9s sans questionner leur esprit et leurs auteurs, le Congo n\u2019avancera pas beaucoup. Et puis, nous ne pouvons pas compter sur ce gouvernement d\u2019usurpateur pour l\u2019avancement de notre pays. Ce qui s\u2019est pass\u00e9 \u00e0 Addis-Abeba devrait davantage pousser les minorit\u00e9s organis\u00e9es et agissantes congolaises \u00e0 pouvoir prendre leurs responsabilit\u00e9s.<\/p><\/blockquote>\n<p><strong>Sur les dangers de cet accord pour le futur du Congo<\/strong><\/p>\n<blockquote><p>En lisant cet accord cadre, il y a une grave falsification de notre histoire. Les pays impliqu\u00e9s dans la guerre de basse intensit\u00e9 qui nous est impos\u00e9e ne sont pas nomm\u00e9ment cit\u00e9s, ils deviennent aussi signataires de cet accord comme tous les autres pays non impliqu\u00e9s. Cet accord cadre tente d\u2019innocenter les pays impliqu\u00e9s dans cette guerre chez nous. Il ne s\u2019agit pas simplement de nos voisins africains, mais aussi de ces pays membres de la fameuse communaut\u00e9 dite internationale.<br \/>\nCet accord cadre est un bluffe, un blanchiment des criminels impliqu\u00e9s dans la guerre de basse intensit\u00e9 au Congo. Et si nous ne faisons pas attention, cet accord cadre va r\u00e9aliser ce que Johnnie Carson a dit r\u00e9cemment (que les am\u00e9ricains allaient aider le Congo comme ils l\u2019ont fait en ex-Yougoslavie, et au Soudan). Le discours de Johnnie Carson n\u2019est qu\u2019une pr\u00e9paration au dispositif d\u2019implosion de notre pays. Herman Cohen avait lui d\u00e9clar\u00e9 qu\u2019au d\u00e9partement d\u2019Etat am\u00e9ricain, le Nord kivu appartenait au Rwanda.<\/p><\/blockquote>\n<p><strong>Sur la n\u00e9cessit\u00e9 de cultiver notre m\u00e9moire collective<\/strong><\/p>\n<blockquote><p>A certains moments, nous faisons comme si ces discours n\u2019avaient pas exist\u00e9, nous faisons comme si tous ces discours n\u2019avaient pas \u00e9t\u00e9 clairs. Et nous faisons comme si de rien n\u2019\u00e9tait. Nous oublions trop rapidement.<br \/>\nUn peuple sans m\u00e9moire ne peut pas \u00eatre un peuple libre disait Dani\u00e8le Mitterrand. Si nous ne cultivons pas s\u00e9rieusement notre m\u00e9moire collective, nous ne pourrons pas \u00eatre un peuple libre.<br \/>\nUn appel pressant doit \u00eatre lanc\u00e9 aux minorit\u00e9s organis\u00e9es et agissantes du Congo pour qu\u2019elles prennent leurs responsabilit\u00e9s, qu\u2019elles comprennent que ce qui se passe chez nous ce sont des crimes organis\u00e9s. Les criminels ne vont pas scier eux-m\u00eames la branche sur laquelle ils sont assis.<\/p><\/blockquote>\n<p><strong>Sur le \u00ab colportage \u00bb congolais<\/strong><\/p>\n<blockquote><p>Nous avons un s\u00e9rieux probl\u00e8me avec l\u2019\u00e9crit. Nous aimons colporter. Nous colportons les discours que nous entendons, mais nous avons des probl\u00e8mes s\u00e9rieux \u00e0 creuser les textes qui nous sont propos\u00e9s dans le contexte historique de la politique de notre pays. Il y a des discours (Carson, Cohen), il y a plusieurs livres qui attestent des v\u00e9ritables enjeux en RD Congo.<\/p><\/blockquote>\n<p><strong>Sur la n\u00e9cessit\u00e9 de s\u2019instruire constamment<\/strong><\/p>\n<blockquote><p>Quand des actions politiques sont pos\u00e9es, il faut diff\u00e9rencier les niveaux : il y a le niveau individuel, le niveau collectif et le niveau structurel. Du point de vue collectif et structurel, tout ce qui se passe au Congo n\u2019est pas concoct\u00e9 au Congo. Il ne s\u2019agit pas d\u2019innocenter les congolais ni de vouloir s\u2019autoflageller. Il y a aujourd\u2019hui des actions qui se m\u00e8nent en r\u00e9seaux. Pour comprendre cela, il faut s\u2019instruire, il y a des livres, il y a des conf\u00e9rences. Or aujourd\u2019hui, plusieurs d\u2019entre nous caressent la culture de l\u2019ignorance et on voudrait r\u00e9volutionner le pays avec cela.<br \/>\nLe Congo \u00e9tant l\u2019un des pays les plus strat\u00e9giques de l\u2019Afrique, on ne le dirige pas de l\u2019ext\u00e9rieur \u00e0 partir des bla-bla qu\u2019on entend dans la rue. Il y a des Think-Tanks, des experts qui travaillent dessus. Il est important de conna\u00eetre le mode de fonctionnement des pays qui op\u00e8rent chez nous.<\/p><\/blockquote>\n<p><strong>Sur les FDLR et la reprise des combats dans l\u2019Est de la RDC<\/strong><\/p>\n<blockquote><p>On fait semblant de fermer les fronti\u00e8res et on remet les FDLR sur le devant de la sc\u00e8ne. Pourquoi ? pour qu\u2019on dise, vous voyez, c\u2019est le Congo qui h\u00e9berge en son sein les rebelles rwandais. Et comme les congolais qui ont particip\u00e9 au d\u00e9bat de Kampala ont d\u00e9j\u00e0 innocent\u00e9 le Rwanda et l\u2019Ouganda en faisant du M23 une question congolo-congolaise, le M23 va s\u2019entre-d\u00e9chirer chez nous. Ainsi le \u00ab bon \u00bb M23 va \u00eatre r\u00e9cup\u00e9r\u00e9 et va int\u00e9grer nos institutions pour une \u00e9ni\u00e8me infiltration du Rwanda chez nous. Il ne faut jamais oublier que cette guerre de basse intensit\u00e9 est une strat\u00e9gie mont\u00e9e de toute pi\u00e8ce par le Rwanda, l\u2019Ouganda et leurs parrains pour pouvoir acc\u00e8s aux mati\u00e8res premi\u00e8res du Congo \u00e0 moindre frais. Et la MONUSCO participe de ce jeu cynique de l\u2019implosion du Congo.<\/p><\/blockquote>\n","protected":false},"excerpt":{"rendered":"<p>L\u2019analyste politique Jean-Pierre Mbelu expose les questions politiques fondamentales que l\u2019accord d\u2019Addis-Abeba soul\u00e8ve pour la RD Congo, souligne comment cet accord est une pr\u00e9paration au dispositif d\u2019implosion de notre pays, et explique pourquoi les congolais doivent imp\u00e9rativement ma\u00eetriser le mode de fonctionnement des pays qui op\u00e8rent chez nous et lutter contre la culture de l\u2019ignorance [&hellip;]<\/p>\n","protected":false},"author":1,"featured_media":5142,"comment_status":"open","ping_status":"open","sticky":false,"template":"","format":"standard","meta":{"_acf_changed":false,"content-type":"","footnotes":""},"categories":[107,124],"tags":[],"class_list":["post-5141","post","type-post","status-publish","format-standard","has-post-thumbnail","hentry","category-analyses-commentaires","category-politique-societe"],"acf":[],"_links":{"self":[{"href":"https:\/\/congolobilelo.com\/IN\/wp-json\/wp\/v2\/posts\/5141","targetHints":{"allow":["GET"]}}],"collection":[{"href":"https:\/\/congolobilelo.com\/IN\/wp-json\/wp\/v2\/posts"}],"about":[{"href":"https:\/\/congolobilelo.com\/IN\/wp-json\/wp\/v2\/types\/post"}],"author":[{"embeddable":true,"href":"https:\/\/congolobilelo.com\/IN\/wp-json\/wp\/v2\/users\/1"}],"replies":[{"embeddable":true,"href":"https:\/\/congolobilelo.com\/IN\/wp-json\/wp\/v2\/comments?post=5141"}],"version-history":[{"count":0,"href":"https:\/\/congolobilelo.com\/IN\/wp-json\/wp\/v2\/posts\/5141\/revisions"}],"wp:featuredmedia":[{"embeddable":true,"href":"https:\/\/congolobilelo.com\/IN\/wp-json\/"}],"wp:attachment":[{"href":"https:\/\/congolobilelo.com\/IN\/wp-json\/wp\/v2\/media?parent=5141"}],"wp:term":[{"taxonomy":"category","embeddable":true,"href":"https:\/\/congolobilelo.com\/IN\/wp-json\/wp\/v2\/categories?post=5141"},{"taxonomy":"post_tag","embeddable":true,"href":"https:\/\/congolobilelo.com\/IN\/wp-json\/wp\/v2\/tags?post=5141"}],"curies":[{"name":"wp","href":"https:\/\/api.w.org\/{rel}","templated":true}]}}