{"id":5133,"date":"2013-03-02T11:22:07","date_gmt":"2013-03-02T11:22:07","guid":{"rendered":"http:\/\/www.ingeta.com\/?p=5133"},"modified":"2013-03-02T11:22:07","modified_gmt":"2013-03-02T11:22:07","slug":"situation-de-guerre-a-kitchanga-le-compte-rendu-dafrica-reconciled","status":"publish","type":"post","link":"https:\/\/congolobilelo.com\/IN\/situation-de-guerre-a-kitchanga-le-compte-rendu-dafrica-reconciled\/","title":{"rendered":"Situation de guerre \u00e0 Kitchanga, le compte-rendu d&#8217;Africa Reconciled"},"content":{"rendered":"<p>\t\t\t\t<strong>1. Bref r\u00e9sum\u00e9 du contexte des affrontements \u00e0 Kitchanga entre les FARDC et LES APCLS<\/strong><br \/>\nLes affrontements opposent \u00e0 Kitchanga depuis ce mercredi 27 f\u00e9vrier 2013 \u00e0 5h, heures locales. les FARDC dirig\u00e9es par le Colonel Mudahunga et les combattants des APCLS dirig\u00e9s par le G\u00e9n\u00e9ral JANVIER. La tentative des APLS de fouiller le camp des d\u00e9plac\u00e9s de Kahe majoritairement occup\u00e9 par les personnes qui sont rentr\u00e9es du Rwanda a \u00e9t\u00e9 \u00e0 la base des affrontements avec les FARDC \u00e0 Kitchanga. Les APLCS accusaient les r\u00e9fugi\u00e9s de d\u00e9tenir des armes \u00e0 feu et auraient tu\u00e9 l\u2019un de leur chef. Pour rappel, il y a deux semaines, les positions des APLCS avaient \u00e9t\u00e9 attaqu\u00e9s dans la r\u00e9gion et dont les assaillants seraient venus du camp des retourn\u00e9s de Kahe.<\/p>\n<p><strong>2. Le bilan des violations des droits humains.<\/strong><br \/>\nLes combats ont surpris les populations dans leurs habitations et plusieurs n\u2019avaient plus la possibilit\u00e9 de fuir. Les personnes dont les maisons \u00e9taient aux environs du camp de la MONUSCO ont pu se r\u00e9fugier dans la base de casques bleus. Plusieurs personnes ont \u00e9t\u00e9 tues et bless\u00e9es et plus centaine des bless\u00e9s sont admis et trait\u00e9s dans les h\u00f4pitaux de la ville de Goma .<\/p>\n<p>Les d\u00e9g\u00e2ts mat\u00e9riels sont \u00e9normes. Plusieurs maisons ont \u00e9t\u00e9 incendi\u00e9es par des bombes des forces oppos\u00e9es. D\u2019autres sources nous renseignent que les maisons dans le centre de Kitchanga ont \u00e9t\u00e9 incendi\u00e9es par les populations civiles qui seraient identifi\u00e9es comme des retourn\u00e9s du camp de Kahe avec l\u2019appuie de certains militaires FARDC. Des boutiques et magasins des commer\u00e7ants ont \u00e9t\u00e9 \u00e9galement pill\u00e9s et incendi\u00e9s par certains militaires FARDC \u00e0 l\u2019appuie aux personnes civiles qui seraient arm\u00e9es des armes blanches. Plus d\u2019une cinquantaine de maisons appartenant aux civils ont \u00e9t\u00e9 incendi\u00e9es et pill\u00e9es. On enregistre les mouvements de certaines familles vers le sud de Kitchanga sur la route Kitchanga-Sake \u00e0 27 km de la ville de Goma. Ces d\u00e9placements de plus des populations civiles viennent s\u2019ajouter \u00e0 une catastrophe humanitaire d\u00e9cri\u00e9e dans la r\u00e9gion avec plus 800.000 personnes d\u00e9plac\u00e9es et refugi\u00e9es. Les parties au conflit, les FARDC et les APCLS devraient savoir que s\u2019attaquer aux civils ainsi qu\u2019\u00e0 leurs biens quelque soit leur appartenance, sont des actes inacceptables et constituent des crimes au droit international humanitaire.<\/p>\n<p><strong>3. La situation sur le terrain ce Samedi 2 Mars 2013<\/strong><br \/>\nLa tension est encore alarmante sur terrain et les populations continues \u00e0 fuir dans toutes les directions<\/p>\n<p><strong>4. Enjeux et perspectives<\/strong><br \/>\nCette crise est la \u00e9ni\u00e8me raisons d\u2019admettre que toutes les solutions militaires employ\u00e9es pour stabiliser le territoire de Masisi n\u2019ont pas \u00e9t\u00e9 ad\u00e9quates et adapt\u00e9es aux r\u00e9alit\u00e9s locales et aux causes pertinentes de l\u2019instabilit\u00e9 et des tensions ethniques perp\u00e9tuelles dans cette zone de la province du Nord-Kivu. La peur de vivre ensemble caract\u00e9rise les communaut\u00e9s locales du Nord Kivu. Pourquoi ?<\/p>\n<p>La R\u00e9publique D\u00e9mocratique du Congo et la r\u00e9gion du Kivu en particulier est sous l\u2019emprise de plusieurs crises depuis une d\u00e9cennie. Les conflits entre les ethnies sont la principale cause qui semble \u00eatre n\u00e9glig\u00e9e des affres connues depuis lors dans cette r\u00e9gion. Vers les ann\u00e9es 1993, les communaut\u00e9s ethniques au Nord Kivu se sont entred\u00e9chir\u00e9es. La coh\u00e9sion sociale a \u00e9t\u00e9 rompue suite \u00e0 l\u2019intol\u00e9rance et \u00e0 l\u2019occupation des terres. Diff\u00e9rentes forces d\u2019autod\u00e9fense ont \u00e9t\u00e9 cr\u00e9\u00e9es. D\u2019une part, les Hutus et les Tutsis \u00e9taient r\u00e9unies dans le MAGRIVI \u00abMutuel des Agriculteurs des Virunga \u00bb. Et d\u2019autre part, les Hundes, les Nyanga, les Tembo et les Nandes \u00e9taient prot\u00e9g\u00e9s par les groupes traditionnels d\u2019autod\u00e9fense Mai Mai. Pendant que le r\u00e9gime de Mobutu \u00e9tait en perte de vitesse, pour esp\u00e9rer contr\u00f4ler la situation au Nord Kivu, il a port\u00e9 son soutien au MAGRIVI contre les rebelles qui incarnaient l\u2019espoir de quatre autres communaut\u00e9s. C\u2019est ainsi que la situation s\u2019\u00e9tait enlis\u00e9e par des massacres inou\u00efs et qui n\u2019ont jamais \u00e9t\u00e9 punis.<\/p>\n<p>En 1994, l\u2019entr\u00e9e massive des refugi\u00e9s hutus rwandais sur le territoire de la RDC (ex Za\u00efre) a empir\u00e9 la situation d\u00e9j\u00e0 explosive. Des milliers des citoyens tutsis vivant au Congo avaient d\u00e9cid\u00e9 de rentrer au Rwanda apr\u00e8s la prise du pouvoir par le Front Patriotique Rwandais (FPR) par peur des repr\u00e9sailles de la part des refugi\u00e9s hutus.<\/p>\n<p>En 1996, avec l\u2019entr\u00e9e de l\u2019Alliance de Force D\u00e9mocratique pour la Lib\u00e9ration du Congo (AFDL) dirig\u00e9e par le feu Pr\u00e9sident Laurent D\u00e9sir\u00e9 Kabila, la situation s\u2019est empir\u00e9e de plus en plus. Les forces combattantes de l\u2019AFDL \u00e9taient majoritairement compos\u00e9es des jeunes tutsis qui avaient fuis l\u2019ex Za\u00efre apr\u00e8s l\u2019entr\u00e9e massive des refugi\u00e9s hutus rwandais. Pendant cette campagne de conqu\u00eate du Za\u00efre, il y eut certainement la commission des crimes graves contre les populations civiles4 dont des r\u00e8glements de compte \u00e0 caract\u00e8re tribal.<\/p>\n<p>En 1998, suite \u00e0 la collision des int\u00e9r\u00eats entre les t\u00e9nors de l\u2019AFDL, le Rassemblement congolais pour la D\u00e9mocratie RCD Goma, mouvement rebelle t\u00e9l\u00e9guid\u00e9 par le Rwanda, fut cr\u00e9\u00e9 \u00e0 dessein de changer le r\u00e9gime. Au cours de cette p\u00e9riode, la tension ethnique fut remont\u00e9e. Les tutsis et les hutus qui \u00e9taient majoritaires dans les forces du RCD, ont commis des repr\u00e9sailles contre les autres communaut\u00e9s rivales. C\u2019est ainsi que, pour se prot\u00e9ger contre cette cruaut\u00e9, ces derni\u00e8res se sont regroup\u00e9es au tour des mouvements d\u2019autod\u00e9fense locales Mai Mai.<\/p>\n<p>En 2004 le Congr\u00e8s National pour la D\u00e9fense du Peuple (CNDP) fut cr\u00e9\u00e9 pour d\u00e9fendre la cause des tutsis en R\u00e9publique D\u00e9mocratique du Congo. La ville de Bukavu fut conquise pendant un mois en juin 2004 par les forces du CNDP pour prot\u00e9ger les tutsis des menaces qu\u2019ils seraient l\u2019objet.<br \/>\nPendant cette occupation, plusieurs crimes de violations des droits humains furent commis notamment les viols des femmes. Jusqu\u2019en 2009, la situation s\u2019est d\u00e9t\u00e9rior\u00e9e. Le CNDP a impos\u00e9e une guerre sans pr\u00e9c\u00e9dent dans cette r\u00e9gion. Les territoires de Masisi, de Rutshuru et de Nyiragongo avaient \u00e9t\u00e9 les plus affect\u00e9s.<\/p>\n<p>Une catastrophe humanitaire sans pr\u00e9c\u00e9dent a \u00e9t\u00e9 v\u00e9cue dans la r\u00e9gion. Les d\u00e9placements des populations de leurs foyers, les viols des femmes, l\u2019enr\u00f4lement des enfants dans les forces et groupes arm\u00e9s. La plus grande mission du CNDP \u00e9tait de prot\u00e9ger la population Tutsi ainsi que leurs int\u00e9r\u00eats li\u00e9s \u00e0 la terre et \u00e0 l\u2019identit\u00e9, etc. D\u00e8s lors, les autres groupes ethniques s\u2019\u00e9taient estim\u00e9s menac\u00e9s. Et aujourd\u2019hui on a le M23 depuis avril 2012 qui provoque aussi ses cons\u00e9quences sur la coh\u00e9sion communautaire, locale, nationale et r\u00e9gionale.<br \/>\nAinsi, chacun est rest\u00e9 en train de r\u00e9fl\u00e9chir sur un m\u00e9canisme tribal d\u2019autod\u00e9fense arm\u00e9 contre le CNDP qui incarnait la voix des tutsis congolais. Depuis lors, la cohabitation pacifique entre les communaut\u00e9s locales est difficile. Les gens d\u00e9veloppent une culture d\u2019hypocrisie et de vengeance \u00e0 l\u2019absence d\u2019un m\u00e9canisme de r\u00e9conciliation et de v\u00e9rit\u00e9.<\/p>\n<p>C\u2019est pourquoi il est une n\u00e9cessit\u00e9 de construire la paix sociale et la cohabitation pacifique par un dialogue social dont le but est d\u2019amener les peuples \u00e0 se rapprocher, \u00e0 se pardonner et \u00e0 accepter de vivre ensemble dans la perspective de la justice et du d\u00e9veloppement communs.<br \/>\nAinsi les gens, les communaut\u00e9s locales \u00e0 la base vont vaincre la peur de vivre ensemble. La communication ouvrira le cadre d\u2019\u00e9changes avec les communaut\u00e9s locales \u00e0 la base, les leaders coutumiers, les leaders de confessions religieuses, les autorit\u00e9s locales et autres ; et particuli\u00e8rement avec les jeunes et les victimes centre d\u2019espoir pour la r\u00e9conciliation, la paix, l\u2019avenir et le d\u00e9veloppement, qui constituent \u00e0 ces jours, l\u2019une des couches vuln\u00e9rables \u00e0 la persistance de l\u2019intol\u00e9rance et de la discrimination tribale en leur donnant la possibilit\u00e9 de participer \u00e0 toutes les d\u00e9marches de la paix et de la cohabitation pacifique par le dialogue social.<\/p>\n<p><em>Fait \u00e0 Goma le 2 Mars 2013<\/em><br \/>\n<em> Pascal Mugaruka, Pr\u00e9sident.<\/em><\/p>\n<p>Web: <a href=\"http:\/\/www.africareconciled.org\/\">www.africareconciled.org<\/a><br \/>\nEmail: info@africareconciled.org\t\t<\/p>\n","protected":false},"excerpt":{"rendered":"<p>1. Bref r\u00e9sum\u00e9 du contexte des affrontements \u00e0 Kitchanga entre les FARDC et LES APCLS Les affrontements opposent \u00e0 Kitchanga depuis ce mercredi 27 f\u00e9vrier 2013 \u00e0 5h, heures locales. les FARDC dirig\u00e9es par le Colonel Mudahunga et les combattants des APCLS dirig\u00e9s par le G\u00e9n\u00e9ral JANVIER. La tentative des APLS de fouiller le camp [&hellip;]<\/p>\n","protected":false},"author":1,"featured_media":5134,"comment_status":"open","ping_status":"open","sticky":false,"template":"","format":"standard","meta":{"_acf_changed":false,"content-type":"","footnotes":""},"categories":[160,124],"tags":[],"class_list":["post-5133","post","type-post","status-publish","format-standard","has-post-thumbnail","hentry","category-nouvelles-front-est","category-politique-societe"],"acf":[],"_links":{"self":[{"href":"https:\/\/congolobilelo.com\/IN\/wp-json\/wp\/v2\/posts\/5133","targetHints":{"allow":["GET"]}}],"collection":[{"href":"https:\/\/congolobilelo.com\/IN\/wp-json\/wp\/v2\/posts"}],"about":[{"href":"https:\/\/congolobilelo.com\/IN\/wp-json\/wp\/v2\/types\/post"}],"author":[{"embeddable":true,"href":"https:\/\/congolobilelo.com\/IN\/wp-json\/wp\/v2\/users\/1"}],"replies":[{"embeddable":true,"href":"https:\/\/congolobilelo.com\/IN\/wp-json\/wp\/v2\/comments?post=5133"}],"version-history":[{"count":0,"href":"https:\/\/congolobilelo.com\/IN\/wp-json\/wp\/v2\/posts\/5133\/revisions"}],"wp:featuredmedia":[{"embeddable":true,"href":"https:\/\/congolobilelo.com\/IN\/wp-json\/"}],"wp:attachment":[{"href":"https:\/\/congolobilelo.com\/IN\/wp-json\/wp\/v2\/media?parent=5133"}],"wp:term":[{"taxonomy":"category","embeddable":true,"href":"https:\/\/congolobilelo.com\/IN\/wp-json\/wp\/v2\/categories?post=5133"},{"taxonomy":"post_tag","embeddable":true,"href":"https:\/\/congolobilelo.com\/IN\/wp-json\/wp\/v2\/tags?post=5133"}],"curies":[{"name":"wp","href":"https:\/\/api.w.org\/{rel}","templated":true}]}}