{"id":5128,"date":"2013-03-02T10:24:41","date_gmt":"2013-03-02T10:24:41","guid":{"rendered":"http:\/\/www.ingeta.com\/?p=5128"},"modified":"2013-03-02T10:24:41","modified_gmt":"2013-03-02T10:24:41","slug":"geneve-1er-mars-2013-des-congolais-interpellent-ban-ki-moon","status":"publish","type":"post","link":"https:\/\/congolobilelo.com\/IN\/geneve-1er-mars-2013-des-congolais-interpellent-ban-ki-moon\/","title":{"rendered":"Gen\u00e8ve : Des congolais interpellent Ban Ki-Moon et l&#8217;ONU"},"content":{"rendered":"<p>\t\t\t\tA l&#8217;occasion de la conf\u00e9rence sur la Paix de M. Ban Ki Moon \u00e0 Gen\u00e8ve, le 1er mars 2013, et devant une assembl\u00e9e d&#8217;Etudiants de HEI, des notables de pacotille venus d&#8217;Afrique, des journalistes; BK Kumbi, F\u00e9lix Junior Mbayi Kalombo, Justin Manyanga Tshiswa Bantou, Marechal Tshiunza Taty, Ngoi Mulopwe Gacond ont d\u00e9nonc\u00e9 les politiques mortif\u00e8res \u00e0 l\u2019\u0153uvre dans la r\u00e9gion des Grands Lacs et au Congo en particulier.<\/p>\n<p><iframe loading=\"lazy\" src=\"http:\/\/player.vimeo.com\/video\/60884168\" frameborder=\"0\" width=\"500\" height=\"281\"><\/iframe><\/p>\n<p><a href=\"http:\/\/vimeo.com\/60884168\">Free Congo: Face to Face with Ban Ki Moon, Gen\u00e8ve 1er mars 2013<\/a> from <a href=\"http:\/\/vimeo.com\/user16790258\">BK Kumbi<\/a> on <a href=\"http:\/\/vimeo.com\">Vimeo<\/a>.<\/p>\n<p>Message des membres de ce groupe de congolais:<br \/>\n&#8220;M. le Secr\u00e9taire G\u00e9n\u00e9ral de l&#8217;ONU a exprim\u00e9 ses craintes \u00e0 l&#8217;assembl\u00e9e en ce qui concerne la Syrie, puis a voulu raconter comment ils avaient sign\u00e9 pour la &#8221;paix&#8221; en RDC \u00e0 Addis-Abeba. Nous l&#8217;avons interrompu pour lui dire que cette paix n&#8217;en \u00e9tait pas une, qu&#8217;elle \u00e9tait factice, que les agresseurs du Congo, Rwanda, Ouganda, Burundi, n&#8217;\u00e9taient pas nomm\u00e9s, que c&#8217;\u00e9tait les pr\u00e9misses \u00e0 la Balkanisation. Nous sommes Congolais, nous ne partageons pas forc\u00e9ment les m\u00eames id\u00e9es politiques mais nous nous respectons car nous savons tous que c&#8217;est pour le Congo que nous luttons. Vive le Congo, vive notre combat.&#8221;\t\t<\/p>\n","protected":false},"excerpt":{"rendered":"<p>A l&#8217;occasion de la conf\u00e9rence sur la Paix de M. Ban Ki Moon \u00e0 Gen\u00e8ve, le 1er mars 2013, et devant une assembl\u00e9e d&#8217;Etudiants de HEI, des notables de pacotille venus d&#8217;Afrique, des journalistes; BK Kumbi, F\u00e9lix Junior Mbayi Kalombo, Justin Manyanga Tshiswa Bantou, Marechal Tshiunza Taty, Ngoi Mulopwe Gacond ont d\u00e9nonc\u00e9 les politiques mortif\u00e8res [&hellip;]<\/p>\n","protected":false},"author":1,"featured_media":5129,"comment_status":"open","ping_status":"open","sticky":false,"template":"","format":"standard","meta":{"_acf_changed":false,"content-type":"","footnotes":""},"categories":[122,124,164],"tags":[],"class_list":["post-5128","post","type-post","status-publish","format-standard","has-post-thumbnail","hentry","category-news-alertes","category-politique-societe","category-suisse"],"acf":[],"_links":{"self":[{"href":"https:\/\/congolobilelo.com\/IN\/wp-json\/wp\/v2\/posts\/5128","targetHints":{"allow":["GET"]}}],"collection":[{"href":"https:\/\/congolobilelo.com\/IN\/wp-json\/wp\/v2\/posts"}],"about":[{"href":"https:\/\/congolobilelo.com\/IN\/wp-json\/wp\/v2\/types\/post"}],"author":[{"embeddable":true,"href":"https:\/\/congolobilelo.com\/IN\/wp-json\/wp\/v2\/users\/1"}],"replies":[{"embeddable":true,"href":"https:\/\/congolobilelo.com\/IN\/wp-json\/wp\/v2\/comments?post=5128"}],"version-history":[{"count":0,"href":"https:\/\/congolobilelo.com\/IN\/wp-json\/wp\/v2\/posts\/5128\/revisions"}],"wp:featuredmedia":[{"embeddable":true,"href":"https:\/\/congolobilelo.com\/IN\/wp-json\/"}],"wp:attachment":[{"href":"https:\/\/congolobilelo.com\/IN\/wp-json\/wp\/v2\/media?parent=5128"}],"wp:term":[{"taxonomy":"category","embeddable":true,"href":"https:\/\/congolobilelo.com\/IN\/wp-json\/wp\/v2\/categories?post=5128"},{"taxonomy":"post_tag","embeddable":true,"href":"https:\/\/congolobilelo.com\/IN\/wp-json\/wp\/v2\/tags?post=5128"}],"curies":[{"name":"wp","href":"https:\/\/api.w.org\/{rel}","templated":true}]}}