{"id":5110,"date":"2013-02-28T17:59:01","date_gmt":"2013-02-28T17:59:01","guid":{"rendered":"http:\/\/www.ingeta.com\/?p=5110"},"modified":"2013-02-28T17:59:01","modified_gmt":"2013-02-28T17:59:01","slug":"le-sit-in-de-la-lucha-entame-le-21-fevrier-2013-nest-pas-encore-leve","status":"publish","type":"post","link":"https:\/\/congolobilelo.com\/IN\/le-sit-in-de-la-lucha-entame-le-21-fevrier-2013-nest-pas-encore-leve\/","title":{"rendered":"Le sit-in de la LUCHA, entam\u00e9 le 21 f\u00e9vrier 2013, n&#8217;est pas encore lev\u00e9"},"content":{"rendered":"<p>\t\t\t\t<em>Communiqu\u00e9 de presse n\u00b0001\/LUCHA\/2013 | 25 f\u00e9vrier 2013<\/em><\/p>\n<p>1. La jeunesse de Goma du mouvement<strong> LUTTE POUR LE CHANGEMENT (LA LUCHA)<\/strong> informe les autorit\u00e9s publiques nationales, provinciales et urbaines, la MONUSCO, les agences du syst\u00e8me des Nations-Unies, les ONG de d\u00e9fense des droits de l\u2019Homme, les m\u00e9dias et, plus g\u00e9n\u00e9ralement, l\u2019ensemble de l\u2019opinion publique que <strong>le sit-in entam\u00e9 le jeudi 21 f\u00e9vrier 2013 au si\u00e8ge de l\u2019assembl\u00e9e provinciale du Nord-Kivu n\u2019est pas encore lev\u00e9, mais n\u2019a \u00e9t\u00e9 que suspendu<\/strong> suite aux incidents survenus dans la nuit de jeudi 21 f\u00e9vrier et la matin\u00e9e de vendredi 22 f\u00e9vrier 2013.<\/p>\n<p>2. Pour rappel, le <strong>but de notre action citoyenne<\/strong> est, d\u2019une part, d\u2019amener les d\u00e9put\u00e9s provinciaux, qui sont nos seuls interlocuteurs valables, nous population qui les avons \u00e9lus, \u00e0 user de tous leurs pouvoirs et de toutes leurs pr\u00e9rogatives constitutionnelles et l\u00e9gales afin d\u2019obtenir que soient achev\u00e9s, au plus tard le 15 mars 2013, <strong>les travaux de r\u00e9habilitation de la voirie urbaine de Goma<\/strong> qui durent depuis deux ans et cr\u00e9ent une situation humainement et \u00e9conomiquement intenable pour le million d\u2019habitants de la capitale provinciale du Nord-Kivu. D\u2019autre part, exiger que la question de l\u2019acc\u00e8s \u00e0 l\u2019eau potable soit inscrite en ordre de priorit\u00e9 \u00e0 l\u2019agenda de la prochaine session ordinaire de l\u2019assembl\u00e9e provinciale, de sorte qu\u2019au plus tard \u00e0 la fin du mois de mars 2013 l\u2019eau potable coule en permanence dans tous les quartiers de la ville de Goma. Nos d\u00e9put\u00e9s ont, dans un cas comme dans l\u2019autre, une obligation de r\u00e9sultat, car nous en avons assez entendu de discours de bonnes intentions.<\/p>\n<p>3. <strong>Nous remercions<\/strong> les membres du Bureau de l\u2019assembl\u00e9e provinciale et toutes les autres autorit\u00e9s qui ont tenu \u00e0 pr\u00eater oreille \u00e0 nos revendications et ont publiquement reconnu la l\u00e9gitimit\u00e9 et la pertinence de notre action citoyenne et non-violente. Par ailleurs, <strong>nous prenons acte de la d\u00e9cision de la Direction provinciale de la REGIDESO\/Nord-Kivu, le 22 f\u00e9vrier 2013<\/strong>, d\u2019\u00e9tablir un calendrier de distribution d\u2019eau dans diff\u00e9rents quartiers de la ville et de fixer le tarif \u00e0 20 francs congolais le bidon de 20 litres d\u2019eau, mais <strong>nous disons que cette mesure n\u2019enl\u00e8ve rien \u00e0 notre exigence l\u00e9gitime d\u2019avoir de l\u2019eau potable dans tous les quartiers et de mani\u00e8re permanente<\/strong>. Aussi, en consid\u00e9rant que cela n\u2019est qu\u2019une mesure provisoire, <strong>nous demandons \u00e0 la Direction provinciale de la REGIDESO de rendre par \u00e9crit cette d\u00e9cision, d\u2019assurer sa plus large diffusion dans toute la ville et d\u2019\u00e9noncer des sanctions contre tout r\u00e9calcitrant<\/strong>. Nous allons nous assurer que cette d\u00e9cision est effectivement appliqu\u00e9e par la REGIDESO elle-m\u00eame et par les tenanciers de robinets, et en cas de probl\u00e8me nous ne manquerons pas d\u2019agir.<\/p>\n<p>4. Cependant, <strong>nous d\u00e9non\u00e7ons avec v\u00e9h\u00e9mence l\u2019agression et le vandalisme dont nous avons \u00e9t\u00e9 victimes dans la nuit de jeudi 21 f\u00e9vrier et la matin\u00e9e de vendredi 22 f\u00e9vrier 2013<\/strong>, de la part des \u00e9l\u00e9ments de la police nationale congolaise command\u00e9s par <strong>un certain Major MALUMBA du GMI (Groupe Mobile d\u2019Intervention)<\/strong>. Alors que nous avions observ\u00e9 les dispositions de la constitution de notre pays en informant par \u00e9crit toutes les autorit\u00e9s de notre manifestation pacifique, nous avons \u00e9t\u00e9 battus, bless\u00e9s, pourchass\u00e9s, et nos biens ont \u00e9t\u00e9 extorqu\u00e9s. Cinq personnes parmi nous ont \u00e9t\u00e9 bless\u00e9es, d\u2019autres ont encore des traumatismes suite aux coups re\u00e7us. Vendredi matin, d\u2019autres \u00e9l\u00e9ments du GMI sont revenus et, apr\u00e8s nous avoir de nouveau intimid\u00e9s et pourchass\u00e9s, ils ont arr\u00eat\u00e9s arbitrairement 11 jeunes parmi nous, qu\u2019ils ont amen\u00e9s au P2 avant de les rel\u00e2cher apr\u00e8s quelques heures.<\/p>\n<p>5.<strong> Nous exigeons des autorit\u00e9s civiles, polici\u00e8res et militaires de la province des sanctions disciplinaires exemplaires contre ce Major MALUMBA du GMI<\/strong> dont les agissements anti-professionnels sapent gravement la r\u00e9putation de notre police nationale (pourtant en cours de r\u00e9forme) et entament la confiance et le prestige dont l\u2019Etat est digne, en plus de porter atteinte \u00e0 l\u2019int\u00e9grit\u00e9 physique et la libert\u00e9 de manifestation. Nous demandons \u00e0 Monsieur <strong>le Commissaire provincial de la police nationale congolaise<\/strong> ainsi qu\u2019aux autorit\u00e9s civiles comp\u00e9tentes de s\u2019assurer<strong> que tous nos biens et effets ind\u00fbment accapar\u00e9s par ces policiers nous sont restitu\u00e9s<\/strong>, sans condition et sans d\u00e9lai. Nous demandons enfin \u00e0 la justice militaire, que nous allons saisir formellement, de prendre cette affaire avec le plus grand s\u00e9rieux et de<strong> juger rapidement cet officier r\u00e9calcitrant<\/strong> ainsi que ses \u00e9ventuels complices, coauteurs ou commanditaires. L\u2019impunit\u00e9 de tels actes ne peut qu\u2019assurer leur r\u00e9p\u00e9tition \u00e0 l\u2019avenir.<\/p>\n<p>6. <strong>Nous appelons l\u2019assembl\u00e9e provinciale \u00e0 s\u2019impliquer suffisamment \u00e0 cet effet<\/strong>, car ces violations ont eu lieu \u00e0 son si\u00e8ge, et vis\u00e9 des citoyens qui ne faisaient que demander compte \u00e0 leurs d\u00e9put\u00e9s. <strong>Nous appelons \u00e9galement la soci\u00e9t\u00e9 civile de Goma, les ONG de d\u00e9fense des droits de l\u2019homme et tous les citoyens \u00e0 appuyer par tous les moyens l\u00e9gaux cette d\u00e9nonciation, et \u00e0 nous rejoindre dans cette lutte noble et pacifique pour nos droits les plus \u00e9l\u00e9mentaires.<\/strong><\/p>\n<p>7. Pour finir, nous informons les autorit\u00e9s, en particulier le Bureau de l\u2019assembl\u00e9e provinciale et l\u2019ensemble des d\u00e9put\u00e9s provinciaux, ainsi que l\u2019ensemble de l\u2019opinion publique, que <strong>si d\u2019ici le 3 mars 2013 ils n\u2019ont pas satisfait aux exigences contenues dans notre m\u00e9morandum du 19 f\u00e9vrier dernier, nous allons poursuivre notre sit-in devant le si\u00e8ge de l\u2019assembl\u00e9e provinciale<\/strong>, de jour et de nuit, sans nouvel avis.<\/p>\n<p><em>Fait \u00e0 Goma, le 25 f\u00e9vrier 2013<\/em>\t\t<\/p>\n","protected":false},"excerpt":{"rendered":"<p>Communiqu\u00e9 de presse n\u00b0001\/LUCHA\/2013 | 25 f\u00e9vrier 2013 1. La jeunesse de Goma du mouvement LUTTE POUR LE CHANGEMENT (LA LUCHA) informe les autorit\u00e9s publiques nationales, provinciales et urbaines, la MONUSCO, les agences du syst\u00e8me des Nations-Unies, les ONG de d\u00e9fense des droits de l\u2019Homme, les m\u00e9dias et, plus g\u00e9n\u00e9ralement, l\u2019ensemble de l\u2019opinion publique que [&hellip;]<\/p>\n","protected":false},"author":1,"featured_media":5111,"comment_status":"open","ping_status":"open","sticky":false,"template":"","format":"standard","meta":{"_acf_changed":false,"content-type":"","footnotes":""},"categories":[122,124,162],"tags":[],"class_list":["post-5110","post","type-post","status-publish","format-standard","has-post-thumbnail","hentry","category-news-alertes","category-politique-societe","category-rd-congo"],"acf":[],"_links":{"self":[{"href":"https:\/\/congolobilelo.com\/IN\/wp-json\/wp\/v2\/posts\/5110","targetHints":{"allow":["GET"]}}],"collection":[{"href":"https:\/\/congolobilelo.com\/IN\/wp-json\/wp\/v2\/posts"}],"about":[{"href":"https:\/\/congolobilelo.com\/IN\/wp-json\/wp\/v2\/types\/post"}],"author":[{"embeddable":true,"href":"https:\/\/congolobilelo.com\/IN\/wp-json\/wp\/v2\/users\/1"}],"replies":[{"embeddable":true,"href":"https:\/\/congolobilelo.com\/IN\/wp-json\/wp\/v2\/comments?post=5110"}],"version-history":[{"count":0,"href":"https:\/\/congolobilelo.com\/IN\/wp-json\/wp\/v2\/posts\/5110\/revisions"}],"wp:featuredmedia":[{"embeddable":true,"href":"https:\/\/congolobilelo.com\/IN\/wp-json\/"}],"wp:attachment":[{"href":"https:\/\/congolobilelo.com\/IN\/wp-json\/wp\/v2\/media?parent=5110"}],"wp:term":[{"taxonomy":"category","embeddable":true,"href":"https:\/\/congolobilelo.com\/IN\/wp-json\/wp\/v2\/categories?post=5110"},{"taxonomy":"post_tag","embeddable":true,"href":"https:\/\/congolobilelo.com\/IN\/wp-json\/wp\/v2\/tags?post=5110"}],"curies":[{"name":"wp","href":"https:\/\/api.w.org\/{rel}","templated":true}]}}