{"id":5103,"date":"2013-02-28T17:33:00","date_gmt":"2013-02-28T17:33:00","guid":{"rendered":"http:\/\/www.ingeta.com\/?p=5103"},"modified":"2013-02-28T17:33:00","modified_gmt":"2013-02-28T17:33:00","slug":"goma-lucha-depose-une-plainte-contre-le-groupe-mobile-dintervention","status":"publish","type":"post","link":"https:\/\/congolobilelo.com\/IN\/goma-lucha-depose-une-plainte-contre-le-groupe-mobile-dintervention\/","title":{"rendered":"Goma: LUCHA d\u00e9pose une plainte contre le groupe mobile d\u2019intervention"},"content":{"rendered":"<p>\t\t\t\tLe mouvement de la lutte pour le changement\/Goma\/RDC (<a href=\"https:\/\/www.facebook.com\/pages\/LUCHA-RDCongo\/300038760124537\" target=\"_blank\" rel=\"noopener\">LUCHA<\/a>) a d\u00e9pos\u00e9, jeudi 28 f\u00e9vrier 2013, une plainte au parquet pour effets extorqu\u00e9s par les \u00e9l\u00e9ments du GMI (Groupe mobile d\u2019Intervention), sous l\u2019instigation du Major Malumba, au si\u00e8ge de l\u2019assembl\u00e9e provinciale du Nord-Kivu (H\u00f4tel Fleur de Lys) \u00e0 Goma, le jeudi 21 f\u00e9vrier 2013 autour de 21 heures lors du sit-in organis\u00e9 par les jeunes qui constituent ce mouvement.<\/p>\n<p><strong><a href=\"http:\/\/www.ingeta.com\/wp-content\/uploads\/2013\/02\/LUCHA-Plainte-28022013.doc\" target=\"_blank\" rel=\"noopener\">T\u00e9l\u00e9charger la plainte du mouvement LUCHA\u00a0 dans son int\u00e9gralit\u00e9<\/a><\/strong><br \/>\n<a href=\"http:\/\/www.ingeta.com\/wp-content\/uploads\/2013\/02\/LUCHA-Liste-des-biens-extorqu\u00e9s-par-les-\u00e9l\u00e9ments-du-GMI.doc\" target=\"_blank\" rel=\"noopener\"><strong>T\u00e9l\u00e9charger la liste de \u00e9l\u00e9ments extorqu\u00e9s par le GMI<\/strong><\/a><\/p>\n<p>Nous republions ci-dessous, le contenu de la plainte d\u00e9pos\u00e9e par le Cabinet Kashongwe, pour le compte des membres du mouvement LUCHA RDC.<\/p>\n<p>&#8212;&#8212;&#8212;&#8212;&#8212;&#8212;&#8212;-<\/p>\n<p>Monsieur le Procureur G\u00e9n\u00e9ral,<\/p>\n<p>Nous sommes consult\u00e9s par\u00a0: <strong>1)Monsieur BAUMA WINGA Fred, 2)Mademoiselle FAIDA MULENGABYUMA Chantal, 3)Monsieur KAMBALE MUTSUNGA Justin, 4)Monsieur KAMBALE SIVYAVUGHA Serge, 5)Monsieur KASEREKA MUHIWA Ghislain, 6)Monsieur KASONGO MWANA Marc, 7)Monsieur KOMBI Narcisse Juvin, 8)Monsieur MALEMBE NKURU Luc, 9)Monsieur MUHIMA Dickson, 10)Monsieur MUSUBAO CHAYENGA Museven, 11)Mademoiselle MWENDIKE KAMATE Micheline, 12)Mademoiselle NEEMA MUKOVI Aline, 13)Monsieur NGAMABELE Prince, 14)Monsieur NGOYI KASONGO Gonnat, 15)Monsieur NIYIREMA Fid\u00e8le, 16)Monsieur PALUKU MUHINGI Richard, 17)Monsieur SINZAHERA NATASHA Jackson, 18)Monsieur THATSOMANA NGASEMBERE Rodrigue, 19) Monsieur MUMBERE KASUMBA Confidence,<\/strong> <strong>20) Monsieur MUVIRI Reagen, 21) Mademoiselle MAHAMBA Gis\u00e8le,<\/strong> <strong>22) Monsieur LUKAYA<\/strong> <strong>Reagen et 23) Monsieur BADESIRE MUGARUKA Jean-Baptiste,<\/strong> tous citoyens Congolais, majeurs d\u2019\u00e2ge, r\u00e9sidents \u00e0 Goma, qui nous chargent de d\u00e9poser aupr\u00e8s de votre autorit\u00e9 la pr\u00e9sente plainte, en vous exposant respectueusement ce qui suit\u00a0:<\/p>\n<p>Que le 21 f\u00e9vrier 2013, en tant que citoyens consciencieux, ils observaient devant le si\u00e8ge de l\u2019assembl\u00e9e provinciale du Nord-Kivu \u00e0 Himbi (h\u00f4tel Fleur de Lys) un sit-in de jour et de nuit pour r\u00e9clamer de leurs \u00e9lus (les d\u00e9put\u00e9s provinciaux) une meilleure implication pour qu\u2019une solution rapide soit trouv\u00e9e au sujet de la carence d\u2019eau potable et de l\u2019enlisement des travaux de r\u00e9fection de la voirie de Goma\u00a0;<\/p>\n<p>Que leur manifestation \u00e9tait l\u00e9gale et l\u00e9gitime en ce que, conform\u00e9ment \u00e0 l\u2019article 26 de la constitution, ils avaient inform\u00e9 \u00e0 l\u2019avance et par \u00e9crit l\u2019autorit\u00e9 provinciale et urbaine (cf. copie de l\u2019avis de manifestation en annexe).<\/p>\n<p>Qu\u2019alors qu\u2019ils \u00e9taient assis, n\u2019avaient bloqu\u00e9 ni la voie, ni l\u2019entr\u00e9e du si\u00e8ge de l\u2019assembl\u00e9e\u00a0; qu\u2019ils n\u2019avaient agress\u00e9 personne, la police du <strong><span style=\"text-decoration: underline;\">Groupe mobile d\u2019Intervention (GMI)<\/span><\/strong> conduite par le <strong><span style=\"text-decoration: underline;\">Major Malumba<\/span><\/strong> en personne, est venue les agresser en pleine nuit, le jeudi 21 f\u00e9vrier vers 21 heures\u00a0;<\/p>\n<p>Qu\u2019\u00e0 aucun moment, ils n\u2019avaient ni r\u00e9sist\u00e9, ni ripost\u00e9 \u00e0 l\u2019agression des agents de la police, ni m\u00eame tent\u00e9 de le faire\u00a0;<\/p>\n<p>Que chacun d\u2019eux a \u00e9t\u00e9 m\u00e9chamment battu, et certains parmi eux ont \u00e9t\u00e9 bless\u00e9s par ce Major lui-m\u00eame ou par les policiers qu\u2019il conduisait\u00a0;<\/p>\n<p>Que ces policiers ont extorqu\u00e9\u00a0 leurs biens personnels, dont la liste est ci-annex\u00e9e\u00a0;<\/p>\n<p>Que le lendemain matin, vendredi 22 f\u00e9vrier, alors qu\u2019ils avaient d\u00e9cid\u00e9 malgr\u00e9 tout de poursuivre leur manifestation pacifique, le m\u00eame v\u00e9hicule de la police (portant le <strong>num\u00e9ro 1273<\/strong>) est revenu avec d\u2019autres policiers du m\u00eame GMI qui les ont bouscul\u00e9s avant de les arr\u00eater arbitrairement et de les retenir ill\u00e9galement pendant plus ou moins deux heures\u00a0;<\/p>\n<p>Que ces faits constituent des violations graves et manifestes de la constitution et des lois de la R\u00e9publique D\u00e9mocratique du Congo, dont vous \u00eates le garant\u00a0;<\/p>\n<p>Qu\u2019ils s\u2019adressent \u00e0 vous pour obtenir non seulement des poursuites judiciaires et des sanctions exemplaires contre cet officier r\u00e9calcitrant ainsi que tous ses \u00e9ventuels commanditaires, coauteurs ou complices, mais aussi la r\u00e9paration juste et int\u00e9grale de tous les pr\u00e9judices que chacun d\u2019eux a subis individuellement. En particulier, ils demandent la restitution de leurs biens et effets extorqu\u00e9s par ces policiers dans la nuit du 21 f\u00e9vrier 2013\u00a0(liste en annexe) ;<\/p>\n<p>Qu\u2019ils ont foi en votre sens de justice \u00e9quitable et rapide afin de d\u00e9courager une fois pour toutes de tels agissements qui, en plus de violer des droits et libert\u00e9s fondamentales garanties aux citoyens, sapent la confiance et le prestige de la police nationale et de l\u2019Etat\u00a0;<\/p>\n<p>Qu\u2019ils se tiennent \u00e0 votre enti\u00e8re disposition pour toute fin utile \u00e0 la justice.<\/p>\n<p>En vous remerciant d\u2019avance de votre bienveillance et votre diligence, nos clients vous prient de croire, Monsieur le Procureur G\u00e9n\u00e9ral, \u00e0 l\u2019assurance de leur parfaite consid\u00e9ration.<\/p>\n<p>&nbsp;<\/p>\n<p align=\"right\">Fait \u00e0 Goma, le 27 f\u00e9vrier 2013<br \/>\nPour tous les plaignants<br \/>\nL\u2019un de leurs Conseils,<br \/>\nMe Theo MANEGABE<\/p>\n","protected":false},"excerpt":{"rendered":"<p>Le mouvement de la lutte pour le changement\/Goma\/RDC (LUCHA) a d\u00e9pos\u00e9, jeudi 28 f\u00e9vrier 2013, une plainte au parquet pour effets extorqu\u00e9s par les \u00e9l\u00e9ments du GMI (Groupe mobile d\u2019Intervention), sous l\u2019instigation du Major Malumba, au si\u00e8ge de l\u2019assembl\u00e9e provinciale du Nord-Kivu (H\u00f4tel Fleur de Lys) \u00e0 Goma, le jeudi 21 f\u00e9vrier 2013 autour de [&hellip;]<\/p>\n","protected":false},"author":1,"featured_media":5106,"comment_status":"open","ping_status":"open","sticky":false,"template":"","format":"standard","meta":{"_acf_changed":false,"content-type":"","footnotes":""},"categories":[160,124,162],"tags":[],"class_list":["post-5103","post","type-post","status-publish","format-standard","has-post-thumbnail","hentry","category-nouvelles-front-est","category-politique-societe","category-rd-congo"],"acf":[],"_links":{"self":[{"href":"https:\/\/congolobilelo.com\/IN\/wp-json\/wp\/v2\/posts\/5103","targetHints":{"allow":["GET"]}}],"collection":[{"href":"https:\/\/congolobilelo.com\/IN\/wp-json\/wp\/v2\/posts"}],"about":[{"href":"https:\/\/congolobilelo.com\/IN\/wp-json\/wp\/v2\/types\/post"}],"author":[{"embeddable":true,"href":"https:\/\/congolobilelo.com\/IN\/wp-json\/wp\/v2\/users\/1"}],"replies":[{"embeddable":true,"href":"https:\/\/congolobilelo.com\/IN\/wp-json\/wp\/v2\/comments?post=5103"}],"version-history":[{"count":0,"href":"https:\/\/congolobilelo.com\/IN\/wp-json\/wp\/v2\/posts\/5103\/revisions"}],"wp:featuredmedia":[{"embeddable":true,"href":"https:\/\/congolobilelo.com\/IN\/wp-json\/"}],"wp:attachment":[{"href":"https:\/\/congolobilelo.com\/IN\/wp-json\/wp\/v2\/media?parent=5103"}],"wp:term":[{"taxonomy":"category","embeddable":true,"href":"https:\/\/congolobilelo.com\/IN\/wp-json\/wp\/v2\/categories?post=5103"},{"taxonomy":"post_tag","embeddable":true,"href":"https:\/\/congolobilelo.com\/IN\/wp-json\/wp\/v2\/tags?post=5103"}],"curies":[{"name":"wp","href":"https:\/\/api.w.org\/{rel}","templated":true}]}}