{"id":5095,"date":"2013-02-26T19:27:31","date_gmt":"2013-02-26T19:27:31","guid":{"rendered":"http:\/\/www.ingeta.com\/?p=5095"},"modified":"2013-02-26T19:27:31","modified_gmt":"2013-02-26T19:27:31","slug":"accord-cadre-daddis-abeba-du-24-fevrier-2013","status":"publish","type":"post","link":"https:\/\/congolobilelo.com\/IN\/accord-cadre-daddis-abeba-du-24-fevrier-2013\/","title":{"rendered":"Accord cadre d&#8217;Addis-Abeba du 24 f\u00e9vrier 2013"},"content":{"rendered":"<p>\t\t\t\tOnze pays africains (R\u00e9publique D\u00e9mocratique du Congo, l\u2019Ouganda, le Rwanda, le Burundi, la Tanzanie, l\u2019Afrique du Sud, l\u2019Angola, le Congo\/Brazzaville, la R\u00e9publique Centrafricaine, le Sud-Soudan et le Mozambique) ont finalement sign\u00e9 dimanche 24 f\u00e9vier 2013 \u00e0 Addis-Abeba en Ethiopie, un accord cadre pour restaurer la paix dans l\u2019Est de la RDC. Devant les facilitateurs des Nations unies et de l\u2019Union africaine, les pays signataires de ce document se sont engag\u00e9s pour un retour de la paix dans l\u2019Est de la RDC, et dans toute la r\u00e9gion.<\/p>\n<p><a href=\"http:\/\/www.ingeta.com\/wp-content\/uploads\/2013\/02\/Accord-AddisAbeba-022013.pdf\">T\u00e9l\u00e9charger l&#8217;accord cadre d&#8217;Addis-Abeba du 24 f\u00e9vrier 2013<\/a><\/p>\n<p><strong>Le commentaire de l&#8217;analyste politique, Jean-Pierre Mbelu:<\/strong><\/p>\n<blockquote><p>L\u2019accord d\u2019Addis-Abeba est, dans une certaine mesure, une relecture falsifi\u00e9e et une r\u00e9orientation n\u00e9ocoloniale de notre histoire collective en fonction des int\u00e9r\u00eats de \u00ab nouveaux leaders \u00bb de la \u00ab Nouvelle Afrique \u00bb (Museveni, Kagame et Kabila) et de leurs parrains. Il faut lire le texte pour s\u2019en convaincre. Cet accord ne fait aucune allusion aux millions des morts congolais et aux rapports des experts de l\u2019ONU qui en ont indiqu\u00e9 une partie de responsables. Et, il vient r\u00e9gler un diff\u00e9rend ayant \u00e9t\u00e9 entach\u00e9 des relations au c\u0153ur de \u00ab la tro\u00efka \u00bb (USA, France, Belgique) apr\u00e8s la chute du Mur de Berlin et \u00ab le g\u00e9nocide rwandais \u00bb.<\/p><\/blockquote>\n<p>Lire <a href=\"http:\/\/www.ingeta.com\/a-addis-abeba-comme-au-temps-de-la-traite-negriere-et-de-la-colonie\/\">l&#8217;int\u00e9gralit\u00e9 de l&#8217;analyse de Jean-Pierre Mbelu<\/a>.<\/p>\n<p>&nbsp;\t\t<\/p>\n","protected":false},"excerpt":{"rendered":"<p>Onze pays africains (R\u00e9publique D\u00e9mocratique du Congo, l\u2019Ouganda, le Rwanda, le Burundi, la Tanzanie, l\u2019Afrique du Sud, l\u2019Angola, le Congo\/Brazzaville, la R\u00e9publique Centrafricaine, le Sud-Soudan et le Mozambique) ont finalement sign\u00e9 dimanche 24 f\u00e9vier 2013 \u00e0 Addis-Abeba en Ethiopie, un accord cadre pour restaurer la paix dans l\u2019Est de la RDC. Devant les facilitateurs des [&hellip;]<\/p>\n","protected":false},"author":1,"featured_media":5097,"comment_status":"open","ping_status":"open","sticky":false,"template":"","format":"standard","meta":{"_acf_changed":false,"content-type":"","footnotes":""},"categories":[148,124],"tags":[],"class_list":["post-5095","post","type-post","status-publish","format-standard","has-post-thumbnail","hentry","category-documents-presse","category-politique-societe"],"acf":[],"_links":{"self":[{"href":"https:\/\/congolobilelo.com\/IN\/wp-json\/wp\/v2\/posts\/5095","targetHints":{"allow":["GET"]}}],"collection":[{"href":"https:\/\/congolobilelo.com\/IN\/wp-json\/wp\/v2\/posts"}],"about":[{"href":"https:\/\/congolobilelo.com\/IN\/wp-json\/wp\/v2\/types\/post"}],"author":[{"embeddable":true,"href":"https:\/\/congolobilelo.com\/IN\/wp-json\/wp\/v2\/users\/1"}],"replies":[{"embeddable":true,"href":"https:\/\/congolobilelo.com\/IN\/wp-json\/wp\/v2\/comments?post=5095"}],"version-history":[{"count":0,"href":"https:\/\/congolobilelo.com\/IN\/wp-json\/wp\/v2\/posts\/5095\/revisions"}],"wp:featuredmedia":[{"embeddable":true,"href":"https:\/\/congolobilelo.com\/IN\/wp-json\/"}],"wp:attachment":[{"href":"https:\/\/congolobilelo.com\/IN\/wp-json\/wp\/v2\/media?parent=5095"}],"wp:term":[{"taxonomy":"category","embeddable":true,"href":"https:\/\/congolobilelo.com\/IN\/wp-json\/wp\/v2\/categories?post=5095"},{"taxonomy":"post_tag","embeddable":true,"href":"https:\/\/congolobilelo.com\/IN\/wp-json\/wp\/v2\/tags?post=5095"}],"curies":[{"name":"wp","href":"https:\/\/api.w.org\/{rel}","templated":true}]}}