{"id":5088,"date":"2013-02-26T16:41:14","date_gmt":"2013-02-26T16:41:14","guid":{"rendered":"http:\/\/www.ingeta.com\/?p=5088"},"modified":"2013-02-26T16:41:14","modified_gmt":"2013-02-26T16:41:14","slug":"a-addis-abeba-comme-au-temps-de-la-traite-negriere-et-de-la-colonie","status":"publish","type":"post","link":"https:\/\/congolobilelo.com\/IN\/a-addis-abeba-comme-au-temps-de-la-traite-negriere-et-de-la-colonie\/","title":{"rendered":"A Addis-Abeba, comme au temps de la traite n\u00e9gri\u00e8re et de la colonie!"},"content":{"rendered":"<p>\t\t\t\t<em>Par Jean-Pierre Mbelu<\/em><\/p>\n<p><strong>La guerre de basse intensit\u00e9 men\u00e9e contre la RDC peut rev\u00eatir plusieurs formes. Elle peut prendre, \u00e0 certains moments, la forme des accords r\u00e9dig\u00e9s derri\u00e8re le dos de nos populations et avalis\u00e9s par \u00ab les n\u00e9griers des temps modernes \u00bb. L\u2019accord-cadre sign\u00e9 \u00e0 Addis-Abeba le 24 f\u00e9vrier 2013 pose un certain nombre de questions. Elle vient, en quelque sorte, falsifier l\u2019histoire de la sous-r\u00e9gion de Grands Lacs et confirmer le viol permanent du droit humanitaire international. Quelques criminels de grand chemin l\u2019ont sign\u00e9. C\u2019est tr\u00e8s grave.<\/strong><\/p>\n<p>Est-il possible de signer un accord sans l\u2019avoir n\u00e9goci\u00e9\u00a0? Est-ce du ressort de la communaut\u00e9 internationale (occidentale) de proposer aux pr\u00e9sidents africains et aux autres \u00ab\u00a0n\u00e8gres de service\u00a0\u00bb de signer des textes non soumis au d\u00e9bat (populaire)\u00a0? Un accord suppose quand m\u00eame que les parties en pr\u00e9sence \u00ab\u00a0s\u2019accordent\u00a0\u00bb en fonction des charges qu\u2019elles assument\u00a0 et qu\u2019ils jouissent du mandat de ceux qu\u2019ils sont suppos\u00e9s repr\u00e9senter\u00a0!<\/p>\n<p>Et puis, qui a r\u00e9dig\u00e9 l\u2019accord-cadre sign\u00e9 \u00e0 Addis-Abeba le 24 f\u00e9vrier 2013\u00a0? Est-ce normal qu\u2019\u00e0 l\u2019aube du XXIe si\u00e8cle, il y ait encore \u00ab\u00a0des esclaves\u00a0\u00bb et \u00ab\u00a0des n\u00e9griers\u00a0\u00bb ne sachant ni lire ni \u00e9crire et \u00e0 qui \u00ab\u00a0les ma\u00eetres\u00a0\u00bb imposent de parapher des textes qu\u2019ils ont demand\u00e9s \u00e0 \u00ab\u00a0leurs experts de r\u00e9diger\u00a0\u00bb\u00a0?\u00a0 Pour rappel, quand les esclaves achet\u00e9s en Afrique arrivaient par exemple aux USA,\u00a0 \u00ab\u00a0leurs ma\u00eetres\u00a0\u00bb \u00e9taient tenus de ne pas leur apprendre \u00e0 lire ou \u00e0 \u00e9crire. Et quand le roi L\u00e9opold envoyait ses \u00e9missaires signer \u00ab\u00a0les trait\u00e9s\u00a0\u00bb avec les\u00a0 chefs indig\u00e8nes du Congo ne sachant ni lire ni \u00e9crire, il leur demandait d\u2019imposer \u00e0 ces derniers d\u2019apposer un \u00ab\u00a0X\u00a0\u00bb\u00a0\u00a0 au bout du document. D\u2019ailleurs, note Adam Hochschild, \u00ab\u00a0le mot \u00ab\u00a0trait\u00e9\u00a0\u00bb \u00e9tait un euph\u00e9misme, car de nombreux chefs n\u2019avaient aucune id\u00e9e claire de ce qu\u2019ils signaient. Rares \u00e9taient ceux qui avaient vu\u00a0 auparavant un mot \u00e9crit et on leur demandait d\u2019apposer un X sur un document en langue \u00e9trang\u00e8re et r\u00e9dig\u00e9 dans un\u00a0 jargon de juristes.[1]\u00a0\u00bb La signature de l\u2019accord-cadre d\u2019Addis-Abeba constitue une grave r\u00e9gression dans les relations de l\u2019Afrique avec la communaut\u00e9 internationale (occidentale). Elle est un t\u00e9moignage de racisme et de m\u00e9pris \u00e0 l\u2019endroit des peuples africains en g\u00e9n\u00e9ral et de ceux de l\u2019Afrique des Grands Lacs et Australe en particulier. Quelques \u00ab\u00a0n\u00e9griers des temps modernes\u00a0\u00bb, habill\u00e9s en costume-cravate comme \u00ab\u00a0leurs ma\u00eetres\u00a0\u00bb,\u00a0 ont appos\u00e9 \u00ab\u00a0un X\u00a0\u00bb au bout d\u2019un texte compromettant pour l\u2019avenir collectif des peuples africains.<\/p>\n<p>Pour rappel, les autres accords ayant pr\u00e9c\u00e9d\u00e9 celui d\u2019Addis-Abeba, comme celui de Lusaka[2], n\u2019ont jamais \u00e9t\u00e9 r\u00e9dig\u00e9s et d\u00e9battus par leurs signataires. Et les cons\u00e9quences en ont \u00e9t\u00e9 d\u00e9sastreuses pour notre pays et pour la sous-r\u00e9gion des Grands Lacs.<\/p>\n<p>Aussi l\u2019accord-cadre d\u2019Addis-Abeba veut-il faire d\u2019une pierre plusieurs coups. Il veut mettre fin au d\u00e9bat congolo-congolais sur\u00a0 la v\u00e9rit\u00e9 des urnes et la l\u00e9gitimit\u00e9 politique du pouvoir usurpateur en place au Congo en consid\u00e9rant Joseph Kabila, \u00ab\u00a0n\u00e8gre de service\u00a0\u00bb, comme\u00a0 pr\u00e9sident du Congo. (Cela malgr\u00e9 les tricheries et les fraudes et tout le d\u00e9bat entre Ngoy Mulunda, ex-pr\u00e9sident de la CENI, et les Baluba-Kat.)\u00a0 Il veut innocenter les v\u00e9ritables acteurs pl\u00e9niers de la guerre de basse intensit\u00e9 s\u00e9vissant en RDC en en faisant les membres du \u00ab\u00a0comit\u00e9 de suivi\u00a0\u00bb. Il veut faire de cette guerre une simple question de \u00ab\u00a0violence, de viol et de graves violations des droits de l\u2019homme\u00a0\u00bb alors qu\u2019elle est une atteinte grave au droit humanitaire international. Et par des m\u00e9canismes subtils, cet accord reconduit les propositions d\u2019Herman Cohen et de Nicolas Sarkozy invitant\u00a0 le Congo \u00e0 partager ses richesses avec les pays voisins, sous-traitants par excellence des multinationales.<\/p>\n<p>L\u2019accord d\u2019Addis-Abeba est, dans une certaine mesure, une relecture falsifi\u00e9e\u00a0 et une r\u00e9orientation n\u00e9ocoloniale de notre histoire collective en fonction des int\u00e9r\u00eats de\u00a0 \u00ab\u00a0nouveaux leaders\u00a0\u00bb de la \u00ab\u00a0Nouvelle Afrique\u00a0\u00bb (Museveni, Kagame et Kabila) et de leurs parrains.<\/p>\n<p>Il faut lire le texte pour s\u2019en convaincre. Cet accord ne fait aucune allusion aux millions des morts congolais et aux rapports des experts de l\u2019ONU qui en ont indiqu\u00e9 une partie de responsables. Et, il vient r\u00e9gler un diff\u00e9rend ayant \u00e9t\u00e9 entach\u00e9 des relations au\u00a0 c\u0153ur de \u00ab\u00a0la tro\u00efka\u00a0\u00bb (USA, France, Belgique) apr\u00e8s la chute du Mur de Berlin et \u00ab\u00a0le g\u00e9nocide rwandais\u00a0\u00bb.<\/p>\n<p>En effet, les USA, vainqueurs de la guerre froide (\u00a0?), tenaient \u00e0 r\u00e9gner sur le monde\u00a0 et sur l\u2019Afrique centrale sans partage.\u00a0 Ils voulaient mettre fin \u00e0 l\u2019influence de la Belgique et de la France dans cette partie du continent africain. Dans cet accord-cadre, que remarquons-nous\u00a0? Dans le \u00ab\u00a0m\u00e9canisme de suivi\u00a0\u00bb de 11+ 4, les Etats-Unis d\u2019Am\u00e9rique, la France et\u00a0 la Belgique sont nomm\u00e9ment cit\u00e9s. Ils vont, selon cet accord, r\u00e9gler leur diff\u00e9rend sur le dos du \u00ab\u00a0grand Congo\u00a0\u00bb. Cela prouve que contrairement aux accords de principe et aux apparences, tous ces pays sont en guerre et de mani\u00e8re permanente. Sur cette question, Michel Collon a raison quand il \u00e9crit\u00a0: \u00ab\u00a0Les trois grands (ex-)blocs (Etats-Unis, Europe, Japon) m\u00e8nent la guerre chaude, froide ou ti\u00e8de, contre les peuples du tiers-monde. Mais ils se font aussi la guerre entre eux pour savoir qui va dominer\u00a0 le monde et ses richesses. La guerre \u00e9conomique bien s\u00fbr. Mais aussi la guerre politique et, dans certaines conditions, militaires. Quand le rapport de forces change entre les grandes puissances, quand une superpuissance veut en remplacer une autre, ou simplement la priver de l\u2019acc\u00e8s \u00e0 certaines mati\u00e8res strat\u00e9giques, cela se r\u00e8gle aussi par la violence. Soit directement, soit indirectement par l\u2019interm\u00e9diaire d\u2019Etats ou de mouvements contr\u00f4l\u00e9s.\u00a0[3]\u00bb Par le Rwanda et l\u2019APR\/FPR, la Belgique et la France ont \u00e9t\u00e9 chass\u00e9es\u00a0 de la sous-r\u00e9gion des Grands-Lacs par les USA, la Grande-Bretagne et Isra\u00ebl. Leurs diplomaties ont d\u00fb batailler durement pour que le diff\u00e9rend soit r\u00e9gl\u00e9. Elles pourraient revenir \u00a0officiellement moyennant cet accord.<\/p>\n<p>Il est quand m\u00eame \u00e9tonnant que tous ces pays dont les politiques \u00e9conomiques\u00a0 sont en train de conduire leurs populations \u00e0 la ruine soient ceux que l\u2019ONU propose comme \u00ab\u00a0guides\u00a0\u00bb dans le m\u00e9canisme de suivi. Bon sang\u00a0! Que vont-ils apporter au Congo\u00a0?\u00a0 Un suppl\u00e9ment de mesures d\u2019aust\u00e9rit\u00e9 par l\u2019entremise des IFI\u00a0?\u00a0 Nous avons l\u00e0 une preuve suffisante \u00a0de l\u2019incapacit\u00e9 de l\u2019ONU \u00e0 se d\u00e9partir de sa prise en otage par les pays membres du Conseil de s\u00e9curit\u00e9 et vainqueurs de la seconde guerre mondiale.<\/p>\n<p>Et pourtant, un pays comme le Congo aurait besoin\u00a0 d\u2019\u00eatre accompagn\u00e9 par d\u2019autres pays que ceux qui sont devenus les esclaves de la d\u00e9mocratie du march\u00e9 financiaris\u00e9.<\/p>\n<p>Et certains de ces pays \u00e9taient au sommet \u00e0 Malabo le 22 f\u00e9vrier 2013. Il y avait le Br\u00e9sil, le Venezuela, la Bolivie, l\u2019Equateur, le Ghana etc. Disons que le Congo aurait tout int\u00e9r\u00eat \u00e0 s\u2019inspirer du socialisme (latino-am\u00e9ricain) du XXIe si\u00e8cle\u00a0 que la d\u00e9mocratie du march\u00e9, soubassement\u00a0 de l\u2019imp\u00e9rialisme et du n\u00e9ocolonialisme occidental. Y arriver \u00e0 un prix pr\u00e9alable \u00e0 payer\u00a0: apprendre \u00e0 lire et \u00e0 \u00e9crire pour rompre avec l\u2019esclavage des temps modernes. Mais aussi, mettre hors d\u2019\u00e9tat d\u2019agir les \u00ab\u00a0n\u00e9griers des temps modernes\u00a0\u00bb et leurs clans, constituer de grands mouvements de masses emprunts de civisme et de patriotisme devrait figurer\u00a0 en permanence \u00e0 l\u2019agenda des minorit\u00e9s congolaises\u00a0 organis\u00e9es et agissantes. De toutes les fa\u00e7ons, elles ne sont pas li\u00e9es par un accord-cadre sign\u00e9 par un \u00ab\u00a0n\u00e8gre de service\u00a0\u00bb derri\u00e8re le dos de nos populations.<\/p>\n<p>&nbsp;<\/p>\n<p><em>Mbelu Babanya Kabudi<\/em><\/p>\n<div>\n<hr align=\"left\" size=\"1\" width=\"33%\" \/>\n<div>\n<p>[1] A. HOCHSHILD, <em>Les fant\u00f4mes du roi L\u00e9opold. La terreur coloniale dans l\u2019Etat du Congo, 1884-1908<\/em>, tr.\u00a0 de l\u2019anglais (Etats-Unis) par Marie-Claude Elsen et Frank Strashitz, Paris, Tailandier, 2007, p. 126.<\/p>\n<\/div>\n<div>\n<p>[2] Lire\u00a0 P. PEAN, <em>Carnages. Les guerres secr\u00e8tes des grandes puissances en Afrique<\/em>, Paris, Fayard, 2010, p. 398.<\/p>\n<\/div>\n<div>\n<p>[3] \u00a0M. COLLON, <em>Bush, le cyclon<\/em>, Bruxelles, Oser dire, 2005, p.20-21.<\/p>\n<\/div>\n<\/div>\n","protected":false},"excerpt":{"rendered":"<p>Par Jean-Pierre Mbelu La guerre de basse intensit\u00e9 men\u00e9e contre la RDC peut rev\u00eatir plusieurs formes. Elle peut prendre, \u00e0 certains moments, la forme des accords r\u00e9dig\u00e9s derri\u00e8re le dos de nos populations et avalis\u00e9s par \u00ab les n\u00e9griers des temps modernes \u00bb. L\u2019accord-cadre sign\u00e9 \u00e0 Addis-Abeba le 24 f\u00e9vrier 2013 pose un certain nombre [&hellip;]<\/p>\n","protected":false},"author":1,"featured_media":5101,"comment_status":"open","ping_status":"open","sticky":false,"template":"","format":"standard","meta":{"_acf_changed":false,"content-type":"","footnotes":""},"categories":[107,120,124],"tags":[],"class_list":["post-5088","post","type-post","status-publish","format-standard","has-post-thumbnail","hentry","category-analyses-commentaires","category-mondialisation","category-politique-societe"],"acf":[],"_links":{"self":[{"href":"https:\/\/congolobilelo.com\/IN\/wp-json\/wp\/v2\/posts\/5088","targetHints":{"allow":["GET"]}}],"collection":[{"href":"https:\/\/congolobilelo.com\/IN\/wp-json\/wp\/v2\/posts"}],"about":[{"href":"https:\/\/congolobilelo.com\/IN\/wp-json\/wp\/v2\/types\/post"}],"author":[{"embeddable":true,"href":"https:\/\/congolobilelo.com\/IN\/wp-json\/wp\/v2\/users\/1"}],"replies":[{"embeddable":true,"href":"https:\/\/congolobilelo.com\/IN\/wp-json\/wp\/v2\/comments?post=5088"}],"version-history":[{"count":0,"href":"https:\/\/congolobilelo.com\/IN\/wp-json\/wp\/v2\/posts\/5088\/revisions"}],"wp:featuredmedia":[{"embeddable":true,"href":"https:\/\/congolobilelo.com\/IN\/wp-json\/"}],"wp:attachment":[{"href":"https:\/\/congolobilelo.com\/IN\/wp-json\/wp\/v2\/media?parent=5088"}],"wp:term":[{"taxonomy":"category","embeddable":true,"href":"https:\/\/congolobilelo.com\/IN\/wp-json\/wp\/v2\/categories?post=5088"},{"taxonomy":"post_tag","embeddable":true,"href":"https:\/\/congolobilelo.com\/IN\/wp-json\/wp\/v2\/tags?post=5088"}],"curies":[{"name":"wp","href":"https:\/\/api.w.org\/{rel}","templated":true}]}}