{"id":5081,"date":"2013-02-24T18:48:10","date_gmt":"2013-02-24T18:48:10","guid":{"rendered":"http:\/\/www.ingeta.com\/?p=5081"},"modified":"2013-02-24T18:48:10","modified_gmt":"2013-02-24T18:48:10","slug":"la-rdc-ne-doit-rien-attendre-des-usa-ou-onu-regardons-lamerique-latine","status":"publish","type":"post","link":"https:\/\/congolobilelo.com\/IN\/la-rdc-ne-doit-rien-attendre-des-usa-ou-onu-regardons-lamerique-latine\/","title":{"rendered":"Pourquoi il ne faut rien attendre de l&#8217;ONU &#038; regarder l\u2019Am\u00e9rique latine"},"content":{"rendered":"<p>\t\t\t\tL\u2019analyste politique Jean-Pierre Mbelu d\u00e9voile le v\u00e9ritable sens de l\u2019accord de paix sign\u00e9 \u00e0 Addis-Abeba le 24 f\u00e9vrier 2013 (qui ne respecte ni la souverainet\u00e9 nationale, ni la justice), incite les congolais \u00e0 lutter contre la culture de l\u2019ignorance, \u00e0 travailler sur des rapprochements avec l\u2019Am\u00e9rique latine et explique pourquoi il ne faut pas compter sur les USA, ni sur les Nations-Unies pour la lib\u00e9ration du Congo. \u00ab Les esclaves ne peuvent pas \u00eatre lib\u00e9r\u00e9s par leurs ma\u00eetres \u00bb.<\/p>\n<p><iframe loading=\"lazy\" src=\"http:\/\/www.youtube.com\/embed\/kiWlKyaLgIw\" frameborder=\"0\" width=\"560\" height=\"315\"><\/iframe><\/p>\n<p><strong>Sur la signature de l\u2019accord cadre d\u2019Addis-Abeba le 24 f\u00e9vrier 2013 pour le retour \u00e0 la paix en RDC<\/strong><\/p>\n<blockquote><p>Qui a d\u00e9j\u00e0 r\u00e9dig\u00e9 cet accord ? O\u00f9 cet accord a \u00e9t\u00e9 d\u00e9battu dans notre pays ? Est-ce normal que des pays soi-disant souverains signent un accord dans les tenants et les aboutissants ne sont pas maitris\u00e9s par les membres de ces pays l\u00e0 ? Et quel pourrait \u00eatre la diff\u00e9rence entre cet accord et les autres accords qui l\u2019ont pr\u00e9c\u00e9d\u00e9 ?<\/p><\/blockquote>\n<p><strong>Sur le sens de cet accord de paix pour la RDC<\/strong><\/p>\n<blockquote><p>Cet accord viole la souverainet\u00e9 de notre pays. Ce sont les vainqueurs de la 2\u00e8me guerre mondiale, membres aujourd\u2019hui du conseil de s\u00e9curit\u00e9 de l\u2019ONU, qui ont r\u00e9dig\u00e9 cet accord. Quand on lit cet accord, on se rend compte que les v\u00e9ritables agresseurs du Congo ne sont pas mentionn\u00e9s. Notre pays a \u00e9t\u00e9 agress\u00e9 et nos agresseurs sont connus : Les USA, la Grande-Bretagne et leurs alli\u00e9s.<br \/>\nUn accord qui ne respecte pas notre souverainet\u00e9 nationale, n\u2019implique pas les v\u00e9ritables agresseurs du Congo et ne fait nullement allusion \u00e0 la violation du droit humanitaire international dont notre pays a \u00e9t\u00e9 victime, avec cette guerre d\u2019agression. Cet accord ne fait nullement r\u00e9f\u00e9rence \u00e0 la justice.<\/p><\/blockquote>\n<p><strong>Sur la signature par Kabila de l&#8217;accord de paix d&#8217;Addis-Abeba<\/strong><\/p>\n<blockquote><p>Kabila est cet insecte qui ronge le haricot Congo de l\u2019int\u00e9rieur. Qu\u2019aille signer cet accord ou pas, cela ne nous int\u00e9resse pas. Ce texte l\u00e0 n\u2019engage pas la population congolaise. Cet accord ne l\u2019engage que lui, en tant que marionnette des forces imp\u00e9rialistes et n\u00e9ocolonialistes qui nous font la guerre.<\/p><\/blockquote>\n<p><strong>Sur le fonctionnement du r\u00e9seau transnational de pr\u00e9dation<\/strong><\/p>\n<blockquote><p>Nous n\u2019avons de diplomatie au Congo. Nous avons des infiltr\u00e9s. Et c\u2019est cela qui constitue la faiblesse de nos institutions. Il faut que nous menions une lutte contre la culture de l\u2019ignorance. Ainsi, nous arriverons \u00e0 comprendre comment fonctionne un r\u00e9seau transnational de pr\u00e9dation : Il y a le 1% qui op\u00e8re de l\u2019ext\u00e9rieur et qui est au Nord. Mais il y a aussi le 1% qui est op\u00e8re de l\u2019int\u00e9rieur, au sud, et compos\u00e9 de cette \u00e9lite de compradores avec comme porte-parole, Lambert Mende. Tant que nous n\u2019arriverons pas \u00e0 neutraliser ces infiltr\u00e9s de l\u2019int\u00e9rieur, qui constituent cet insecte qui ronge le haricot Congo de l\u2019int\u00e9rieur, nous n\u2019avancerons pas beaucoup. Pour cela, il faut que les masses populaires comprennent les enjeux de la guerre d\u2019agression qui nous a \u00e9t\u00e9 impos\u00e9e et le r\u00f4le jou\u00e9 par nos \u00e9lites compradores.<\/p><\/blockquote>\n<p><strong>Sur le r\u00f4le des USA dans l\u2019accord d\u2019Addis-Abeba<\/strong><\/p>\n<blockquote><p>Les USA sont dirig\u00e9s par un Etat profond que nous ne parvenons pas \u00e0 identifier, il y a un gouvernement parall\u00e8le compos\u00e9 par le Pentagone et la CIA qui g\u00e8re ce pays en marge de toute la rh\u00e9torique officielle, et ce gouvernement parall\u00e8le a pour alli\u00e9s tous les bandits du monde qui d\u00e9truisent des pays souverains. Les USA ne jouissent d\u2019aucune autorit\u00e9 morale, ils ne peuvent \u00eatre d\u2019aucune aide pour notre pays. Tout ce qu\u2019ils peuvent faire, c\u2019est de soutenir des bandits, op\u00e9rant dans la sous-r\u00e9gion des Grands Lacs, pour pouvoir contribuer \u00e0 l\u2019implosion de notre pays. Se fier \u00e0 la rh\u00e9torique officielle am\u00e9ricaine, c\u2019est faire un tr\u00e8s mauvais choix pour notre avenir.<\/p><\/blockquote>\n<p><strong>Sur le sens du 11 septembre 2001 pour le Congo et l\u2019Afrique<\/strong><\/p>\n<blockquote><p>Depuis le 11 septembre 2001, les pays membres du conseil de s\u00e9curit\u00e9 ont rompu avec le respect du droit humanitaire international. Comme les USA veulent imposer un nouvel ordre am\u00e9ricain au Monde, ils se comportent en tenant compte aucunement des r\u00e8gles du droit international. Et quand vous ne voulez pas suivre la voie am\u00e9ricaine qu\u2019ils vous imposent, ils vous \u00e9crasent et vous tuent.<\/p><\/blockquote>\n<p><strong>Sur le sommet Afrique-Am\u00e9rique Latine du 22 f\u00e9vrier 2013 \u00e0 Malabo<\/strong><\/p>\n<blockquote><p>Ce sommet a constitu\u00e9 un lieu de rencontres entre d\u00e9cideurs qui ont compris que tant qu\u2019il n\u2019y aura pas de changements au niveau de la constitution du conseil de s\u00e9curit\u00e9 des Nations-Unies, les d\u00e9cisions qui seront prises par le responsable de l\u2019ONU n\u2019auront aucun impact positif r\u00e9el sur nos pays. Evo Morales y a d\u00e9clar\u00e9 ceci : \u00ab Nous devons \u00eatre ensemble (les pays du sud) pour nous lib\u00e9rer&#8230; Puissance de l&#8217;Otan, Conseil de s\u00e9curit\u00e9 des Nations unies&#8230; Quel conseil de s\u00e9curit\u00e9 ? C&#8217;est un conseil d&#8217;ins\u00e9curit\u00e9!\u00bb Nous ne pouvons plus aujourd\u2019hui compter sur ce conseil d\u2019ins\u00e9curit\u00e9 pour lib\u00e9rer les pays d\u2019Afrique. Les esclaves ne peuvent pas \u00eatre lib\u00e9r\u00e9s par leurs ma\u00eetres. Il y a un esclavage volontaire li\u00e9 au viol de l\u2019imaginaire de la plupart d\u2019entre nous et qui a \u00e9t\u00e9 entretenu au Sud et nous n\u2019allons pas demander au ma\u00eetre tirant profit de cet esclavage volontaire de nous lib\u00e9rer en se servant des institutions qu\u2019il domine.<\/p><\/blockquote>\n<p><strong>Sur les rencontres et organisations Sud-Sud<\/strong><\/p>\n<blockquote><p>Quand ces rencontres et ces organisations sont critiqu\u00e9es, les critiques proviennent surtout des Etats du Nord qui ne voudraient pas voir le sud s\u2019organiser. Aujourd\u2019hui, il y a lieu d\u2019\u00eatre fiers de l\u2019Am\u00e9rique latine : Elle est en train de r\u00e9ussir l\u2019int\u00e9gration politique ainsi que l\u2019int\u00e9gration \u00e9conomique. Si nous pouvions nous laisser contaminer par le socialisme du 21\u00e8me si\u00e8cle, l\u2019Afrique ferait de grands bonds. C\u2019est en ayant, demain, des Etats de droit d\u00e9mocratiques que nous pourrons activer une diplomatie qui aille vers les Etats comme l\u2019Equateur, la Bolivie, le Venezuela et le Br\u00e9sil. Pour que la coop\u00e9ration Sud-Sud porte l\u2019avenir du Monde.<\/p><\/blockquote>\n<p><strong>Sur le dialogue intercongolais<\/strong><\/p>\n<blockquote><p>Si nous voulons avancer au pays, il suffit d\u2019ouvrir l\u2019espace politique. Il suffit de revenir \u00e0 la l\u00e9gitimit\u00e9 politique. Nous critiquons les pays occidentaux, mais quelque part, ces pays ont l\u2019avantage d\u2019\u00eatre ouvert au d\u00e9bat politique m\u00eame s\u2019ils sont en train de tomber dans l\u2019apolitisme. Nous n\u2019avons pas de besoin de dialogue intercongolais circonstanci\u00e9, nous devons cr\u00e9er un espace de d\u00e9bat permanent o\u00f9 les points de vue de ceux qui ne sont pas de la majorit\u00e9 pr\u00e9sidentielle kabiliste peuvent \u00eatre \u00e9cout\u00e9s et critiqu\u00e9s. Et s\u2019il doit y avoir un d\u00e9bat, c\u2019est avec ceux qui nous agressent. Arr\u00eatons avec cette politique de l\u2019autruche qui consiste \u00e0 nous convaincre abusivement que nous avons des probl\u00e8mes entre nous.<\/p><\/blockquote>\n<p><strong>Sur la mobilisation de nos populations<\/strong><\/p>\n<blockquote><p>La coh\u00e9sion nationale s\u2019organise autour de deux piliers : un sentiment de justice et un maximum de confiance. On reconstitue ces deux piliers par des d\u00e9bats permanents et non par une seule conf\u00e9rences ou un dialogue intercongolais. Nous n\u2019avons pas besoin d\u2019un petit dialogue mais de la mobilisation de nos masses. Pour en faire des masses bien \u00e9duqu\u00e9es autour des enjeux majeurs de la guerre de basse intensit\u00e9 qui s\u00e9vit chez nous. Si nos populations sont au fait des enjeux de cette guerre de basse intensit\u00e9, elles peuvent se mobiliser devenir des masses r\u00e9sistantes comme les alg\u00e9riens l\u2019ont fait en leur temps.<\/p>\n<p>&nbsp;<\/p><\/blockquote>\n","protected":false},"excerpt":{"rendered":"<p>L\u2019analyste politique Jean-Pierre Mbelu d\u00e9voile le v\u00e9ritable sens de l\u2019accord de paix sign\u00e9 \u00e0 Addis-Abeba le 24 f\u00e9vrier 2013 (qui ne respecte ni la souverainet\u00e9 nationale, ni la justice), incite les congolais \u00e0 lutter contre la culture de l\u2019ignorance, \u00e0 travailler sur des rapprochements avec l\u2019Am\u00e9rique latine et explique pourquoi il ne faut pas compter [&hellip;]<\/p>\n","protected":false},"author":1,"featured_media":5082,"comment_status":"open","ping_status":"open","sticky":false,"template":"","format":"standard","meta":{"_acf_changed":false,"content-type":"","footnotes":""},"categories":[107,120,124],"tags":[],"class_list":["post-5081","post","type-post","status-publish","format-standard","has-post-thumbnail","hentry","category-analyses-commentaires","category-mondialisation","category-politique-societe"],"acf":[],"_links":{"self":[{"href":"https:\/\/congolobilelo.com\/IN\/wp-json\/wp\/v2\/posts\/5081","targetHints":{"allow":["GET"]}}],"collection":[{"href":"https:\/\/congolobilelo.com\/IN\/wp-json\/wp\/v2\/posts"}],"about":[{"href":"https:\/\/congolobilelo.com\/IN\/wp-json\/wp\/v2\/types\/post"}],"author":[{"embeddable":true,"href":"https:\/\/congolobilelo.com\/IN\/wp-json\/wp\/v2\/users\/1"}],"replies":[{"embeddable":true,"href":"https:\/\/congolobilelo.com\/IN\/wp-json\/wp\/v2\/comments?post=5081"}],"version-history":[{"count":0,"href":"https:\/\/congolobilelo.com\/IN\/wp-json\/wp\/v2\/posts\/5081\/revisions"}],"wp:featuredmedia":[{"embeddable":true,"href":"https:\/\/congolobilelo.com\/IN\/wp-json\/"}],"wp:attachment":[{"href":"https:\/\/congolobilelo.com\/IN\/wp-json\/wp\/v2\/media?parent=5081"}],"wp:term":[{"taxonomy":"category","embeddable":true,"href":"https:\/\/congolobilelo.com\/IN\/wp-json\/wp\/v2\/categories?post=5081"},{"taxonomy":"post_tag","embeddable":true,"href":"https:\/\/congolobilelo.com\/IN\/wp-json\/wp\/v2\/tags?post=5081"}],"curies":[{"name":"wp","href":"https:\/\/api.w.org\/{rel}","templated":true}]}}