{"id":5075,"date":"2013-02-20T18:29:58","date_gmt":"2013-02-20T18:29:58","guid":{"rendered":"http:\/\/www.ingeta.com\/?p=5075"},"modified":"2013-02-20T18:29:58","modified_gmt":"2013-02-20T18:29:58","slug":"grande-manifestation-a-goma-le-jeudi-21-fevrier-2013","status":"publish","type":"post","link":"https:\/\/congolobilelo.com\/IN\/grande-manifestation-a-goma-le-jeudi-21-fevrier-2013\/","title":{"rendered":"Grande manifestation \u00e0 Goma, le jeudi 21 f\u00e9vrier 2013"},"content":{"rendered":"<p>\t\t\t\tLe mouvement des jeunes non violents LUCHA RD CONGO\/Goma organise un grand rassemblement de la population en g\u00e9n\u00e9rale, sit-in au devant du Bureau de l\u2019Assembl\u00e9e Provinciale du Nord-Kivu pour exiger l\u2019implication des d\u00e9put\u00e9s provinciaux (\u00e9lus du peuple) dans la qu\u00eate d\u2019une solution aux probl\u00e8mes de la voirie urbaine (quasi inexistante malgr\u00e9 les promesses du gouvernement provincial) et du manque d\u2019eau potable (cause des maladies hydriques) dans la ville de Goma.<\/p>\n<div>Grande manifestation (Sit-in) des jeunes (dossier voirie urbaine \u00e0 refaire et manque d&#8217;eau potable) demain au Bureau de l&#8217;Assembl\u00e9e Provinciale du Nord-Kivu \u00e0 Goma.<\/div>\n<div>UNE ONCE DE PRATIQUE VAUT PLUS QU&#8217;UNE TONNE DE DISCOURS.<\/div>\n<p>Goma : le mouvement Lutte pour le Changement (La Luca !) organise un sit-in au si\u00e8ge de l&#8217;assembl\u00e9e provinciale du Nord-Kivu (h\u00f4tel Fleur de Lys) \u00e0 partir de ce jeudi 21 f\u00e9vrier 2013. But : exiger la r\u00e9fection rapide de la voirie urbaine de Goma et la r\u00e9solution rapide du probl\u00e8me de carence d&#8217;eau potable dans la ville.<\/p>\n<p>Nous allons y rester jour et nuit jusqu&#8217;\u00e0 ce que ces revendications soient satisfaites. Pour la route : le 15 mars nous voulons voir achev\u00e9es les 10,5km promises (bien asphalt\u00e9es). En attendant, nous proposons un autre sch\u00e9ma de d\u00e9viations pour faciliter la circulation et emp\u00eacher la hausse des prix du transport et les accidents dans les quartiers.<\/p>\n<p>A la session de mars, les d\u00e9put\u00e9s doivent \u00e9tablir les responsabilit\u00e9s et sanctionner ceux qui nous ont fait subir cette situation (\u00e9tat des routes) pendant plus de deux ans. Pour l&#8217;eau, nous exigeons que la question soit \u00e9galement plac\u00e9e en priorit\u00e9 \u00e0 l&#8217;ordre du jour de la session de mars. Si l&#8217;assembl\u00e9e provinciale n&#8217;a rien fait au 26 f\u00e9vrier, nous exigerons tout simplement sa d\u00e9mission ainsi que celle du gouvernement provincial. Tout le monde est invit\u00e9 \u00e0 venir participer \u00e0 ce sit-in et \u00e0 nous soutenir.<\/p>\n<p>Pas de r\u00e9cup\u00e9ration politique ni de casse : la manifestation est et restera non-violente.<\/p>\n<p>Pour tout contact, appelez ou envoyer un sms \u00e0 LA LUCHA au 099 4645 977 ou un email \u00e0 <a href=\"mailto:lucha.rdc@gmail.com\" target=\"_blank\" rel=\"noopener\">lucha.rdc@gmail.com<\/a> ou encore aimez la page de la lucha sur Facebook : LUCHA, RD CONGO. Le changement commence par chacun d&#8217;entre-nous. Ce n&#8217;est pas aux autres de l&#8217;apporter, c&#8217;est \u00e0 chaque citoyen qui aime son pays d&#8217;y contribuer par un acte, aussi petit ou symbolique soit-il. Alors, n&#8217;attendez pas, n&#8217;h\u00e9sitez pas. Un autre Congo est possible, si nous osons y oeuvrer d\u00e8s maintenant. A la Luca !\t\t<\/p>\n","protected":false},"excerpt":{"rendered":"<p>Le mouvement des jeunes non violents LUCHA RD CONGO\/Goma organise un grand rassemblement de la population en g\u00e9n\u00e9rale, sit-in au devant du Bureau de l\u2019Assembl\u00e9e Provinciale du Nord-Kivu pour exiger l\u2019implication des d\u00e9put\u00e9s provinciaux (\u00e9lus du peuple) dans la qu\u00eate d\u2019une solution aux probl\u00e8mes de la voirie urbaine (quasi inexistante malgr\u00e9 les promesses du gouvernement [&hellip;]<\/p>\n","protected":false},"author":1,"featured_media":5076,"comment_status":"open","ping_status":"open","sticky":false,"template":"","format":"standard","meta":{"_acf_changed":false,"content-type":"","footnotes":""},"categories":[116,122],"tags":[],"class_list":["post-5075","post","type-post","status-publish","format-standard","has-post-thumbnail","hentry","category-manifs","category-news-alertes"],"acf":[],"_links":{"self":[{"href":"https:\/\/congolobilelo.com\/IN\/wp-json\/wp\/v2\/posts\/5075","targetHints":{"allow":["GET"]}}],"collection":[{"href":"https:\/\/congolobilelo.com\/IN\/wp-json\/wp\/v2\/posts"}],"about":[{"href":"https:\/\/congolobilelo.com\/IN\/wp-json\/wp\/v2\/types\/post"}],"author":[{"embeddable":true,"href":"https:\/\/congolobilelo.com\/IN\/wp-json\/wp\/v2\/users\/1"}],"replies":[{"embeddable":true,"href":"https:\/\/congolobilelo.com\/IN\/wp-json\/wp\/v2\/comments?post=5075"}],"version-history":[{"count":0,"href":"https:\/\/congolobilelo.com\/IN\/wp-json\/wp\/v2\/posts\/5075\/revisions"}],"wp:featuredmedia":[{"embeddable":true,"href":"https:\/\/congolobilelo.com\/IN\/wp-json\/"}],"wp:attachment":[{"href":"https:\/\/congolobilelo.com\/IN\/wp-json\/wp\/v2\/media?parent=5075"}],"wp:term":[{"taxonomy":"category","embeddable":true,"href":"https:\/\/congolobilelo.com\/IN\/wp-json\/wp\/v2\/categories?post=5075"},{"taxonomy":"post_tag","embeddable":true,"href":"https:\/\/congolobilelo.com\/IN\/wp-json\/wp\/v2\/tags?post=5075"}],"curies":[{"name":"wp","href":"https:\/\/api.w.org\/{rel}","templated":true}]}}