{"id":5059,"date":"2013-02-18T10:19:13","date_gmt":"2013-02-18T10:19:13","guid":{"rendered":"http:\/\/www.ingeta.com\/?p=5059"},"modified":"2013-02-18T10:19:13","modified_gmt":"2013-02-18T10:19:13","slug":"quand-barack-obama-decide-de-la-mort-de-la-rd-congo","status":"publish","type":"post","link":"https:\/\/congolobilelo.com\/IN\/quand-barack-obama-decide-de-la-mort-de-la-rd-congo\/","title":{"rendered":"Quand Barack Obama veut la mort de la RD Congo&#8230;"},"content":{"rendered":"<p>\t\t\t\tL\u2019analyste politique Jean-Pierre Mbelu d\u00e9montre comment le Congo d\u2019aujourd\u2019hui est au service de l\u2019imp\u00e9rialisme et du n\u00e9ocolonialisme. Et expose la d\u00e9termination de l\u2019Am\u00e9rique d\u2019Obama pour aboutir \u00e0 la balkanisation et l\u2019implosion du Congo.<\/p>\n<p><iframe loading=\"lazy\" src=\"http:\/\/www.youtube.com\/embed\/mmLjmGD2RxU\" frameborder=\"0\" width=\"560\" height=\"315\"><\/iframe><br \/>\n<strong><br \/>\nSur une c\u00e9l\u00e9bration officielle de la journ\u00e9e du 16 f\u00e9vrier au Congo<\/strong><\/p>\n<blockquote><p>Le gouvernement usurpateur en place au Congo est au service de l\u2019imp\u00e9rialisme et du n\u00e9ocolonialisme. Il ne peut donc retenir cette date parmi ses priorit\u00e9s pour la bonne raison que cette date est l\u2019une desquelles notre peuple a essay\u00e9 de se mettre debout.<\/p><\/blockquote>\n<p><strong>Sur le sens de la date du 16 f\u00e9vrier pour les Congolais<\/strong><\/p>\n<blockquote><p>Cette date doit, \u00e0 tout moment dans l\u2019imaginaire des congolais, mobiliser notre peuple et lui demander de ne jamais se coucher mais de toujours se mettre debout et de travailler \u00e0 l\u2019insurrection des consciences pour pouvoir renforcer l\u2019ordre n\u00e9ocolonial et imp\u00e9rialiste.<br \/>\nPourquoi le gouvernement actuel a peur que le peuple se r\u00e9f\u00e8re \u00e0 la date du 16 f\u00e9vrier ? Parce qu\u2019il est convaincu que le peuple combat le m\u00eame ennemi qu\u2019il a combattu hier et qu\u2019il combat encore aujourd\u2019hui. Il a peur que le peuple congolais puisse les identifier comme les n\u00e8gres de service de l\u2019imp\u00e9rialisme et du colonialisme.<\/p><\/blockquote>\n<p><strong>Sur l\u2019arrestation du leader de l\u2019UFRC et la justice au Congo<\/strong><\/p>\n<blockquote><p>Pourquoi Lambert Mende ne demande pas \u00e0 ceux qui ont arr\u00eat\u00e9 Gustave Bagayamukwe de pouvoir aller arr\u00eater Bosco Ntaganda, Laurent Nkunda, les membres du M23 avec lesquels le gouvernement de Mende est en train de n\u00e9gocier \u00e0 kampala. Or ces derniers ont d\u00e9j\u00e0 tu\u00e9, pill\u00e9 impun\u00e9ment.<br \/>\nPar ailleurs, cette arrestation a \u00e9t\u00e9 extrajudiciaire. Est-ce qu\u2019il y a eu un mandat \u00e0 l\u2019encontre de M. Gustave ? Qu\u2019il soit rebelle ou pas, en mati\u00e8re de justice quand quelqu\u2019un est arr\u00eat\u00e9, on doit lui trouver un avocat de fa\u00e7on \u00e0 ce qu\u2019il soit capable de se justifier. M\u00eame s\u2019il est condamn\u00e9, qu\u2019il le soit en bonne et due forme. Ce sont tout simplement des m\u00e9thodes d\u2019un pouvoir usurpateur aux ordres de l\u2019imp\u00e9rialisme et du n\u00e9ocolonialisme.<\/p><\/blockquote>\n<p><strong>Sur Lambert Mende et la question des origines de Joseph Kabila<\/strong><\/p>\n<blockquote><p>Cette question est une diversion. Le pays fait face \u00e0 une crise tr\u00e8s profonde, et au moment o\u00f9 certains acteurs sont en train de se battre pour que le Congo trouve une issue \u00e0 cette crise l\u00e0, Mende vient avec une pol\u00e9mique inutile.<br \/>\nLa question n\u2019est pas de savoir si Joseph Kabila est ou n\u2019est pas le fils de Laurent-D\u00e9sir\u00e9 Kabila, la question majeure est celle de pouvoir examiner le mode de gestion du pays par Joseph Kabila depuis plus de 10 ans : Quel est son bilan \u00e0 la t\u00eate du Congo ?<br \/>\nKabila ne fera pas de test d\u2019ADN, il sait le r\u00f4le qu\u2019il joue \u00e0 la t\u00eate de notre pays. Pourquoi alors passer notre temps \u00e0 organiser des d\u00e9bats sur cette question alors qu\u2019il y a des enjeux plus importants qui devraient retenir notre attention : celle de la l\u00e9gitimit\u00e9 politique, celle de la v\u00e9rit\u00e9 des urnes, celle de la paup\u00e9risation de nos populations.<\/p><\/blockquote>\n<p><strong>Sur le dialogue national et le refus de l\u2019UDPS d\u2019y participer<\/strong><\/p>\n<blockquote><p>L\u2019UDPS est coh\u00e9rente avec elle-m\u00eame. S\u2019il avait accept\u00e9 d\u2019aller \u00e0 ce dialogue, elle se contredirait. Par ailleurs, quel est le poids moral de Joseph Kabila aujourd\u2019hui pour qu\u2019il puisse convoquer un dialogue au Congo ? Il repr\u00e9sente quoi ? Il repr\u00e9sente qui ? Est-ce qu\u2019il serait normal que quelqu\u2019un repr\u00e9sentant la classe des tricheurs et des fraudeurs soit celui-l\u00e0 m\u00eame qui puisse convoquer un dialogue national pour pouvoir r\u00e9aliser la coh\u00e9sion nationale ?<br \/>\nAller au dialogue, c\u2019est d\u2019accepter de partager le pouvoir avec ceux qui l\u2019ont usurp\u00e9 et qui veulent r\u00e9gner au Congo par d\u00e9fi.<\/p><\/blockquote>\n<p><strong>Sur la suite des n\u00e9gociations de Kampala<\/strong><\/p>\n<blockquote><p>Contrairement aux apparences, les choses avancent tr\u00e8s bien \u00e0 Kampala. Pour le gouvernement usurpateur de Kinshasa et ses amis soutenus par le Rwanda et l\u2019Ouganda, Kampala constitue un moment, un lieu o\u00f9 ils s\u2019organisent pour d\u00e9douaner le Rwanda et l\u2019Ouganda de leur implication dans la guerre de basse intensit\u00e9 au Congo et poursuivre l\u2019affaiblissement de notre pays.<\/p><\/blockquote>\n<p><strong>Sur la situation du Congo aujourd\u2019hui<\/strong><\/p>\n<blockquote><p>Le Congo est dans une situation exceptionnelle, c\u2019est un pays sous occupation, qui a une classe politique indigne dans son immense majorit\u00e9, qui a des fils et des filles qui ont vendu leur \u00e2me pour pouvoir toucher des sous et n\u00e9gocier et blanchir leurs parrains.<\/p><\/blockquote>\n<p><strong>Sur la solution am\u00e9ricaine pour le Congo<\/strong><\/p>\n<blockquote><p>La th\u00e9rapie propos\u00e9e par les am\u00e9ricains pour le Congo est une th\u00e9rapie de la mort. <a href=\"http:\/\/www.dailymotion.com\/video\/xlp2d6_le-plan-us-post-11-9-envahir-7-pays-dont-l-irak-la-lybie-la-syrie-et-l-iran-selon-le-general-us-wesl_news#.USH1svJqySo\">Le soudan avait \u00e9t\u00e9 programm\u00e9 pour \u00eatre d\u00e9truit<\/a> et aujourd\u2019hui, il est divis\u00e9 en deux parties. Quand Johnnie Carson dit que les USA vont appliquer au Congo la m\u00eame th\u00e9rapie qu\u2019ils ont appliqu\u00e9 au Soudan et dans l\u2019ex-Yougoslavie qui a aussi \u00e9t\u00e9 attaqu\u00e9 et divis\u00e9, il faut comprendre qu\u2019ils veulent la balkanisation et \u00e0 l\u2019implosion du Congo avec l\u2019appui de l\u2019ONU et de leurs partenaires africains.<br \/>\n<a href=\"http:\/\/allafrica.com\/stories\/201302130633.html\">Les am\u00e9ricains disent tout haut<\/a>, ce que beaucoup de congolais disent tout bas. En publiant notre livre \u00ab La RDC face au complot de balkanisation et de l\u2019implosion \u00bb, nous avons r\u00e9ussi \u00e0 dire, tout en indiquant les acteurs internes et externes de ce complot, voil\u00e0 un complot dont on parle aujourd\u2019hui \u00e0 haute voix, mais qui sera l\u2019aboutissement d\u2019une guerre de basse intensit\u00e9, men\u00e9e chez nous pendant plusieurs ann\u00e9es.<\/p><\/blockquote>\n","protected":false},"excerpt":{"rendered":"<p>L\u2019analyste politique Jean-Pierre Mbelu d\u00e9montre comment le Congo d\u2019aujourd\u2019hui est au service de l\u2019imp\u00e9rialisme et du n\u00e9ocolonialisme. Et expose la d\u00e9termination de l\u2019Am\u00e9rique d\u2019Obama pour aboutir \u00e0 la balkanisation et l\u2019implosion du Congo. Sur une c\u00e9l\u00e9bration officielle de la journ\u00e9e du 16 f\u00e9vrier au Congo Le gouvernement usurpateur en place au Congo est au service [&hellip;]<\/p>\n","protected":false},"author":1,"featured_media":5060,"comment_status":"open","ping_status":"open","sticky":false,"template":"","format":"standard","meta":{"_acf_changed":false,"content-type":"","footnotes":""},"categories":[107,124],"tags":[],"class_list":["post-5059","post","type-post","status-publish","format-standard","has-post-thumbnail","hentry","category-analyses-commentaires","category-politique-societe"],"acf":[],"_links":{"self":[{"href":"https:\/\/congolobilelo.com\/IN\/wp-json\/wp\/v2\/posts\/5059","targetHints":{"allow":["GET"]}}],"collection":[{"href":"https:\/\/congolobilelo.com\/IN\/wp-json\/wp\/v2\/posts"}],"about":[{"href":"https:\/\/congolobilelo.com\/IN\/wp-json\/wp\/v2\/types\/post"}],"author":[{"embeddable":true,"href":"https:\/\/congolobilelo.com\/IN\/wp-json\/wp\/v2\/users\/1"}],"replies":[{"embeddable":true,"href":"https:\/\/congolobilelo.com\/IN\/wp-json\/wp\/v2\/comments?post=5059"}],"version-history":[{"count":0,"href":"https:\/\/congolobilelo.com\/IN\/wp-json\/wp\/v2\/posts\/5059\/revisions"}],"wp:featuredmedia":[{"embeddable":true,"href":"https:\/\/congolobilelo.com\/IN\/wp-json\/"}],"wp:attachment":[{"href":"https:\/\/congolobilelo.com\/IN\/wp-json\/wp\/v2\/media?parent=5059"}],"wp:term":[{"taxonomy":"category","embeddable":true,"href":"https:\/\/congolobilelo.com\/IN\/wp-json\/wp\/v2\/categories?post=5059"},{"taxonomy":"post_tag","embeddable":true,"href":"https:\/\/congolobilelo.com\/IN\/wp-json\/wp\/v2\/tags?post=5059"}],"curies":[{"name":"wp","href":"https:\/\/api.w.org\/{rel}","templated":true}]}}