{"id":5045,"date":"2013-02-15T16:27:16","date_gmt":"2013-02-15T16:27:16","guid":{"rendered":"http:\/\/www.ingeta.com\/?p=5045"},"modified":"2013-02-15T16:27:16","modified_gmt":"2013-02-15T16:27:16","slug":"mobutu-sese-seko-joseph-kabila-et-la-date-du-16-fevrier","status":"publish","type":"post","link":"https:\/\/congolobilelo.com\/IN\/mobutu-sese-seko-joseph-kabila-et-la-date-du-16-fevrier\/","title":{"rendered":"Mobutu Sese Seko, Joseph Kabila et la date du 16 f\u00e9vrier"},"content":{"rendered":"<p>\t\t\t\t<em>Par Jean-Pierre Mbelu<\/em><\/p>\n<p><strong>Le 16 f\u00e9vrier est une date symbolique. Elle dit d\u00e9sormais le d\u00e9sir d\u2019un peuple de se mettre debout pour lutter contre les forces de la mort internes et externes afin qu\u2019il devienne \u00ab d\u00e9miurge \u00bb de son destin. Incarnations de l\u2019imp\u00e9rialisme et du n\u00e9ocolonialisme, les \u00ab clans \u00bb Mobutu et Kabila (Mobutu light) ont voulu effacer cette grande date des esprits et des c\u0153urs de notre peuple pour casser tous les ressorts de la culture de la r\u00e9sistance contre le syst\u00e8me qu\u2019ils repr\u00e9sentent. Les motifs s\u00e9curitaires avanc\u00e9s sont souvent mensongers. Revisitons notre histoire.<\/strong><\/p>\n<p>Plusieurs d\u2019entre nous savent que M. Mobutu fut un agent des USA\u00a0 au cours de la guerre\u00a0 dite froide. Certains savent qu\u2019il\u00a0 fut un membre de la CIA et de la s\u00fbret\u00e9 belge[1]. En d\u2019autres termes, M. Mobutu fut un agent de l\u2019imp\u00e9rialisme et du n\u00e9ocolonialisme.\u00a0 Tout au long\u00a0 de son r\u00e8gne dictatorial, il a, avec l\u2019appui de ses alli\u00e9s imp\u00e9rialistes et n\u00e9ocolonialistes, entretenu le syst\u00e8me d\u2019exploitation et d\u2019asservissement.<\/p>\n<p>Apr\u00e8s l\u2019assassinat de Lumumba, il lutta contre les forces r\u00e9volutionnaires et progressistes repr\u00e9sent\u00e9es par Christophe Gbenye, Pierre Mulele, Gaston Soumialot, Antoine Gizenga, etc. Vers les ann\u00e9es 1964,tous firent partie du \u00ab\u00a0mouvement, qui a re\u00e7u son impulsion des partis lumumbistes, majoritaires sur le plan parlementaire et \u00e0 qui toute opposition vient d\u2019\u00eatre interdite, (qui) a de profondes racines dans le m\u00e9contentement du peuple congolais, qui a le sentiment que l\u2019ind\u00e9pendance dont il attendait, quatre ans plus t\u00f4t, mille avantages, lui a \u00e9t\u00e9 vol\u00e9e par <strong><em>une classe de profiteurs noirs<\/em><\/strong>, \u00e9troitement soumise \u00e0 d\u2019anciennes influences coloniales et \u00e0 l\u2019influence de plus en plus pr\u00e9pond\u00e9rante des Etats-Unis.[2]\u00a0\u00bb<\/p>\n<p>Ce mouvement port\u00e9 par le peuple donna du fil \u00e0 retordre\u00a0 \u00e0 l\u2019A.N.C. de Mobutu et \u00e0 ses mercenaires dans sa lutte pour\u00a0 sauver la l\u00e9gitimit\u00e9\u00a0 des institutions issues\u00a0 des \u00e9lections de 1960\u00a0 et recouvrer la v\u00e9ritable ind\u00e9pendance du pays. Ceux d\u2019entre nous qui\u00a0 connaissent notre v\u00e9ritable histoire savent qu\u2019\u00a0 \u00ab\u00a0il faudra l\u2019intervention directe des troupes belges transport\u00e9es par l\u2019aviation am\u00e9ricaine et leur parachutage sur Stanleyville (Kisangani), la capitale de l\u2019insurrection, ainsi que l\u2019organisation, par des officiers sup\u00e9rieurs belges, de l\u2019exp\u00e9dition des forces mercenaires lanc\u00e9es \u00e0 la conqu\u00eate de cette ville, <strong><em>pour briser l\u2019\u00e9lan des forces populaires<\/em><\/strong>.[3]\u00a0\u00bb Comment fut justifi\u00e9e cette intervention\u00a0?\u00a0\u00a0 Le journal <strong><span style=\"text-decoration: underline;\">Le Monde<\/span><\/strong> rapporta ceci (apr\u00e8s le colloque entre l\u2019envoy\u00e9 sp\u00e9cial du Pr\u00e9sident am\u00e9ricain Johnson (Averell Harriman) et le ministre belge des Affaires \u00e9trang\u00e8res Paul Henri Spaak)\u00a0: \u00ab\u00a0Il se confirme \u00e0 Bruxelles que les Etats-Unis entendent, s\u2019il le faut, intervenir directement au Congo pour \u00e9viter \u00e0 tout prix que ce pays ne verse dans le camp communiste.\u00a0\u00bb (Pour que ce pays ne soit plus sous notre contr\u00f4le\u00a0!)<\/p>\n<p>La peur du basculement dans le camp communiste\u00a0 du Congo\u00a0 fut une fa\u00e7on imp\u00e9rialiste d\u2019\u00e9viter que\u00a0 ce pays ne soit port\u00e9 par \u00ab\u00a0les forces populaires\u00a0\u00bb, garantes de son ind\u00e9pendance et de son autod\u00e9termination.\u00a0\u00a0 L\u2019intervention directe de la Belgique et des Etats-Unis\u00a0 contribua \u00e0 l\u2019ascension du futur dictateur et \u00e0 la consolidation de son syst\u00e8me. Elle emp\u00eacha le triomphe des forces populaires. L\u2019assassinat\u00a0 de Pierre Mulele ass\u00e9na un coup tr\u00e8s dur \u00e0 ces forces populaires. (Notons en passant Les cr\u00e9ateurs de Mobutu voulaient conserver notre pays dans les limites de ses fronti\u00e8res actuelles. Quand nous disons de temps en temps que sous Mobutu, le petit Rwanda ne pouvait pas se jouer de nous. Nous oublions d\u2019ajouter que cela ne\u00a0 faisait pas partie des pr\u00e9occupations de ses cr\u00e9ateurs. Maintenant qu\u2019ils ont fabriqu\u00e9 d\u2019autres marionnettes, ils estiment que le Congo est trop grand pour \u00eatre dirig\u00e9 \u00e0 partir de Kinshasa. Ils sont dispos\u00e9s \u00e0 nous aider comme ils l\u2019ont fait au Soudan et en ex-Yougoslavie\u00a0; c\u2019est-\u00e0-dire en travaillant \u00e0 l\u2019implosion du pays.)<\/p>\n<p>Le rappel de cette page de\u00a0 l\u2019histoire de notre pays permet de comprendre que les quelques heures ou jours de lucidit\u00e9 de Mobutu n\u2019avaient pas tu\u00e9 en lui\u00a0 son appartenance au syst\u00e8me\u00a0 imp\u00e9rialiste et n\u00e9ocolonialiste.\u00a0\u00a0 Cr\u00e9ature de ce syst\u00e8me (lui et son clan), il ne lui \u00e9tait pas possible de s\u2019en d\u00e9partir. C\u2019est vrai que le 04 octobre 1973, \u00e0 la tribune des\u00a0 Nations Unies, Mobutu fut montre de quelques heures de lucidit\u00e9.\u00a0 Il fit aussi preuve de lucidit\u00e9 en initiant les consultations populaires apr\u00e8s la chute du mur de Berlin et en\u00a0 acceptant le d\u00e9but des travaux de la Conf\u00e9rence Nationale Souveraine. Mais, agent de l\u2019imp\u00e9rialisme et du n\u00e9ocolonialisme\u00a0 (avec toute la classe politique de \u00ab\u00a0profiteurs noirs\u00a0\u00bb tournant autour de lui), il ne\u00a0 pouvait pas pers\u00e9v\u00e9rer sur cette voie de l\u2019ouverture \u00ab\u00a0aux forces populaires\u00a0\u00bb qu\u2019il avait combattues avec le soutien de ses alli\u00e9s imp\u00e9rialistes et n\u00e9ocolonialistes \u00e0 son accession (putschiste) au pouvoir.<\/p>\n<p>Aussi cette \u00ab\u00a0ouverture\u00a0\u00bb a-t-elle constitu\u00e9 un avertissement pour\u00a0 ses cr\u00e9ateurs ext\u00e9rieurs et\u00a0 ses \u00ab\u00a0dinosaures\u00a0\u00bb int\u00e9rieurs\u00a0: elle risquait de constituer la fin d\u2019un syst\u00e8me ayant contribu\u00e9 \u00e0 leur enrichissement illicite,\u00a0 de leur mainmise sur le Congo et de tous les privil\u00e8ges li\u00e9s au mode de fonctionnement dudit syst\u00e8me.<\/p>\n<p>Dans ce contexte, la CNS, en marge des pantalonnades\u00a0 auxquelles elle a donn\u00e9 lieu, faisait signe\u00a0: elle disait la capacit\u00e9 du peuple congolais \u2013 pas confondre peuple et population- de rena\u00eetre de ses cendres, de se remettre debout pour repartir sur des bases saines.\u00a0 En fermant les assises\u00a0 de la CNS, Mobutu, otage des forces de la mort internes et externes, tenait \u00e0 casser les ressorts de la dynamique d\u2019un peuple se voulant debout et d\u00e9miurge de son destin.<\/p>\n<p>Ce peuple risquait de faire l\u2019ombre \u00a0aux \u00ab\u00a0vainqueurs\u00a0\u00bb de la guerre froide\u00a0; \u00e0 ceux qui, apr\u00e8s la chute du mur de Berlin, ont cri\u00e9 \u00e0 \u00ab\u00a0la fin de l\u2019histoire\u00a0\u00bb, au triomphe de \u00ab\u00a0la d\u00e9mocratie du march\u00e9\u00a0\u00bb et\u00a0 du pouvoir h\u00e9g\u00e9monique des USA.<\/p>\n<p>La CNS avait r\u00e9ussi \u00e0\u00a0 remobiliser les \u00e9nergies de notre peuple \u2013c\u2019est-\u00e0-dire des citoyen(ne)s conscient(e)s de leurs droits et libert\u00e9s fondamentales et capables de lutter pour les d\u00e9fendre- pour une lutte permanente d\u2019autod\u00e9termination.<\/p>\n<p>Une guerre permanente viendra casser cette dynamique\u00a0; \u00ab\u00a0les faiseurs des rois\u00a0\u00bb, s\u00fbrs de leur pouvoir h\u00e9g\u00e9monique, fabriqueront d\u2019autres marionnettes \u2013 en sachant que Mobutu \u00e9tait affaibli et malade- pour perp\u00e9tuer leur syst\u00e8me d\u2019exploitation et d\u2019asservissement.\u00a0 La guerre de basse intensit\u00e9 des ann\u00e9es 90-96 est une prolongation de la guerre dite froide. Pourquoi\u00a0? Parce que, toutes ces guerres, quelle que soit leur d\u00e9nomination, sont, entre autres, un moyen d\u2019acc\u00e8s aux mati\u00e8res premi\u00e8res strat\u00e9giques et aux \u00e9nergies (comme le gaz et le p\u00e9trole)[4].\u00a0 Et de la possession de ces mati\u00e8res premi\u00e8res en grande quantit\u00e9 ou\u00a0 du contr\u00f4le de l\u2019acc\u00e8s \u00e0 celle-ci d\u00e9pend la classification des pays en grandes puissances \u00e9conomiques ou militaires. (Un petit documentaire sur le conflit au Congo est tr\u00e8s clair sur cette question. Les professeurs d\u2019Universit\u00e9 Am\u00e9ricaine avouent que le Congo a fait le pouvoir \u00e9conomique des USA et sa puissance militaire.[5])<\/p>\n<p>Ces guerres sont aussi un moyen de casser psychologiquement toute culture de\u00a0 r\u00e9sistance populaire et\u00a0 d\u2019obtenir l\u2019adh\u00e9sion \u00e0 la culture h\u00e9g\u00e9monique imp\u00e9rialiste et n\u00e9ocolonialiste.<\/p>\n<p>Les marionnettes fabriqu\u00e9es par les \u00e9lites dominantes anglo-saxonnes\u00a0 menant cette guerre de basse intensit\u00e9 chez nous ont peur de la\u00a0 consolidation de la culture de la r\u00e9sistance et de l\u2019insurrection des consciences. Joseph Kabila en fait partie.<\/p>\n<p>Un num\u00e9ro de Jeune Afrique\u00a0 consacr\u00e9 (pour une bonne partie \u00e0 Joseph Kabila)\u00a0 est intitul\u00e9\u00a0: \u00ab\u00a0Kabila\u00a0: Mobutu\u00a0 light\u00a0[6]\u00bb.\u00a0 Sur quatorze pages, ce num\u00e9ro explique comment en RDC, \u00ab\u00a0dix\u00a0 ans apr\u00e8s son arriv\u00e9e au pouvoir, le pr\u00e9sident marche, h\u00e9las, sur les pas de ses pr\u00e9d\u00e9cesseurs\u00a0\u00bb. Comme ses pr\u00e9d\u00e9cesseurs, donc, Joseph Kabila est venu ill\u00e9gitimement au \u00ab\u00a0pouvoir-os\u00a0\u00bb en tant qu\u2019agent de l\u2019imp\u00e9rialisme et du n\u00e9ocolonialisme\u00a0 sur fond du\u00a0 capitalisme sauvage. Il ne peut, en aucune fa\u00e7on, servir les int\u00e9r\u00eats majoritaires de nos populations\u00a0; encore moins, les laisser s\u2019organiser pour se remettre debout autour des dates symboliques comme le 16 f\u00e9vrier. (A Kinshasa, Kimbuta a refus\u00e9 d\u2019accord\u00e9 la permission aux compatriotes qui veulent marcher pacifiquement demain le 16 f\u00e9vrier 2013). La r\u00e9pression des manifestations pacifiques, les arrestations arbitraires et extrajudiciaires, les meurtres et les assassinats rentrent dans son mode de fonctionnement. Comme Mobutu, il a\u00a0 \u00ab\u00a0son clan\u00a0\u00bb. Et le Congo est aujourd\u2019hui (comme hier) soumis aux ordres des imp\u00e9rialistes et des n\u00e9ocolonialistes\u00a0 par le biais\u00a0 d\u2019une classe de \u00ab\u00a0de profiteurs noirs\u00a0\u00bb compos\u00e9e de \u00ab\u00a0nouveaux pr\u00e9dateurs kabilistes\u00a0\u00bb et de \u00ab\u00a0vieux dinosaures\u00a0 mobutistes\u00a0\u00bb. Les\u00a0 forces populaires, comme au d\u00e9but de l\u2019ascension de Mobutu, sont \u00e9cras\u00e9es.\u00a0 Les\u00a0 rares qui r\u00e9ussissent \u00e0 tirer leur \u00e9pingle du jeu sont oblig\u00e9s de faire all\u00e9geance \u00e0 cette classe de \u00ab\u00a0profiteurs noirs\u00a0\u00bb. Notre histoire, dans son orientation fondamentale, n\u2019a presque pas chang\u00e9. N\u00e9anmoins, les minorit\u00e9s des combattants de la libert\u00e9 n\u2019ont pas encore dit leur dernier mot.<\/p>\n<p>&nbsp;<\/p>\n<p><em>Mbelu Babanya Kabudi<\/em><\/p>\n<hr align=\"left\" size=\"1\" width=\"33%\" \/>\n<div>\n<p>[1] Lire J. CHOME, <em>L\u2019ascension de Mobutu. Du sergent\u00a0 Joseph D\u00e9sir\u00e9<\/em>, Bruxelles, Ed. Complexes, 1974. (Nous soulignons) Ce livre permet de comprendre bien des questions actuelles.<\/p>\n<\/div>\n<div>\n<p>[2] <em>Ibidem<\/em>, p. 122.<\/p>\n<\/div>\n<div>\n<p>[3] Ibidem, p. 130. Nous soulignons.<\/p>\n<\/div>\n<div>\n<p>[4] Lire M.COLLON, <em>Bush, le\u00a0 cyclone<\/em>, Bruxelles, Oser dire, 2005.<\/p>\n<\/div>\n<div>\n<p>[5] Voir <strong><em><a href=\"http:\/\/www.ingeta.com\/le-conflit-au-congo-la-verite-devoilee\/\" target=\"_blank\" rel=\"noopener\">http:\/\/www.ingeta.com\/le-<wbr>conflit-au-congo-la-verite-<wbr>devoilee\/<\/wbr><\/wbr><\/a><\/em><\/strong><\/p>\n<\/div>\n<p>[6] C\u2019est le num\u00e9ro 2612 du 30 janvier au 5 f\u00e9vrier 2011.<\/p>\n<p>&nbsp;\t\t<\/p>\n","protected":false},"excerpt":{"rendered":"<p>Par Jean-Pierre Mbelu Le 16 f\u00e9vrier est une date symbolique. Elle dit d\u00e9sormais le d\u00e9sir d\u2019un peuple de se mettre debout pour lutter contre les forces de la mort internes et externes afin qu\u2019il devienne \u00ab d\u00e9miurge \u00bb de son destin. Incarnations de l\u2019imp\u00e9rialisme et du n\u00e9ocolonialisme, les \u00ab clans \u00bb Mobutu et Kabila (Mobutu [&hellip;]<\/p>\n","protected":false},"author":1,"featured_media":5046,"comment_status":"open","ping_status":"open","sticky":false,"template":"","format":"standard","meta":{"_acf_changed":false,"content-type":"","footnotes":""},"categories":[107,120,124],"tags":[],"class_list":["post-5045","post","type-post","status-publish","format-standard","has-post-thumbnail","hentry","category-analyses-commentaires","category-mondialisation","category-politique-societe"],"acf":[],"_links":{"self":[{"href":"https:\/\/congolobilelo.com\/IN\/wp-json\/wp\/v2\/posts\/5045","targetHints":{"allow":["GET"]}}],"collection":[{"href":"https:\/\/congolobilelo.com\/IN\/wp-json\/wp\/v2\/posts"}],"about":[{"href":"https:\/\/congolobilelo.com\/IN\/wp-json\/wp\/v2\/types\/post"}],"author":[{"embeddable":true,"href":"https:\/\/congolobilelo.com\/IN\/wp-json\/wp\/v2\/users\/1"}],"replies":[{"embeddable":true,"href":"https:\/\/congolobilelo.com\/IN\/wp-json\/wp\/v2\/comments?post=5045"}],"version-history":[{"count":0,"href":"https:\/\/congolobilelo.com\/IN\/wp-json\/wp\/v2\/posts\/5045\/revisions"}],"wp:featuredmedia":[{"embeddable":true,"href":"https:\/\/congolobilelo.com\/IN\/wp-json\/"}],"wp:attachment":[{"href":"https:\/\/congolobilelo.com\/IN\/wp-json\/wp\/v2\/media?parent=5045"}],"wp:term":[{"taxonomy":"category","embeddable":true,"href":"https:\/\/congolobilelo.com\/IN\/wp-json\/wp\/v2\/categories?post=5045"},{"taxonomy":"post_tag","embeddable":true,"href":"https:\/\/congolobilelo.com\/IN\/wp-json\/wp\/v2\/tags?post=5045"}],"curies":[{"name":"wp","href":"https:\/\/api.w.org\/{rel}","templated":true}]}}