{"id":5033,"date":"2013-02-15T11:33:53","date_gmt":"2013-02-15T11:33:53","guid":{"rendered":"http:\/\/www.ingeta.com\/?p=5033"},"modified":"2013-02-15T11:33:53","modified_gmt":"2013-02-15T11:33:53","slug":"hold-up-electoral-zetes-lactionnaire-nkingu-aprodec-ont-comparu","status":"publish","type":"post","link":"https:\/\/congolobilelo.com\/IN\/hold-up-electoral-zetes-lactionnaire-nkingu-aprodec-ont-comparu\/","title":{"rendered":"Hold-up \u00e9lectoral: Zetes, l\u2019actionnaire Nkingu &#038; Aprodec ont comparu"},"content":{"rendered":"<p>\t\t\t\t<strong>Le hold-up \u00e9lectoral de \u00ab Joseph Kabila \u00bb du 28 novembre 2011 a eu une r\u00e9percussion judiciaire en Belgique, le jeudi 14 f\u00e9vrier 2012. En fin de matin\u00e9e, Zetes Industrie, maison m\u00e8re de ZETES S.A. , l\u2019actionnaire Didier Nkingu et APRODEC asbl ont comparu au tribunal de commerce de Bruxelles. Objet du diff\u00e9rend, une s\u00e9rie de questions \u00e9crites rest\u00e9es sans r\u00e9ponse de Didier Nkingu lors de l\u2019assembl\u00e9e g\u00e9n\u00e9rale de Zetes Industrie le 30 mai 2012.<\/strong> <em>Par <a href=\"http:\/\/www.cheikfitanews.net\/article-hold-up-electoral-de-kabila-zetes-industrie-l-actionnaire-nkingu-et-aprodec-asbl-ont-compar-115363859.html\">Cheik Fita<\/a>.<\/em><\/p>\n<p>En tant qu\u2019actionnaire de ZETES Industrie, Didier Nkingu avait cherch\u00e9 \u00e0 conna\u00eetre les d\u00e9tails du march\u00e9 pr\u00e9tendument gagn\u00e9 par ZETES S.A. dans la livraison \u00e0 la RD Congo de 9.500 kits \u00e9lectoraux et dans l\u2019impression des cartes d\u2019\u00e9lecteurs. Dans ce proc\u00e8s, APRODEC asbl a fait une intervention volontaire, s\u2019int\u00e9ressant aux processus \u00e9lectoraux en RD Congo(celui de 2006 etcelui de 2011), et les \u00ab r\u00e9sultats \u00bb publi\u00e9s ayant \u00e9t\u00e9 obtenus gr\u00e2ce aux ordinateurs et logiciels fournis par ZETES S.A. Pour APRODEC asbl, les r\u00e9sultats publi\u00e9s par la commission \u00e9lectorale congolaise avec le concours de Zetes S.A. ont caus\u00e9 de graves pr\u00e9judices \u00e0 la RD Congo, d&#8217;o\u00f9 son int\u00e9r\u00eat.<\/p>\n<p>Les avocats de ZETES Industries ont commenc\u00e9 leur plaidoirie en tentant de montrer l\u2019irrecevabilit\u00e9 de la plainte. Ils ont ensuite accus\u00e9 l\u2019actionnaire Nkingu de vouloir instrumentaliser l\u2019assembl\u00e9e g\u00e9n\u00e9rale de la soci\u00e9t\u00e9 pour diront-ils \u00ab les vis\u00e9es politiques \u00bb de monsieur Nkingu. Un des avocats ajoutera, parlant de notre pr\u00e9sence, \u00ab Ils ont m\u00eame fait venir un journaliste ! \u00bb Est-ce parce que nous \u00e9tions noirs comme ceux qui attaquaient Zetes Industries ? Dans la salle, il y avait pourtant un autre journaliste pas noir celui-l\u00e0, correspondant d\u2019un journal financier de France !En passant, ces avocats ont \u00e9gratign\u00e9 les congolais selon quoi, pour tous leurs probl\u00e8mes, ils envoient des copies au monde entier.<br \/>\nL\u2019arr\u00eat sera rendu dans le mois.<\/p>\n<p>Lors de l\u2019interview audio faite \u00e0 l\u2019issue de l\u2019audience (voir vid\u00e9o plus bas), monsieur Didier Nkingu r\u00e9affirmera le sens de sa d\u00e9marche :<br \/>\nEn tant qu\u2019actionnaire, il avait le droit \u00e0 l\u2019information sur la marche de ZETES International. Ces droits ont \u00e9t\u00e9 bafou\u00e9s le 30 mai 2012 lors de l\u2019Assembl\u00e9e g\u00e9n\u00e9rale, et jusqu\u2019\u00e0 ce jour, il n\u2019est toujours pas en possession ni de la copie du communiqu\u00e9 sur sa question \u00e9crite, lors de l\u2019assembl\u00e9e g\u00e9n\u00e9rale, ni du PV de la s\u00e9ance. Pour ses droits bafou\u00e9s, il r\u00e9clame justice et r\u00e9paration. L\u2019avocat de ZETES Industrie avait d\u00e9clin\u00e9 notre demande d\u2019interview.<\/p>\n<p><iframe loading=\"lazy\" src=\"http:\/\/www.youtube.com\/embed\/Ifp4nAAbPAA\" frameborder=\"0\" width=\"560\" height=\"315\"><\/iframe><\/p>\n<p>Depuis 2005, Zetes s.a. a \u00e9t\u00e9 un grand partenaire de la CEI d\u2019abord, commission \u00e9lectorale ind\u00e9pendante, dirig\u00e9e jusque 2007 par l\u2019abb\u00e9 Malu Malu, de la CENI ensuite, commission \u00e9lectorale ind\u00e9pendante de la RD Congo. La CENI avait organis\u00e9 des \u00e9lections tr\u00e8s chaotiques le 28 novembre 2011 qui s\u2019\u00e9taient sold\u00e9es par un v\u00e9ritable hold-up \u00e9lectoral entra\u00eenant au passage des morts avant, pendant et apr\u00e8s les \u00e9lections.<\/p>\n<p>Quelque soit l\u2019issue de ce proc\u00e8s, c\u2019est ind\u00e9niablement un coup de projecteur sur ce qu\u2019auront \u00e9t\u00e9 les relations entre la soci\u00e9t\u00e9 belge ZETES s.a et le syst\u00e8me kabiliste de la RD Congo, syst\u00e8me r\u00e9put\u00e9 pour sa corruption et son non-respect des lois.<br \/>\nLa soci\u00e9t\u00e9 belge ZETES Industrie est ainsi confront\u00e9e \u00e0 un exercice p\u00e9rilleux de transparence. Certains des dirigeants de cette soci\u00e9t\u00e9 ont-ils magouill\u00e9 avec des responsables congolais ? Y a-t-il eu usage de faux ? Quand au syst\u00e8me de \u00ab Joseph Kabila \u00bb, il risque de recevoir un coup de gourdin qu\u2019il n\u2019attendait pas.<\/p>\n<p>&nbsp;<\/p>\n<p><em>Cheik FITA<br \/>\nBruxelles, le 15 f\u00e9vrier 2013 <\/em><\/p>\n<p>&nbsp;\t\t<\/p>\n","protected":false},"excerpt":{"rendered":"<p>Le hold-up \u00e9lectoral de \u00ab Joseph Kabila \u00bb du 28 novembre 2011 a eu une r\u00e9percussion judiciaire en Belgique, le jeudi 14 f\u00e9vrier 2012. En fin de matin\u00e9e, Zetes Industrie, maison m\u00e8re de ZETES S.A. , l\u2019actionnaire Didier Nkingu et APRODEC asbl ont comparu au tribunal de commerce de Bruxelles. Objet du diff\u00e9rend, une s\u00e9rie [&hellip;]<\/p>\n","protected":false},"author":1,"featured_media":5034,"comment_status":"open","ping_status":"open","sticky":false,"template":"","format":"standard","meta":{"_acf_changed":false,"content-type":"","footnotes":""},"categories":[167,122,124],"tags":[],"class_list":["post-5033","post","type-post","status-publish","format-standard","has-post-thumbnail","hentry","category-belgique","category-news-alertes","category-politique-societe"],"acf":[],"_links":{"self":[{"href":"https:\/\/congolobilelo.com\/IN\/wp-json\/wp\/v2\/posts\/5033","targetHints":{"allow":["GET"]}}],"collection":[{"href":"https:\/\/congolobilelo.com\/IN\/wp-json\/wp\/v2\/posts"}],"about":[{"href":"https:\/\/congolobilelo.com\/IN\/wp-json\/wp\/v2\/types\/post"}],"author":[{"embeddable":true,"href":"https:\/\/congolobilelo.com\/IN\/wp-json\/wp\/v2\/users\/1"}],"replies":[{"embeddable":true,"href":"https:\/\/congolobilelo.com\/IN\/wp-json\/wp\/v2\/comments?post=5033"}],"version-history":[{"count":0,"href":"https:\/\/congolobilelo.com\/IN\/wp-json\/wp\/v2\/posts\/5033\/revisions"}],"wp:featuredmedia":[{"embeddable":true,"href":"https:\/\/congolobilelo.com\/IN\/wp-json\/"}],"wp:attachment":[{"href":"https:\/\/congolobilelo.com\/IN\/wp-json\/wp\/v2\/media?parent=5033"}],"wp:term":[{"taxonomy":"category","embeddable":true,"href":"https:\/\/congolobilelo.com\/IN\/wp-json\/wp\/v2\/categories?post=5033"},{"taxonomy":"post_tag","embeddable":true,"href":"https:\/\/congolobilelo.com\/IN\/wp-json\/wp\/v2\/tags?post=5033"}],"curies":[{"name":"wp","href":"https:\/\/api.w.org\/{rel}","templated":true}]}}