{"id":5014,"date":"2013-02-11T06:10:36","date_gmt":"2013-02-11T06:10:36","guid":{"rendered":"http:\/\/www.ingeta.com\/?p=5014"},"modified":"2013-02-11T06:10:36","modified_gmt":"2013-02-11T06:10:36","slug":"dialogue-national-kampala-aide-europeenne-pourquoi-la-guerre-continue","status":"publish","type":"post","link":"https:\/\/congolobilelo.com\/IN\/dialogue-national-kampala-aide-europeenne-pourquoi-la-guerre-continue\/","title":{"rendered":"Dialogue national, Kampala, aide UE: Pourquoi la guerre continue"},"content":{"rendered":"<p>\t\t\t\t<strong>L\u2019analyste politique Jean-Pierre Mbelu expose la complicit\u00e9 du gouvernement usurpateur de Kinshasa avec le M23 et le Rwanda, apporte un \u00e9clairage sur la respectabilit\u00e9 internationale de Kagam\u00e9, expose les m\u00e9canismes de l\u2019aide mensong\u00e8re europ\u00e9enne et explique pourquoi la guerre de basse intensit\u00e9 en RDC est amen\u00e9e \u00e0 se poursuivre si les congolais ne se liguent pas comme un seul homme pour y faire \u00e9chec.<\/strong><\/p>\n<p><iframe loading=\"lazy\" src=\"http:\/\/www.youtube.com\/embed\/IhZ6FXREwYs\" frameborder=\"0\" width=\"560\" height=\"315\"><\/iframe><\/p>\n<p><strong>Sur les n\u00e9gociations entre le gouvernement de Kinshasa et le M23 \u00e0 Kampala<\/strong><\/p>\n<blockquote><p>Kampala sera pour nous, une \u00e9ni\u00e8me occasion dont ce gouvernement usurpateur va se saisir pour infiltrer les institutions du pays et profiter de la na\u00efvet\u00e9 d\u2019un certain nombre d\u2019entre nous pour que ces agents du Rwanda et de l\u2019Ouganda, appel\u00e9s M23 puissent si\u00e9ger au sein des institutions congolaises afin de pouvoir davantage les affaiblir. Et ainsi poursuivre la marche vers la balkanisation et l\u2019implosion de notre pays.<\/p><\/blockquote>\n<p><strong>Sur la prise en charge par Kinshasa des frais de s\u00e9jour du M23 \u00e0 Kampala<\/strong><\/p>\n<blockquote><p>Le gouvernement de Kinshasa et le M23 font partie d\u2019une m\u00eame famille politique. L\u2019alliance pour la majorit\u00e9 pr\u00e9sidentielle. Il s\u2019agit l\u00e0 d\u2019une preuve suffisante de la th\u00e9\u00e2tralisation de la vie politique congolaise et de la complicit\u00e9 du gouvernement de Kinshasa : Le gouvernement usurpateur de Kinshasa supporte les frais de son alli\u00e9, le M23.<\/p><\/blockquote>\n<p><strong>Sur la cr\u00e9ation, par le Rwanda, de la bourse r\u00e9gionale de mati\u00e8res premi\u00e8res, East African Exchange.<\/strong><\/p>\n<blockquote><p>Le Rwanda de Paul Kagam\u00e9 imite ses parrains. Que Kagam\u00e9 qu\u2019ils soutiennent, s\u2019adonne au blanchiment de mati\u00e8res premi\u00e8res et qu\u2019il soit applaudi par ses parrains, cela ne peut \u00e9tonner que les na\u00effs. Il est \u00e9videmment clair qu\u2019il s\u2019agit de mati\u00e8res premi\u00e8res qu\u2019il vole au Congo. Les r\u00e8gles du march\u00e9 ne tiennent compte que du profit, les sources de ces mati\u00e8res premi\u00e8res n\u2019int\u00e9ressent pas beaucoup le march\u00e9.<\/p><\/blockquote>\n<p><strong>Sur la respectabilit\u00e9 internationale de Kagam\u00e9<\/strong><\/p>\n<blockquote><p>Vivre constamment d\u00e9pendant de l\u2019aide ext\u00e9rieur. Vivre comme un petit enfant qu\u2019on tra\u00eene, ce n\u2019est pas \u00eatre respectable. Il suffit qu\u2019on parle de la suspension de cette aide mensong\u00e8re pour qu\u2019il commence \u00e0 trembler et \u00e0 se justifier, est-ce cela la respectabilit\u00e9 ? On ne peut \u00eatre respect\u00e9 que lorsqu\u2019on est ma\u00eetre chez soi. On n\u2019est pas respect\u00e9 quand on est un valet.<\/p><\/blockquote>\n<p><strong>Sur l\u2019aide de l\u2019Europe aux pays des Grands Lacs<\/strong><\/p>\n<blockquote><p>Quand on parle de l\u2019aide : qui aide qui ? L\u2019Europe est en r\u00e9cession. Et n\u2019arrive pas \u00e0 trouver de l\u2019argent pour son fonctionnement. On nous ment quand on entend tel ou tel pays europ\u00e9en qui donne de l\u2019argent au Rwanda.<br \/>\nC&#8217;est-\u00e0-dire que sur l\u2019argent que produisent les multinationales de tous ces pays qui envahissent la r\u00e9gion des Grands Lacs, ils prennent un peu de cet argent l\u00e0 pour redistribuer au Rwanda et aux autres pays de l\u2019Afrique des Grands Lacs. Il n\u2019y a pas d\u2019aide, il y a pr\u00e9dation, il y a pillage, il y a vol et redistribution de cet argent du vol et du pillage.<\/p><\/blockquote>\n<p><strong>Sur la probl\u00e9matique globale de l\u2019aide<\/strong><\/p>\n<blockquote><p>L\u2019Europe ne peut plus nous aider. C\u2019est nous qui aidons l\u2019Europe. L\u2019Europe est en train d\u2019imposer \u00e0 ses peuples des plans d\u2019aust\u00e9rit\u00e9 et elle aurait de l\u2019argent \u00e0 donner aux pays africains ?<br \/>\nToutes ces questions autour de l\u2019aide sont englob\u00e9es dans un grand mensonge pour tromper le monde entier. C\u2019est l\u2019Afrique qui aide l\u2019Europe. C\u2019est l\u2019Afrique qui aide le monde. Ce n\u2019est pas le monde qui aide l\u2019Afrique.<\/p><\/blockquote>\n<p><strong>Sur les groupes arm\u00e9es en RDC<\/strong><\/p>\n<blockquote><p>Pourquoi tous les groupes de r\u00e9sistance contre le gouvernement usurpateur de Kinshasa sont assimil\u00e9s \u00e0 la r\u00e9bellion ? Pourquoi est-ce que les congolais qui, en r\u00e9f\u00e9rence \u00e0 l\u2019article 64 de notre constitution, se l\u00e8vent contre ceux qui ont fait un coup d\u2019Etat chez nous sont assimil\u00e9s aux rebelles ?<\/p><\/blockquote>\n<p><strong>Sur l\u2019Afrique du Sud et le Congo<\/strong><\/p>\n<blockquote><p>Les \u00e9lections chaotiques de 2011 ont connu, de pr\u00e8s ou de loin, la main sud-africaine. L\u2019Afrique du Sud n\u2019a jamais accept\u00e9 qu\u2019au c\u0153ur de l\u2019Afrique, il y ait un pays aussi grand que le Congo qui puisse jouir de son ind\u00e9pendance et de sa souverainet\u00e9. Il faut pr\u00e9ciser que ce ne sont pas les noirs qui sont au pouvoir en Afrique du Sud. Les noirs que l\u2019on voit, les Zuma, etc sont des marionnettes.<\/p><\/blockquote>\n<p><strong>Sur la permanence de la guerre au Congo<\/strong><\/p>\n<blockquote><p>Comme la guerre de basse intensit\u00e9 profite \u00e0 l\u2019expansion du n\u00e9olib\u00e9ralisme, cette guerre de basse intensit\u00e9 est un moyen d\u2019avoir acc\u00e8s aux mati\u00e8res premi\u00e8res strat\u00e9giques. Elle ne comptabilise pas les co\u00fbts humains et sociaux. Cette guerre peut durer autant de temps que cela est acceptable par ces commanditaires. Ce qui importe pour les commanditaires de la guerre en RDC, c\u2019est de faire du profit. Et s\u2019ils ont dans leur projet, l\u2019implosion du Congo, ils feront tout pour y arriver. A moins que les congolais se liguent comme un seul homme, avec leurs masses populaires pour faire \u00e9chec \u00e0 cette guerre de pr\u00e9dation et de viols.<\/p><\/blockquote>\n<p><strong>Sur Th\u00e9r\u00e8se Pakasa et la sortie de crise en RDC<\/strong><\/p>\n<blockquote><p>Elle aborde la question de la crise au Congo, \u00e0 travers notre histoire, en essayant de montrer que cette question rel\u00e8ve de la l\u00e9gitimit\u00e9 politique. L\u00e9gitimit\u00e9 perdue avec l\u2019assassinat de Lumumba. Pour elle, on aurait pu obtenir cette l\u00e9gitimit\u00e9 politique, si les v\u00e9ritables r\u00e9sultats des \u00e9lections bidons de novembre et d\u00e9cembre 2011 avaient \u00e9t\u00e9 proclam\u00e9s.<\/p><\/blockquote>\n<p><strong>Sur le dialogue national congolais<\/strong><\/p>\n<blockquote><p>La coh\u00e9sion sociale nationale ne se d\u00e9cr\u00e8te pas. Elle se fabrique avec le temps. Il y a deux ingr\u00e9dients essentiels qui contribuent \u00e0 l\u2019av\u00e8nement d\u2019une coh\u00e9sion nationale : un sentiment de justice et un minimum de confiance. Ce que la majorit\u00e9 de nos populations n\u2019a pas connu depuis les ann\u00e9es 1965\u2026<br \/>\nMais le gouvernement avec ce dialogue national cherche \u00e0 officialiser le coup d\u2019\u00e9tat \u00e9lectoral apr\u00e8s les \u00e9lections chaotiques de novembre 2011 et se redistribuer les postes.<\/p><\/blockquote>\n","protected":false},"excerpt":{"rendered":"<p>L\u2019analyste politique Jean-Pierre Mbelu expose la complicit\u00e9 du gouvernement usurpateur de Kinshasa avec le M23 et le Rwanda, apporte un \u00e9clairage sur la respectabilit\u00e9 internationale de Kagam\u00e9, expose les m\u00e9canismes de l\u2019aide mensong\u00e8re europ\u00e9enne et explique pourquoi la guerre de basse intensit\u00e9 en RDC est amen\u00e9e \u00e0 se poursuivre si les congolais ne se liguent [&hellip;]<\/p>\n","protected":false},"author":1,"featured_media":5015,"comment_status":"open","ping_status":"open","sticky":false,"template":"","format":"standard","meta":{"_acf_changed":false,"content-type":"","footnotes":""},"categories":[107,124],"tags":[],"class_list":["post-5014","post","type-post","status-publish","format-standard","has-post-thumbnail","hentry","category-analyses-commentaires","category-politique-societe"],"acf":[],"_links":{"self":[{"href":"https:\/\/congolobilelo.com\/IN\/wp-json\/wp\/v2\/posts\/5014","targetHints":{"allow":["GET"]}}],"collection":[{"href":"https:\/\/congolobilelo.com\/IN\/wp-json\/wp\/v2\/posts"}],"about":[{"href":"https:\/\/congolobilelo.com\/IN\/wp-json\/wp\/v2\/types\/post"}],"author":[{"embeddable":true,"href":"https:\/\/congolobilelo.com\/IN\/wp-json\/wp\/v2\/users\/1"}],"replies":[{"embeddable":true,"href":"https:\/\/congolobilelo.com\/IN\/wp-json\/wp\/v2\/comments?post=5014"}],"version-history":[{"count":0,"href":"https:\/\/congolobilelo.com\/IN\/wp-json\/wp\/v2\/posts\/5014\/revisions"}],"wp:featuredmedia":[{"embeddable":true,"href":"https:\/\/congolobilelo.com\/IN\/wp-json\/"}],"wp:attachment":[{"href":"https:\/\/congolobilelo.com\/IN\/wp-json\/wp\/v2\/media?parent=5014"}],"wp:term":[{"taxonomy":"category","embeddable":true,"href":"https:\/\/congolobilelo.com\/IN\/wp-json\/wp\/v2\/categories?post=5014"},{"taxonomy":"post_tag","embeddable":true,"href":"https:\/\/congolobilelo.com\/IN\/wp-json\/wp\/v2\/tags?post=5014"}],"curies":[{"name":"wp","href":"https:\/\/api.w.org\/{rel}","templated":true}]}}