{"id":4993,"date":"2013-02-06T17:19:52","date_gmt":"2013-02-06T17:19:52","guid":{"rendered":"http:\/\/www.ingeta.com\/?p=4993"},"modified":"2013-02-06T17:19:52","modified_gmt":"2013-02-06T17:19:52","slug":"bouc-emissaire-le-general-didier-etumba-sur-la-sellette","status":"publish","type":"post","link":"https:\/\/congolobilelo.com\/IN\/bouc-emissaire-le-general-didier-etumba-sur-la-sellette\/","title":{"rendered":"Bouc \u00e9missaire, Le G\u00e9n\u00e9ral Didier Etumba sur la sellette"},"content":{"rendered":"<p>\t\t\t\t<strong>L\u2019analyste politique, Jean-Jacques Wondo, explique pourquoi et comment certains int\u00e9r\u00eats capitalistes occidentaux alli\u00e9s au r\u00e9gime de Kinshasa s&#8217;efforcent de faire porter la responsabilit\u00e9 de la d\u00e9b\u00e2cle des FARDC dans l&#8217;Est du pays (en octobre et novembre 2012) au g\u00e9n\u00e9ral Didier Etumba.<\/strong><\/p>\n<p>Chers tous,<\/p>\n<p>je me porte en faux contre les all\u00e9gations qui font croire que c&#8217;est le g\u00e9n\u00e9ral Didier Etumba qui a donn\u00e9 des ordres contradictoires de cessez-le-feu en octobre et novembre 2012: Faux et Archifaux et je suis formel. On voudrait juste lui faire porter la responsabilit\u00e9 de la d\u00e9b\u00e2cle du Kivu. Ces ordres d&#8217;apr\u00e8s diff\u00e9rentes sources FARDC avec qui nous sommes en contact \u00e0 Kivu et Bukavu, o\u00f9 se trouve l&#8217;Etat-major des FARDC sont venues d&#8217;autres autorit\u00e9s politiquement et militairement plus \u00e9lev\u00e9es que lui. Nous avons m\u00eame pu parler avec des officiers des unit\u00e9s combattantes qui ont re\u00e7u des ordres directs de Kinshasa alors que pendant ces combats, le Gen Etumba et le g\u00e9n\u00e9ralissime Amisi Tangi Four se trouvaient depuis plusieurs mois \u00e0 Goma en train de tourner les pouces et incapables de tenir des r\u00e9unions de l&#8217;Etat-major pour r\u00e9organiser et articuler les forces combattantes ou rendre plus coh\u00e9rent la cha\u00eene de commandement.<\/p>\n<p>Pour des analystes avis\u00e9s, vous constaterez qu&#8217;une certaine presse lobbyiste se met depuis la semaine pass\u00e9e en marche dans son r\u00f4le au service de certains innt\u00e9r\u00eats capitalistes occidentaux alli\u00e9s au r\u00e9gime de kinshasa pour essayer de laver plus blanc que la neigne les dirigeants dont l&#8217;inaction politique et le manque de volont\u00e9 politique affich\u00e9es entra\u00eene le Congo dans le goufre. Des personnes qui vont \u00e0 Kinshasa, en visite journalistique &#8220;militairement guid\u00e9e et encadr\u00e9e&#8221; o\u00f9 on leur fait voir l&#8217;il\u00f4t de r\u00e9alisations \u00e9parses au milieu de la mer de la mis\u00e8re qui l&#8217;entoure&#8230; Que ces personnes se permettent une fois en toute libert\u00e9 de se promener \u00e0 Kinsenso dans la commune de Matete ou \u00e0 Bumbu pr\u00e8s de Selembao ou encore \u00e0 Kadutu dans le sud kivu p\u00f4ur comprendre la r\u00e9alit\u00e9 sociale de la population et non nous faire l&#8217;apologie de l&#8217;infime classe moyenne copnstat\u00e9e \u00e7a et l\u00e0&#8230;<\/p>\n<p>Concernant le G\u00e9n\u00e9ral Didier Etumba, nous savons que depuis ^le d\u00e9but de cette guerre, son r\u00f4le s&#8217;est r\u00e9duit de participer \u00e0 des r\u00e9unions d&#8217;apparat organis\u00e9es dans le cadre des concertations de la CIRGL. Il n&#8217;a aucun contr\u00f4le sur l&#8217;arm\u00e9e. Peu avant la chute de Goma c&#8217;\u00e9tait Tango Four qui commandait avec le g\u00e9n\u00e9ral Bahuma et depuis c&#8217;est le g\u00e9n\u00e9ralissime Olenga qui commande avec des effets d&#8217;annonce sans r\u00e9sultat militaire apparent sur le terrain.<\/p>\n<p>Cette guerre est conduite depuis Kinshasa par ceux qui ont la main mise sur la Garde R\u00e9publicaine et l&#8217;ont d\u00e9ploy\u00e9e au Kivu o\u00f9 elle a \u00e9t\u00e9 mise en d\u00e9route, de m\u00eame qu&#8217;avec la 322\u00e8me bataillon form\u00e9 \u00e0 Lokandu (Maniema) qui a perdu beaucoup de ses \u00e9l\u00e9ments arm\u00e9s suite \u00e0 ces ordres contradictoires venus des alli\u00e9s politiques et \u00e9lectoraux du Ntaganda (CNDP) ne l&#8217;oublions surtout pas!<\/p>\n<p>Mais voil\u00e0 que depuis peu, la machine propagandiste d&#8217;une certaine presse internationale soporifique sp\u00e9cialis\u00e9e danbs le conditionnement psycho-m\u00e9diatique des opinions nationale et internationale se met en \u00f9arche pour tenter de sauver les personnes qui leur font vivre en voulant mettre le &#8220;g\u00e9n\u00e9ral Etumba sur la sellette&#8221;! C&#8217;est inf\u00e2me!<\/p>\n<p>&nbsp;<\/p>\n<p><em>JEAN-JACQUES WONDO<br \/>\nAnalyste politique, sp\u00e9cialis\u00e9 en mati\u00e8res g\u00e9ostrat\u00e9giques et militaires, Auteur de l\u2019ouvrage :\u201dLes Arm\u00e9es au Congo-Kinshasa\u201d.<\/em><\/p>\n<p>&nbsp;\t\t<\/p>\n","protected":false},"excerpt":{"rendered":"<p>L\u2019analyste politique, Jean-Jacques Wondo, explique pourquoi et comment certains int\u00e9r\u00eats capitalistes occidentaux alli\u00e9s au r\u00e9gime de Kinshasa s&#8217;efforcent de faire porter la responsabilit\u00e9 de la d\u00e9b\u00e2cle des FARDC dans l&#8217;Est du pays (en octobre et novembre 2012) au g\u00e9n\u00e9ral Didier Etumba. Chers tous, je me porte en faux contre les all\u00e9gations qui font croire que [&hellip;]<\/p>\n","protected":false},"author":1,"featured_media":4995,"comment_status":"open","ping_status":"open","sticky":false,"template":"","format":"standard","meta":{"_acf_changed":false,"content-type":"","footnotes":""},"categories":[160,124],"tags":[],"class_list":["post-4993","post","type-post","status-publish","format-standard","has-post-thumbnail","hentry","category-nouvelles-front-est","category-politique-societe"],"acf":[],"_links":{"self":[{"href":"https:\/\/congolobilelo.com\/IN\/wp-json\/wp\/v2\/posts\/4993","targetHints":{"allow":["GET"]}}],"collection":[{"href":"https:\/\/congolobilelo.com\/IN\/wp-json\/wp\/v2\/posts"}],"about":[{"href":"https:\/\/congolobilelo.com\/IN\/wp-json\/wp\/v2\/types\/post"}],"author":[{"embeddable":true,"href":"https:\/\/congolobilelo.com\/IN\/wp-json\/wp\/v2\/users\/1"}],"replies":[{"embeddable":true,"href":"https:\/\/congolobilelo.com\/IN\/wp-json\/wp\/v2\/comments?post=4993"}],"version-history":[{"count":0,"href":"https:\/\/congolobilelo.com\/IN\/wp-json\/wp\/v2\/posts\/4993\/revisions"}],"wp:featuredmedia":[{"embeddable":true,"href":"https:\/\/congolobilelo.com\/IN\/wp-json\/"}],"wp:attachment":[{"href":"https:\/\/congolobilelo.com\/IN\/wp-json\/wp\/v2\/media?parent=4993"}],"wp:term":[{"taxonomy":"category","embeddable":true,"href":"https:\/\/congolobilelo.com\/IN\/wp-json\/wp\/v2\/categories?post=4993"},{"taxonomy":"post_tag","embeddable":true,"href":"https:\/\/congolobilelo.com\/IN\/wp-json\/wp\/v2\/tags?post=4993"}],"curies":[{"name":"wp","href":"https:\/\/api.w.org\/{rel}","templated":true}]}}