{"id":4988,"date":"2013-02-06T08:59:05","date_gmt":"2013-02-06T08:59:05","guid":{"rendered":"http:\/\/www.ingeta.com\/?p=4988"},"modified":"2013-02-06T08:59:05","modified_gmt":"2013-02-06T08:59:05","slug":"la-guerre-au-congo-comment-construire-une-paix-durable","status":"publish","type":"post","link":"https:\/\/congolobilelo.com\/IN\/la-guerre-au-congo-comment-construire-une-paix-durable\/","title":{"rendered":"La guerre au Congo. Comment construire une paix durable ?"},"content":{"rendered":"<p>\t\t\t\t<em>Le mercredi 16 janvier 2013 Broederlijk Delen et Pax Christi Vlaanderen, en collaboration avec MO*, ont invit\u00e9 5 intervenants1 pour le d\u00e9bat : \u00ab La guerre au Congo. Comment construire une paix durable ? \u00bb. Les invit\u00e9s ont analys\u00e9 la nouvelle crise s\u00e9curitaire autour du \u00ab Mouvement du 23 Mars (M23) \u00bb et ont \u00e9tudi\u00e9 diff\u00e9rentes pistes qui puissent mettre fin aux guerres successives. \u00ab Il faut de la volont\u00e9 politique au niveau congolais, africain et international pour construire la paix dans l\u2019Est du Congo. \u00bb<\/em><\/p>\n<p><strong>1. La guerre au Congo<\/strong><\/p>\n<p><strong>Une responsabilit\u00e9 rwandaise et congolaise<\/strong><br \/>\nDepuis les ann\u00e9es 90 la R\u00e9publique d\u00e9mocratique du Congo (RDC) vit un des conflits les plus sanglants du monde. Apr\u00e8s la Premi\u00e8re Guerre (1996-1997), la Deuxi\u00e8me Guerre (1998-2003) et le conflit du CNDP2 (2004-2009), la naissance du \u00ab Mouvement du 23 Mars \u00bb (M23) en 2012 a provoqu\u00e9 une nouvelle crise en RD Congo.<\/p>\n<p>Le chercheur Steven Spittaels a lan\u00e7\u00e9 le d\u00e9bat avec une introduction sur la naissance et l\u2019\u00e9volution du mouvement politico-militaire M23 dans la province de Nord Kivu. Etant un des experts des Nations Unies (ONU), il est bien au courant de ce qui s\u2019est pass\u00e9 sur le terrain. \u00ab <em>Sans le Rwanda il n\u2019y aurait pas de M23 <\/em>\u00bb. Cela manque de nuance, mais c\u2019est une fa\u00e7on de souligner le soutien actif du gouvernement rwandais au M23. Les experts de l\u2019ONU ont constat\u00e9 ce soutien sur base de plusieurs t\u00e9moignages :<\/p>\n<p>&#8211; 100 interviews avec des anciens rebelles du M23, dont 50 se sont pr\u00e9sent\u00e9s comme des rwandais<br \/>\n&#8211; des membres actifs du M23 qui collaboraient avec l\u2019arm\u00e9e rwandaise<br \/>\n&#8211; interviews et recherches dans le territoire du M23<br \/>\n&#8211; des anciens fid\u00e8les du pr\u00e9sident rwandais Paul Kagame<\/p>\n<p>Le facteur rwandais, et dans une moindre mesure le facteur ougandais, sont tr\u00e8s importants dans la crise du M23, mais le Congo porte aussi une grande responsabilit\u00e9 interne. Le gouvernement de Kinshasa fait face \u00e0 un probl\u00e8me s\u00e9rieux de mauvaise gouvernance dans plusieurs secteurs, ce qui cause du m\u00e9contentement et de la frustration, utilis\u00e9s par le M23 pour justifier sa lutte arm\u00e9e.<\/p>\n<p>Le mouvement a fait de son mieux pour d\u00e9velopper une id\u00e9ologie. Lors de sa naissance, le M23 n\u2019avait qu\u2019une revendication : mener des n\u00e9gociations directes avec le gouvernement congolais concernant l\u2019implication des accords de paix du 23 mars 20093. Plus tard, le mouvement a ajout\u00e9 d\u2019autres demandes, concernant la s\u00e9curit\u00e9 et la d\u00e9fense, la situation sociale et \u00e9conomique, le processus \u00e9lectoral, les droits de l\u2019homme, etc.<\/p>\n<p>Ces revendications consistent une strat\u00e9gie claire pour ranger les opposants du r\u00e9gime Kabila au c\u00f4t\u00e9 du M23. Le rapport des experts d\u00e9montre aussi que le M23 a essay\u00e9 de nouer des alliances avec d\u2019autres groupes arm\u00e9s au Nord et Sud Kivu et dans la r\u00e9gion d\u2019Ituri (Provence orientale).<\/p>\n<p><strong>M23 n\u2019est qu\u2019un probl\u00e8me dans un ensemble complexe<\/strong><\/p>\n<p>En 2012, on a pr\u00eat\u00e9 beaucoup d\u2019attention au M23. Cependant, une cinquantaine d\u2019autres forces arm\u00e9es congolaises et \u00e9trang\u00e8res op\u00e8rent en Ituri, au Kivu et au Nord-Katanga. Dans les ann\u00e9es 90 des forces arm\u00e9es locales ont surgi dans l\u2019Est du Congo (ancien Za\u00efre). Quand le r\u00e9gime de Mobutu a mis \u00e0 c\u00f4t\u00e9 les chefs locaux, la population ne se sentait plus repr\u00e9sent\u00e9e par les structures du pouvoir au niveau local. L\u2019absence d\u2019une arm\u00e9e r\u00e9guli\u00e8re performante et un manque de confiance envers la police incitaient les citoyens \u00e0 prendre en main leur s\u00e9curit\u00e9. Dans ce contexte, des groupes arm\u00e9s locaux surgissaient au Masisi et \u00e0 Walikale (Nord-Kivu). Ces groupes \u00e9taient, en quelque sorte, \u2018des groupes d\u2019autod\u00e9fense\u2019. Plus tard, plusieurs de ces groupes prendraient aussi une position politique dans l\u2019espoir de pouvoir participer aux n\u00e9gociations et de profiter du partage de pouvoir. Actuellement, beaucoup de forces arm\u00e9es dans l\u2019Est du Congo ne sont plus locales. Elles ont des relations avec les autorit\u00e9s \u00e0 Kinshasa et m\u00eame avec des r\u00e9seaux dans des pays voisins et dans le reste du monde. \u00ab <em>Il y a deux crises au Congo. Premi\u00e8rement la crise li\u00e9e<\/em> <em>aux pays voisins le Rwanda, le Burundi et l\u2019Ouganda. De plus, il y a la crise congolaise m\u00eame. Les deux crises se<\/em> <em>rejoignent dans l\u2019Est du Congo. <\/em>\u00bb<\/p>\n<p><strong>2. Construire la paix au Congo<\/strong><\/p>\n<p><strong>Force militaire r\u00e9gionale ou dialogue politique national ?<\/strong><\/p>\n<p>Malgr\u00e9 les \u00e9checs militaires contre le M23, dont le plus important fut la chute de Goma (Nord- Kivu) en novembre 2012, le pr\u00e9sident Joseph Kabila continue \u00e0 choisir une strat\u00e9gie militaire. Pour l\u2019instant il serait en train de militariser des groupes dans l\u2019Est pour lutter contre le M23. Certains de ces groupes veulent bien soutenir l\u2019arm\u00e9e congolaise (FARDC4), mais refusent d\u2019appuyer le pouvoir de Kabila. Ce soutien militaire de Kinshasa provoque une dynamique dangereuse ; le Rwanda l\u2019utilise comme justification pour consid\u00e9rer Kabila comme un danger.<\/p>\n<p>\u00ab <em>Comment Kabila veut-il cr\u00e9er une strat\u00e9gie militaire contre le M23 avec une arm\u00e9e faible <\/em>? \u00bb Tandis qu\u2019une d\u00e9l\u00e9gation du gouvernement congolais m\u00e8ne des n\u00e9gociations difficiles avec des chefs du M23 \u00e0 Kampala (Ouganda), Kabila cherche des partenaires militaires au sein de la SADC5. R\u00e9cemment on a approuv\u00e9 l\u2019int\u00e9gration des forces africaines dans la mission onusienne (MONUSCO). Ces troupes additionnelles qui proviennent entre autres de la Tanzanie, devraient neutraliser des \u00ab <em>forces n\u00e9gatives <\/em>\u00bb comme le M23 et les FDLR6. Est-ce que Kinshasa opte r\u00e9solument pour une strat\u00e9gie militaire \u00e0 l\u2019Est du Congo ? Est-ce que le dialogue \u00e0 Kampala est une mani\u00e8re de gagner du temps pour pr\u00e9parer une nouvelle guerre ?<\/p>\n<p>L\u2019opinion publique au Congo est convaincue que la diplomatie a montr\u00e9 ses limites dans la r\u00e9solution des crises s\u00e9curitaires. \u00ab <em>Les n\u00e9gociations r\u00e9centes et les accords de paix qui s\u2019en suivirent n\u2019ont pas<\/em> <em>apport\u00e9 la paix. Le M23 en est une preuve. <\/em>\u00bb Cependant la nouvelle situation de guerre cause maintenant une dynamique int\u00e9ressante au Congo. La soci\u00e9t\u00e9 civile tient un plaidoyer pour l\u2019organisation d\u2019un nouveau dialogue politique national comme la \u2018Conf\u00e9rence Nationale Souveraine\u2019 au d\u00e9but des ann\u00e9es 90. Le but est d\u2019avoir un dialogue national pendant une quarantaine de jours sur la construction de la paix et des processus politiques dans le pays. Participeront \u00e9ventuellement aux discussions : des partis politiques de la majorit\u00e9 et de l\u2019opposition, la soci\u00e9t\u00e9 civile (l\u2019Eglise incluse), des institutions politiques comme le parlement, la diaspora et l\u2019intelligentsia congolaise.<\/p>\n<p><strong>Un processus politique avec un envoy\u00e9 sp\u00e9cial de l\u2019ONU ?<\/strong><\/p>\n<p>La crise du M23 a insuffl\u00e9 une nouvelle vie \u00e0 la Conf\u00e9rence Internationale sur la R\u00e9gion des Grands Lacs (CIRGL). Cependant, le dialogue \u00e0 Kampala est confront\u00e9 \u00e0 un probl\u00e8me de cr\u00e9dibilit\u00e9. L\u2019Ouganda fonctionne comme m\u00e9diateur, bien qu\u2019il soit accus\u00e9 de soutenir le M23.<\/p>\n<p>C\u2019est pour cette raison que la communaut\u00e9 internationale pense nommer un envoy\u00e9 sp\u00e9cial de l\u2019ONU. \u00ab <em>La nouvelle crise autour du M23 est une occasion unique d\u2019introduire une approche nouvelle. La<\/em> <em>naissance du M23 prouve que les solutions pr\u00e9c\u00e9dentes n\u2019ont pas fonctionn\u00e9. Mais pour l\u2019instant il n\u2019y a pas<\/em> <em>d\u2019inspiration pour de nouvelles id\u00e9es. <\/em>\u00bb Si un envoy\u00e9 sp\u00e9cial de l\u2019ONU est nomm\u00e9, il devrait surtout mener un processus politique au lieu d\u2019un nouveau processus de paix. Il\/elle devrait aussi avoir un bon r\u00e9seau international afin de r\u00e9ussir sa mission.<\/p>\n<p><strong>Neutralisation des FDLR avec la collaboration du Rwanda<\/strong><\/p>\n<p>Une autre piste de solution est la neutralisation des FDLR. Pendant plusieurs ann\u00e9es, tant le Rwanda que les groupes arm\u00e9s soutenus par ce pays, justifient leur pr\u00e9sence \u00e0 l\u2019Est du Congo en consid\u00e9rant les rebelles hutus comme un danger pour l\u2019\u00e9tat rwandais et les Rwandophones au Kivu. En 2008 le Congo a invit\u00e9 l\u2019arm\u00e9e rwandaise \u00e0 effectuer des op\u00e9rations militaires contre les FDLR. Le gouvernement \u00e0 Kinshasa faisait croire \u00e0 la population que les op\u00e9rations avaient r\u00e9solu le probl\u00e8me des rebelles hutus. Apr\u00e8s il s\u2019est av\u00e9r\u00e9 que c\u2019\u00e9tait un mensonge. \u00ab <em>La strat\u00e9gie<\/em> <em>militaire contre les FDLR a \u00e9chou\u00e9. Il vaudrait mieux essayer de trouver une solution diplomatique et politique<\/em> <em>pour le probl\u00e8me des FDLR. Cela exige une collaboration constructive de la part du Rwanda. <\/em>\u00bb<\/p>\n<p><strong>R\u00e9forme approfondie de l\u2019arm\u00e9e sur base d\u2019une vraie volont\u00e9 politique<\/strong><\/p>\n<p>Les 5 intervenants sont d\u2019accord : une piste tr\u00e8s importante pour la construction de la paix, est la r\u00e9forme profonde de l\u2019arm\u00e9e congolaise (FARDC). Mais il y a &#8211; t- il la volont\u00e9 politique \u00e0 Kinshasa ? Les opinions sont divis\u00e9es. Certaines personnes pensent que c\u2019est une strat\u00e9gie de Joseph Kabila, pr\u00e9sident depuis 2001, de ne pas vouloir construire une arm\u00e9e. En effet, une arm\u00e9e congolaise avec une forte capacit\u00e9 militaire pourrait devenir un vrai contre-pouvoir et, par cons\u00e9quent, menacer le r\u00e9gime au pouvoir.<\/p>\n<p>En plus, une arm\u00e9e faible est favorable pour l\u2019entourage de Kabila qui s\u2019enrichit en utilisant des r\u00e9seaux maffieux au sein des structures militaires. Par exemple, ce n\u2019est pas un secret que l\u2019ancien chef d\u2019\u00e9tat-major de la force terrestre, le g\u00e9n\u00e9ral Gabriel Amisi \u2018Tango Fort\u2019, s\u2019enrichit avec des pratiques criminelles. Pourquoi est-ce que Kabila a attendu la publication du dernier rapport de l\u2019ONU en novembre 2012 pour suspendre Amisi de ses fonctions ? \u00ab <em>Il est quand-m\u00eame remarquable<\/em> <em>qu\u2019il n\u2019y a pas (encore) eu de licenciement ni de poursuite juridique. <\/em>\u00bb<\/p>\n<p>D\u2019autres personnes croient que Kabila veut bien une arm\u00e9e forte, mais qu\u2019il ne ma\u00eetrise pas les troupes. En outre, le pr\u00e9sident n\u2019est souvent pas celui qui apporte les solutions. Il agit sous la pression des partenaires internationaux qui imposent des \u2018<em>solutions<\/em>\u2019. \u00ab <em>Par exemple, le \u2018mixage\u2019 ou le<\/em> <em>\u2018brassage\u2019 de rebelles dans l\u2019arm\u00e9e gouvernementale n\u2019\u00e9taient pas des solutions congolaises, mais une id\u00e9e de<\/em> <em>l\u2019Occident. <\/em>\u00bb<\/p>\n<p>\u00ab <em>D\u2019ailleurs, il est illusoire que l\u2019Occident ait investi massivement dans la construction de l\u2019arm\u00e9e congolaise. <\/em>\u00bb Il y a la mission europ\u00e9enne EUSEC et l\u2019entra\u00eenement de bataillons, mais si on consid\u00e8re les besoins sur le terrain, ce sont plut\u00f4t des petits projets. Une r\u00e9forme militaire approfondie comprend plus que l\u2019entra\u00eenement actuel de quelques bataillons par des partenaires internationaux (dont la Belgique, les Etats Unis, la Chine et l\u2019Afrique du Sud). Il faut une vision congolaise pour la r\u00e9forme de l\u2019arm\u00e9e. La question n\u2019est pas \u00ab <em>quelle arm\u00e9e veulent les partenaires militaires pour le Congo ? <\/em>\u00bb mais \u00ab <em>quelle arm\u00e9e veulent les Congolais pour leur pays ? <\/em>\u00bb.<\/p>\n<p><strong>Une vision commune de la communaut\u00e9 internationale<\/strong><\/p>\n<p>Outre le r\u00f4le du Congo et des pays-voisins, les intervenants ont d\u00e9battu le r\u00f4le de la communaut\u00e9 internationale. Les partenaires internationaux ne font souvent pas la m\u00eame analyse de la guerre au Congo, ni de l\u2019implication des pays-voisins comme le Rwanda. La division au sein de la communaut\u00e9 des bailleurs emp\u00eache le d\u00e9veloppement d\u2019une vision commune de la construction de la paix dans la r\u00e9gion. Un exemple par rapport \u00e0 la reforme de l\u2019arm\u00e9e. Pendant des ann\u00e9es, nous avons constat\u00e9 qu\u2019une vision commune de cette r\u00e9forme est absente. Chaque partenaire fait valoir sa propre coop\u00e9ration avec Kinshasa. Il n\u2019y a pas de politique coh\u00e9rente et les partenariats militaires font face \u00e0 un probl\u00e8me de coordination. L\u2019absence d\u2019un \u2018<em>franc-parler<\/em>\u2019 dans le cas ou si les partenaires africains ne r\u00e9alisent pas leurs engagements, est un autre probl\u00e8me.<\/p>\n<p>\u00ab <em>Et quel est encore le r\u00f4le de la force onusienne<\/em>? \u00bb Depuis la chute de Goma la MONUSCO est davantage critiqu\u00e9e. Selon ses partisans, la MONUSCO ne pouvait pas faire grand chose apr\u00e8s que l\u2019arm\u00e9e congolaise ait quitt\u00e9 Goma. \u00ab <em>Les casques bleus devaient prot\u00e9ger la population et ne pas se<\/em> <em>battre contre le M23. En plus ils ne pouvaient pas \u00eatre partout pour pr\u00e9venir les nombreux pillages. <\/em>\u00bb Parfois les Congolais se moquent de la mission de l\u2018ONU, en l\u2019appelant \u00ab <em>une mission d\u2019observation <\/em>\u00bb. Au Congo et au niveau international on plaide pour un renforcement du mandat de la MONUSCO.<\/p>\n<p>Cependant, son probl\u00e8me n\u2019est pas son mandat, mais la volont\u00e9 politique d\u2019ex\u00e9cuter le mandat sur le terrain. La MONUSCO re\u00e7oit beaucoup de critiques, mais, de l\u2019autre c\u00f4t\u00e9, personne n\u2019ose plaider pour un retrait (soudain) de la force. \u00ab <em>La Belgique, pourrait-elle comme partenaire international ayant beaucoup d\u2019expertise sur le Congo, \u00eatre un<\/em> <em>protagoniste dans la construction de la paix au Congo ? <\/em>\u00bb Nous constatons une attitude tr\u00e8s r\u00e9serv\u00e9e de notre pays pendant toute la crise du M23. Le ministre des Affaires \u00e9trang\u00e8res, Didier Reynders, pr\u00e9f\u00e8re attendre prudemment les d\u00e9cisions au niveau europ\u00e9en et de l\u2019ONU. \u00ab <em>La Belgique essaie<\/em> <em>de mettre le dossier du Congo sur l\u2019agenda de l\u2019Union Europ\u00e9enne et de l\u2019y maintenir, mais ce n\u2019est pas \u00e9vident<\/em> <em>puisque beaucoup de pays ont d\u2019autres priorit\u00e9s et ne se font pas pr\u00e9occup\u00e9s par la r\u00e9gion. <\/em>\u00bb<\/p>\n<p>\u00ab <em>Peut-on encore esp\u00e9rer des sanctions contre Kigali pour son soutien au M23 ? <\/em>\u00bb Suspendre la coop\u00e9ration au d\u00e9veloppement avec le Rwanda n\u2019est pas une option pour le gouvernement belge. Cela aurait des cons\u00e9quences graves pour la population. Il existe d\u2019autres mani\u00e8res d\u2019exercer des pressions sur Kigali. Par exemple, la Belgique s\u2019est abstenue lors de l\u2019\u00e9lection du Rwanda comme membre non permanent au Conseil de s\u00e9curit\u00e9 de l\u2019ONU. Le pr\u00e9sident Kagame aurait tr\u00e8s mal pris cette action.<\/p>\n<p>Il est difficile pour la Belgique de jouer un r\u00f4le de premier plan dans la crise \u00e0 l\u2019Est du Congo : notre pays est trop absent sur le terrain en comparaison avec la France, les Etats Unis et les Pays- Bas. La Belgique n\u2019a toujours pas ouvert un nouveau consulat \u00e0 Bukavu (Sud-Kivu) et\/ou \u00e0 Goma (Nord-Kivu). S\u2019agit-il d\u2019un manque de volont\u00e9 politique et de vision de la part du minist\u00e8re des Affaires \u00e9trang\u00e8res ? O\u00f9 se sont les autorit\u00e9s congolaises qui s\u2019opposent \u00e0 l\u2019ouverture d\u2019un nouveau consulat belge? Le fait est que pour l\u2019instant la Belgique ferme mondialement des ambassades et des consulats.<\/p>\n<p><strong>3. Conclusion<\/strong><\/p>\n<p>La conclusion du d\u00e9bat : \u00ab <em>Il faut de la volont\u00e9 politique au niveau congolais, africain et international pour construire la paix au Congo. Pour l\u2019instant cette volont\u00e9 est trop limit\u00e9e ou compl\u00e8tement absente. <\/em>\u00bb Il y a quelques ann\u00e9es, le militant des droits de l\u2019homme Sylvestre Bwira a v\u00e9cu un cauchemar. Apr\u00e8s avoir adress\u00e9 une lettre ouverte au pr\u00e9sident Kabila, il a \u00e9t\u00e9 enlev\u00e9 et empoisonn\u00e9. Maintenant Bwira s\u2019est exil\u00e9 aux Pays-Bas. Il est inacceptable que des personnes comme lui soient assassin\u00e9es, qu\u2019elles doivent fuir ou vivre en exil. \u00ab <em>Des individus et des groupes congolais comp\u00e9tents et int\u00e8gres m\u00e9ritent tout le soutien de la Belgique pour leurs activit\u00e9s quotidiennes dans le domaine de la construction de la paix. Finalement ce sont les Congolais qui doivent r\u00e9soudre les probl\u00e8mes de leur pays. <\/em>\u00bb<\/p>\n<p>En r\u00e9sum\u00e9 nous pouvons dire qu\u2019on peut construire la paix au Congo entre autres en :<\/p>\n<p>&#8211; organisant un dialogue national pour trouver des solutions politiques pour le processus de paix ;<br \/>\n&#8211; d\u00e9veloppant une vision congolaise d\u2019une r\u00e9forme militaire approfondie ;<br \/>\n&#8211; soutenant la lutte quotidienne des individus et des groupes congolais pour la paix ;<br \/>\n&#8211; nommant un envoy\u00e9 sp\u00e9cial cr\u00e9dible et en lui donnant suffisamment de temps pour appuyer un processus politique ;<br \/>\n&#8211; utilisant une strat\u00e9gie diplomatique et politique pour neutraliser les FDLR, avec la collaboration constructive du Rwanda ;<br \/>\n&#8211; d\u00e9veloppant une vision commune internationale\/europ\u00e9enne pour la construction de la paix au Congo et en menant une politique coh\u00e9rente et coordonn\u00e9e (p.ex. quant \u00e0 la r\u00e9forme de l\u2019arm\u00e9e, la d\u00e9fense des droits de l\u2019homme, la construction d\u2019un Etat de droit, \u2026)<\/p>\n<p><em>Pax Christi Vlaanderen\/Broederlijk Delen,\u00a0 5 f\u00e9vrier 2013.<\/em><br \/>\n<em>(L\u2019article est une traduction du texte en n\u00e9erlandais \u00ab Een nieuwe nationale conferentie voor vrede in Congo \u00bb)<\/em><\/p>\n<p><em>&#8212;&#8212;&#8212;&#8212;&#8212;&#8212;&#8212;&#8212;&#8212;&#8211;<\/em><\/p>\n<p><em>1 Steven Spittaels (chercheur de l\u2019International Peace Information Service), Koen Vlassenroot (professeur de l\u2019Universit\u00e9 de Gand), Annemie Wittockx (D\u00e9partement Nations Unies du SPF Affaires Etrang\u00e8res), Walter Zinzen (ancien journaliste de la VRT) et Sylvestre Bwira (secr\u00e9taire g\u00e9n\u00e9ral de l\u2019Institut Amani au Nord Kivu)<\/em><br \/>\n<em> 2 Congr\u00e8s National pour la D\u00e9fense du Peuple<\/em><br \/>\n<em> 3 Ces accords pr\u00e9voient entre autres l\u2019int\u00e9gration politique et militaire du CNDP dans les institutions politiques et dans l\u2019arm\u00e9e r\u00e9guli\u00e8re (FARDC) au Congo.<\/em><br \/>\n<em> 4 Forces Arm\u00e9es de la R\u00e9publique D\u00e9mocratique du Congo<\/em><br \/>\n<em> 5 Southern African Development Community<\/em><br \/>\n<em> 6 Forces D\u00e9mocratiques pour la Lib\u00e9ration de Rwanda<\/em>\t\t<\/p>\n","protected":false},"excerpt":{"rendered":"<p>Le mercredi 16 janvier 2013 Broederlijk Delen et Pax Christi Vlaanderen, en collaboration avec MO*, ont invit\u00e9 5 intervenants1 pour le d\u00e9bat : \u00ab La guerre au Congo. Comment construire une paix durable ? \u00bb. Les invit\u00e9s ont analys\u00e9 la nouvelle crise s\u00e9curitaire autour du \u00ab Mouvement du 23 Mars (M23) \u00bb et ont \u00e9tudi\u00e9 [&hellip;]<\/p>\n","protected":false},"author":1,"featured_media":4989,"comment_status":"open","ping_status":"open","sticky":false,"template":"","format":"standard","meta":{"_acf_changed":false,"content-type":"","footnotes":""},"categories":[122,124],"tags":[],"class_list":["post-4988","post","type-post","status-publish","format-standard","has-post-thumbnail","hentry","category-news-alertes","category-politique-societe"],"acf":[],"_links":{"self":[{"href":"https:\/\/congolobilelo.com\/IN\/wp-json\/wp\/v2\/posts\/4988","targetHints":{"allow":["GET"]}}],"collection":[{"href":"https:\/\/congolobilelo.com\/IN\/wp-json\/wp\/v2\/posts"}],"about":[{"href":"https:\/\/congolobilelo.com\/IN\/wp-json\/wp\/v2\/types\/post"}],"author":[{"embeddable":true,"href":"https:\/\/congolobilelo.com\/IN\/wp-json\/wp\/v2\/users\/1"}],"replies":[{"embeddable":true,"href":"https:\/\/congolobilelo.com\/IN\/wp-json\/wp\/v2\/comments?post=4988"}],"version-history":[{"count":0,"href":"https:\/\/congolobilelo.com\/IN\/wp-json\/wp\/v2\/posts\/4988\/revisions"}],"wp:featuredmedia":[{"embeddable":true,"href":"https:\/\/congolobilelo.com\/IN\/wp-json\/"}],"wp:attachment":[{"href":"https:\/\/congolobilelo.com\/IN\/wp-json\/wp\/v2\/media?parent=4988"}],"wp:term":[{"taxonomy":"category","embeddable":true,"href":"https:\/\/congolobilelo.com\/IN\/wp-json\/wp\/v2\/categories?post=4988"},{"taxonomy":"post_tag","embeddable":true,"href":"https:\/\/congolobilelo.com\/IN\/wp-json\/wp\/v2\/tags?post=4988"}],"curies":[{"name":"wp","href":"https:\/\/api.w.org\/{rel}","templated":true}]}}