{"id":4971,"date":"2013-02-04T18:13:39","date_gmt":"2013-02-04T18:13:39","guid":{"rendered":"http:\/\/www.ingeta.com\/?p=4971"},"modified":"2013-02-04T18:13:39","modified_gmt":"2013-02-04T18:13:39","slug":"kabila-les-elites-transnationales-linstrumentalisation-de-la-question-ethnique","status":"publish","type":"post","link":"https:\/\/congolobilelo.com\/IN\/kabila-les-elites-transnationales-linstrumentalisation-de-la-question-ethnique\/","title":{"rendered":"Kabila, les \u00e9lites transnationales &#038; l&#8217;instrumentalisation du tribalisme"},"content":{"rendered":"<p>\t\t\t\tL\u2019analyste politique Jean-Pierre Mbelu d\u00e9crypte l\u2019actualit\u00e9 politique congolaise de la semaine \u00e9coul\u00e9e, analyse le modus operandi d\u2019un Kabila qui n\u2019a jamais \u00e9t\u00e9 \u00e9lu, et d\u00e9nonce le mythe de la question ethnique et son instrumentalisation en RDC aujourd\u2019hui. \u00ab\u00a0Nous ne devons pas analyser le cas du Congo en croyant que nous faisons exception dans la politique imp\u00e9rialiste et n\u00e9ocoloniale des pays occidentaux aujourd\u2019hui\u00a0\u00bb.<\/p>\n<p><iframe loading=\"lazy\" src=\"http:\/\/www.youtube.com\/embed\/QyhMAHdcPkU\" frameborder=\"0\" width=\"560\" height=\"315\"><\/iframe><\/p>\n<p><strong>Sur le d\u00e9ploiement de drones en RDC<\/strong><\/p>\n<blockquote><p>Tout de qui se fait en ce moment n\u2019est pas de nature \u00e0 mettre fin \u00e0 la guerre de basse intensit\u00e9 qui se prolonge chez nous. Cette guerre pour ces initiateurs et commanditaires est un moyen de pouvoir avoir acc\u00e8s \u00e0 nos mati\u00e8res premi\u00e8res strat\u00e9giques de notre pays \u00e0 moindre co\u00fbt. Chercher \u00e0 y mettre fin, serait une fa\u00e7on de pouvoir \u00e9chapper \u00e0 ce march\u00e9 brad\u00e9 de nos mati\u00e8res premi\u00e8res. Ces drones ne sont qu\u2019une nouvelle mani\u00e8re de nous distraire. Ces gens l\u00e0 n\u2019ont aucunement besoin de mettre fin \u00e0 la guerre chez nous. L\u2019ONU, depuis notre ind\u00e9pendance, constitue pour nous un probl\u00e8me et non une solution.<\/p><\/blockquote>\n<p><strong>Sur la pr\u00e9sence croissante des drones en Afrique<\/strong><\/p>\n<blockquote><p>Dans la plupart de nos pays africains aujourd\u2019hui, on est en train de d\u00e9ployer des drones, non pas pour nous permettre de vivre comme des pays ind\u00e9pendants et souverains mais pour nous contr\u00f4ler.<br \/>\nAfricom a pour mission en Afrique de contr\u00f4ler l\u2019acc\u00e8s aux mati\u00e8res premi\u00e8res strat\u00e9giques. Donc, si nous n\u2019avons pas en t\u00eate cette politique imp\u00e9rialiste et n\u00e9ocoloniale nous ne comprendront pas grand-chose \u00e0 ce que l\u2019ONU est en train de faire chez nous.<\/p><\/blockquote>\n<p><strong>Sur la force africaine neutre<\/strong><\/p>\n<blockquote><p>Rwanda, Ouganda : Ces pays l\u00e0 sont tellement pauvres qu\u2019ils passent par le canal de leurs arm\u00e9es pour pouvoir aussi piller notre pays. Quand ils disent qu\u2019ils n\u2019ont plus besoin de la MONUSCO, il y a une part de v\u00e9rit\u00e9 dans le sens, o\u00f9 elle n\u2019est d\u2019aucune utilit\u00e9 pour le Congo, mais de l\u00e0 \u00e0 pr\u00e9tendre que cette force neutre sera efficace au moment o\u00f9 elle ne sera compos\u00e9e que de militaires africains, il y a un pas que je ne franchis pas. D\u2019autant plus que ces militaires africains appartiennent \u00e0 des pays impliqu\u00e9s dans la mis\u00e8re que le Congo conna\u00eet aujourd\u2019hui.<\/p><\/blockquote>\n<p><strong>Sur le report sine die de la signature d\u2019un accord r\u00e9gional \u00e0 Addis Abeba sur la paix dans l\u2019Est de la RDC<\/strong><\/p>\n<blockquote><p>En cherchant \u00e0 mener des n\u00e9gociations avec le M23, Kinshasa a cherch\u00e9 \u00e0 blanchir Kigali et Kampala. Si Kigali et Kampala avaient accept\u00e9 de signer l\u2019accord pr\u00e9vu \u00e0 Addis Abeba, ils reviendraient \u00e0 la case d\u00e9part, c&#8217;est-\u00e0-dire qu\u2019ils confirmeraient que ce sont eux les sous-traitants des grandes puissances qui rendent la guerre de basse intensit\u00e9 permanente au Congo. Donc, \u00e0 Addis Abeba, Kinshasa est tomb\u00e9 dans son propre pi\u00e8ge. Le gouvernement usurpateur de Kinshasa ne peut pas vouloir une chose et son contraire. Et, c\u2019est encore un signe qui ne ment pas : Nos institutions ont \u00e9t\u00e9 infiltr\u00e9es par le Rwanda et l\u2019Ouganda : chaque fois qu\u2019une issue \u00e0 la situation de guerre que nous connaissons se pr\u00e9sente, nous revenons toujours \u00e0 la case d\u00e9part. Il y a purement et simplement dans le chef du gouvernement usurpateur de Kinshasa, un manque criant de volont\u00e9 politique. Je dirai m\u00eame que ce gouvernement usurpateur fait bien son travail parce qu\u2019il tient \u00e0 innocenter Kigali et Kampala.<\/p><\/blockquote>\n<p><strong>Sur le r\u00f4le du gouvernement congolais<\/strong><\/p>\n<blockquote><p>La RDC ne peut pas remporter quelque victoire diplomatique que ce soit parce que ceux qui ont infiltr\u00e9 nos institutions et dirigent la RDC ne sont pas l\u00e0 pour remporter des victoires. Ils sont l\u00e0 pour affaiblir de l\u2019int\u00e9rieur et permettre le pillage permanent de nos mati\u00e8res premi\u00e8res strat\u00e9giques.<\/p><\/blockquote>\n<p><strong>Sur les d\u00e9clarations de Kagam\u00e9 sur CNN<\/strong><\/p>\n<blockquote><p>C\u2019est un discours public destin\u00e9 aux parrains de Kagam\u00e9 qui l\u2019aide \u00e0 pouvoir passer pour un pompier alors qu\u2019il est le pyromane. Kagam\u00e9 a r\u00e9ussi \u00e0 copier ses parrains qui ont toujours un double discours. Le monde aujourd\u2019hui est dirig\u00e9 par des bandits et des criminels, et ces bandits se respectent entre eux. Ils ont cr\u00e9\u00e9 un r\u00e9seau transnational de criminalit\u00e9. C\u2019est dans ce sens qu\u2019il faut comprendre la respectabilit\u00e9 internationale de Kagam\u00e9. Les soutiens de Paul Kagam\u00e9 sont des criminels. C\u2019est sa chance.<br \/>\nM\u00eame s\u2019il obtient l\u2019immunit\u00e9. Il ne faut pas oublier que les occidentaux n\u2019ont pas d\u2019amis. Rappelez-vous de ce qu\u2019ils ont fait \u00e0 Mobutu ! Kagam\u00e9 finira un jour par payer les crimes qu\u2019il a commis.<\/p><\/blockquote>\n<p><strong>Sur le modus operandi de Kabila<\/strong><\/p>\n<blockquote><p>Il ach\u00e8te les gens, il cr\u00e9e un client\u00e9lisme. Il utilise des minorit\u00e9s organis\u00e9es n\u00e9gativement au Congo pour essayer d\u2019influencer les majorit\u00e9s congolaises pour qu\u2019elles soutiennent Kabila. Nous nous rendons compte que ce monsieur n\u2019a jamais \u00e9t\u00e9 \u00e9lu. Il ach\u00e8te des voix.<br \/>\nLes \u00e9lections chez nous ont \u00e9t\u00e9 des pi\u00e8ges \u00e0 cons. Le monsieur, choisi au pr\u00e9alable, essaie de distribuer de l\u2019argent \u00e0 gauche et \u00e0 droite, pour pouvoir se maintenir \u00e0 la t\u00eate du pays et dire qu\u2019il a \u00e9t\u00e9 \u00e9lu d\u00e9mocratiquement.<\/p><\/blockquote>\n<p><strong>Sur les nouvelles ethnies et le faux d\u00e9bat ethnique<\/strong><\/p>\n<blockquote><p>Avec la mont\u00e9e de la mondialisation, il y a des nouvelles familles, tribus et ethnies qui se sont cr\u00e9\u00e9es dans tous les pays. Des r\u00e9seaux transnationaux et transculturels de gens qui ne travaillent que pour leurs int\u00e9r\u00eats propres.<br \/>\nSi on essaie de nous faire croire que c\u2019est le tribalisme, l\u2019ethnocentrisme qui triomphe chez nous, on risque de passer \u00e0 c\u00f4t\u00e9 de cette nouvelle donne qui fait que, au Nord, au Sud, \u00e0 l\u2019Est, \u00e0 l\u2019Ouest du monde, les individus, qui font partie du 1% qui pille et tue le monde, ont constitu\u00e9 leurs nouvelles tribus ou ethnies. Les liens traditionnels servent \u00e0 ces gens l\u00e0 comme des liens parasitaires. Aujourd\u2019hui, au Congo, on trouve dans toutes les ethnies des minorit\u00e9s n\u00e9gatives qui travaillent contre le bonheur collectif partag\u00e9. On ne peut pas dire que ces minorit\u00e9s n\u00e9gatives appartiennent exclusivement \u00e0 telle ou telle ethnie. Mais ces minorit\u00e9s ne sont pas aussi efficaces que les oligarques qui dirigent le monde aujourd\u2019hui et qui ont comme marionnettes et sous-traitants, les Kagam\u00e9, Museveni et Kabila.<\/p><\/blockquote>\n<p><strong>Sur le mythe du soutien katangais \u00e0 Kabila<\/strong><\/p>\n<blockquote><p>Les Katangais qui ont \u00e9t\u00e9 corrompus, ont adopt\u00e9 Kabila tout en sachant que tout ce qu\u2019il dit sur ses liens biologiques ne sont pas vrais. Et m\u00eame l\u00e0, les v\u00e9ritables soutiens de Kabila ne se trouvent pas seulement au Congo. Si Kabila n\u2019avait que des soutiens au Congo, il n\u2019existerait d\u00e9j\u00e0 plus comme pr\u00e9sident. C\u2019est ce r\u00e9seau transnational de pr\u00e9dation qui le maintient \u00e0 la t\u00eate du pays. Mais pour illusion chez nous, on nous montre ce que nous aimons voir : c&#8217;est-\u00e0-dire, il y a la tribu, il y a l\u2019ethnie qui est derri\u00e8re. Il y a une instrumentalisation de la tribu et de l\u2019ethnie par le 1%.<br \/>\nC\u2019est tr\u00e8s subtil et difficile \u00e0 comprendre parce que nous avons \u00e9t\u00e9 \u00e9duqu\u00e9s dans la mentalit\u00e9 selon laquelle quand il y a des responsables, ils sont soutenus par leurs tribus et ethnies. Or aujourd\u2019hui ces derniers sont instrumentalis\u00e9s et se contentent le plus souvent de ramasser les miettes qui tombent de la table de ceux qui dirigent.<\/p><\/blockquote>\n<p><strong>Sur la classe dominante au Congo<\/strong><\/p>\n<blockquote><p>Aujourd\u2019hui vous avez les vieux dinosaures mobutistes et les nouveaux pr\u00e9dateurs kabilistes qui constituent la classe dominante au Congo. Ce 1% de congolais s\u2019associe avec le 1% des autres pays pour nous mener cette guerre de basse intensit\u00e9. Il y a un r\u00e9seau d\u2019\u00e9lites compos\u00e9 de vieux dinosaures mobutistes et nouveaux pr\u00e9dateurs kabilistes qui font la guerre au Congo et aux congolais parce qu\u2019ils doivent se maintenir \u00e0 tout prix au pouvoir.<\/p><\/blockquote>\n","protected":false},"excerpt":{"rendered":"<p>L\u2019analyste politique Jean-Pierre Mbelu d\u00e9crypte l\u2019actualit\u00e9 politique congolaise de la semaine \u00e9coul\u00e9e, analyse le modus operandi d\u2019un Kabila qui n\u2019a jamais \u00e9t\u00e9 \u00e9lu, et d\u00e9nonce le mythe de la question ethnique et son instrumentalisation en RDC aujourd\u2019hui. \u00ab\u00a0Nous ne devons pas analyser le cas du Congo en croyant que nous faisons exception dans la politique [&hellip;]<\/p>\n","protected":false},"author":1,"featured_media":4972,"comment_status":"open","ping_status":"open","sticky":false,"template":"","format":"standard","meta":{"_acf_changed":false,"content-type":"","footnotes":""},"categories":[107,120,124],"tags":[],"class_list":["post-4971","post","type-post","status-publish","format-standard","has-post-thumbnail","hentry","category-analyses-commentaires","category-mondialisation","category-politique-societe"],"acf":[],"_links":{"self":[{"href":"https:\/\/congolobilelo.com\/IN\/wp-json\/wp\/v2\/posts\/4971","targetHints":{"allow":["GET"]}}],"collection":[{"href":"https:\/\/congolobilelo.com\/IN\/wp-json\/wp\/v2\/posts"}],"about":[{"href":"https:\/\/congolobilelo.com\/IN\/wp-json\/wp\/v2\/types\/post"}],"author":[{"embeddable":true,"href":"https:\/\/congolobilelo.com\/IN\/wp-json\/wp\/v2\/users\/1"}],"replies":[{"embeddable":true,"href":"https:\/\/congolobilelo.com\/IN\/wp-json\/wp\/v2\/comments?post=4971"}],"version-history":[{"count":0,"href":"https:\/\/congolobilelo.com\/IN\/wp-json\/wp\/v2\/posts\/4971\/revisions"}],"wp:featuredmedia":[{"embeddable":true,"href":"https:\/\/congolobilelo.com\/IN\/wp-json\/"}],"wp:attachment":[{"href":"https:\/\/congolobilelo.com\/IN\/wp-json\/wp\/v2\/media?parent=4971"}],"wp:term":[{"taxonomy":"category","embeddable":true,"href":"https:\/\/congolobilelo.com\/IN\/wp-json\/wp\/v2\/categories?post=4971"},{"taxonomy":"post_tag","embeddable":true,"href":"https:\/\/congolobilelo.com\/IN\/wp-json\/wp\/v2\/tags?post=4971"}],"curies":[{"name":"wp","href":"https:\/\/api.w.org\/{rel}","templated":true}]}}