{"id":4949,"date":"2013-01-29T16:03:17","date_gmt":"2013-01-29T16:03:17","guid":{"rendered":"http:\/\/www.ingeta.com\/?p=4949"},"modified":"2013-01-29T16:03:17","modified_gmt":"2013-01-29T16:03:17","slug":"la-force-africaine-neutre-sous-mandat-de-la-monusco","status":"publish","type":"post","link":"https:\/\/congolobilelo.com\/IN\/la-force-africaine-neutre-sous-mandat-de-la-monusco\/","title":{"rendered":"La force africaine neutre sous  mandat de la Monusco"},"content":{"rendered":"<p>\t\t\t\t<em>Par Jean-Pierre Mbelu<\/em><\/p>\n<p><strong>Souvent, plac\u00e9s face \u00e0 la peste et au chol\u00e9ra, nous avons tendance \u00e0 choisir \u00ab la moindre maladie \u00bb en m\u00e9connaissance de cause. Des patriotes fiers de leur dignit\u00e9 ne choisissent pas entre deux maladies : ils acceptent de mourir debout. Revisiter notre histoire peut nous permettre de questionner la pertinence des interventions de ces acteurs africains et internationaux dans notre pays pendant que \u00ab les meneurs secrets \u00bb de la guerre de basse intensit\u00e9 qui s\u00e9vit chez nous \u00e9vitent de dialoguer.<\/strong><\/p>\n<p>Selon les informations donn\u00e9es par Xinhuanet du 25 janvier 2013, les chefs d\u2019Etat \u2013major des pays de l\u2019Afrique australe et des Grands Lacs r\u00e9unis le week-end pass\u00e9 recommandaient le remplacement de la Monusco par les forces africaines. Ce jeudi, 29 janvier 2013, le journal Le Potentiel publie un article intitul\u00e9 \u00ab la force neutre \u00e0 d\u00e9ployer \u00e0 l\u2019est de la RDC plac\u00e9e sous mandat de la Monusco \u00bb. Cette option semble \u00eatre un rejet de la recommandation des chefs d\u2019Etat-major des pays de l\u2019Afrique australe et des Grands Lacs ou plut\u00f4t une solution m\u00e9diane. A quoi peut-elle servir ? Y a-t-il d\u00e9j\u00e0 eu une solution semblable au Congo ? Nous doutons fort que cette force r\u00e9ponde aux attentes fondamentales des Congolais(es) : elle ne va pas s\u2019interposer entre les Congolais(es) et leurs v\u00e9ritables agresseurs.<\/p>\n<p>Relisons notre histoire. Il est important de rappeler que pour lutter contre l\u2019agression ext\u00e9rieure subie par notre pays sept jour apr\u00e8s son accession \u00e0 l\u2019ind\u00e9pendance, notre premier ministre, Patrice-Emery Lumumba avait d\u00fb faire appel \u00e0 l\u2019intervention de l\u2019ONU. Et cette instance internationale avait pu utiliser, entre autres, des casques bleus venus d\u2019un pays ami au n\u00f4tre, le Ghana.<\/p>\n<p>Dans un article publi\u00e9 dans Afrique-Action, num\u00e9ro 19, du 29 f\u00e9vrier 1961, Frantz Fanon met cet appel sur le compte des erreurs commises par Patrice-Emery Lumumba. A son avis, \u00ab il fallait bien s\u00fbr envoyer des troupes \u00e0 Lumumba, mais pas dans le cadre de l\u2019ONU. Directement. De pays ami \u00e0 pays ami. \u00bb[1] Pour n\u2019avoir pas fait cette option, Lumumba ne verra pas les fruits de cette \u00ab intervention internationale \u00bb : la d\u00e9sagr\u00e9gation du Congo qui va s\u2019en suivre sera lue par Frantz Fanon comme \u00ab une d\u00e9faite morale historique \u00bb des troupes africaines au Congo. \u00ab L\u2019arme au pied, elles ont assist\u00e9 sans r\u00e9agir (parce que troupes de l\u2019ONU) \u00e0 la d\u00e9sagr\u00e9gation d\u2019un Etat et d\u2019une nation que l\u2019Afrique enti\u00e8re avait salu\u00e9s et chant\u00e9s. Une honte. [2]\u00bb A lire Frantz Fanon, il ressort que les questions essentielles pos\u00e9es par l\u2019agression ext\u00e9rieure du Congo et les s\u00e9cessions int\u00e9rieures ainsi que par \u00ab la faiblesse de l\u2019ONU \u00bb \u00e0 les mater n\u2019avaient pas \u00e9taient \u00e9tudi\u00e9es en profondeur. Lumumba constituait une menace pour les int\u00e9r\u00eats des capitalistes Belges et pour les autres colonialistes occidentaux. \u00ab Dans leur t\u00e2che, les Belges \u00e9taient aid\u00e9s par les autorit\u00e9s de la F\u00e9d\u00e9ration Rhod\u00e9sie-Nyassaland. On sait aujourd\u2019hui, et M. Hammarskjoeld mieux que quiconque, qu\u2019avant le 30 juin 1960, un pont a\u00e9rien Salisbury-Elizabethville alimentait le Katanga en armes. Lumumba avait certain jour proclam\u00e9 que la lib\u00e9ration du Congo serait la premi\u00e8re phase de la compl\u00e8te ind\u00e9pendance de l\u2019Afrique centrale et m\u00e9ridionale et il avait tr\u00e8s pr\u00e9cis\u00e9ment fix\u00e9 ses prochains objectifs : soutien des mouvements nationalistes en Rhod\u00e9sie, en Angola, en Afrique du Sud. [3]\u00bb Etre courageux et avoir une approche lucide de ses objectifs faisait de Lumumba un danger permanent pour les capitalistes et les imp\u00e9rialistes. Mais aussi pour les gouvernements africains fantoches.<\/p>\n<p>Dans ce contexte, appeler l\u2019ONU au secours fut une erreur fatale. Pourquoi ? \u00ab Il ne fallait pas faire appel \u00e0 l\u2019ONU, \u00e9crit Frantz Fanon. L\u2019ONU n\u2019a jamais \u00e9t\u00e9 capable de r\u00e9gler valablement un seul des probl\u00e8mes pos\u00e9s \u00e0 la conscience de l\u2019homme et chaque fois qu\u2019elle est intervenue, c\u2019\u00e9tait pour venir concr\u00e8tement au secours de la puissance colonialiste du pays oppresseur.[4] \u00bb<\/p>\n<p>La situation aurait-elle chang\u00e9 plusieurs d\u00e9cennies apr\u00e8s l\u2019assassinat de Patrice-Emery Lumumba ? Pas beaucoup. Il est un fait que ses experts ont permis que notre pays soit dot\u00e9 de plusieurs rapports sur \u00ab le g\u00e9nocide silencieux \u00bb qu\u2019il conna\u00eet et sur les multinationales qui y sont impliqu\u00e9es. Mais elle n\u2019est pas encore devenue \u00ab une incarnation de ce que la force peut \u00eatre jugul\u00e9e par le droit ? Y croire serait nous faire illusion. Aux yeux de Tzevetan Todorov, \u00ab il faudrait d\u2019abord, pour renoncer \u00e0 cette illusion, se rappeler qu\u2019\u00e0 la base de l\u2019ONU se trouve un choix que ne fonde aucun droit, \u00e0 savoir l\u2019octroi du \u00ab droit de veto \u00bb aux cinq membres permanents du Conseil de s\u00e9curit\u00e9. [5]\u00bb Ce droit de veto les mets au-dessus de la m\u00eal\u00e9e au point de ne pas sentir peser sur eux les obligations impos\u00e9es aux autres par cet organisme. Or, il se trouve, qu\u2019au moins deux de ces membres permanents du Conseil de s\u00e9curit\u00e9 sont les \u00ab meneurs secrets \u00bb de la guerre de basse intensit\u00e9 s\u00e9vissant au Congo (RD). \u00ab Loin, donc, de restreindre l\u2019h\u00e9g\u00e9monie des grandes puissances, l\u2019organisation mondiale la consacre.[6] \u00bb Du point de vue du droit, en 1961, Frantz Fanon disait d\u00e9j\u00e0 mieux les choses quand l\u2019ONU donnait l\u2019impression d\u2019avoir \u00e9chou\u00e9 \u00e0 chasser les agresseurs de notre pays. Pour lui, \u00ab il n\u2019est pas vrai de dire que l\u2019ONU \u00e9choue parce que les causes sont difficiles. En r\u00e9alit\u00e9, l\u2019ONU est la carte juridique qu\u2019utilisent les int\u00e9r\u00eats imp\u00e9rialistes quand la carte de la force brute \u00e9choue. Les partages, les commissions mixtes contr\u00f4l\u00e9es, les mises sous tutelle sont des moyens l\u00e9gaux internationaux de torturer, de briser la volont\u00e9 d\u2019ind\u00e9pendance, des progr\u00e8s, de cultiver l\u2019anarchie, le banditisme et la mis\u00e8re.[7] \u00bb Mettre la force africaine neutre \u00e0 l\u2019est de notre pays \u2013 encore faudrait-il prouver cette neutralit\u00e9- sous le mandat de la Monusco nous semble \u00eatre une fa\u00e7on de r\u00e9\u00e9diter \u00ab la d\u00e9faite morale historique \u00bb des ann\u00e9es 60.<\/p>\n<p>Que faire alors ? R\u00e9pondre positivement \u00e0 la recommandation des chefs d\u2019Etat-major des pays de l\u2019Afrique Australe et de ceux des Grands-Lacs, c\u2019est sombrer dans l\u2019amn\u00e9sie en faisant comme si les arm\u00e9es et les entreprises multinationales op\u00e9rant \u00e0 partir de ces pays n\u2019intervenaient pas dans le pillage de nos mati\u00e8res premi\u00e8res strat\u00e9giques. Et puis, la mission qui leur est confi\u00e9e est floue : combattre toutes \u00ab les forces n\u00e9gatives \u00bb op\u00e9rant \u00e0 l\u2019est de notre pays. Cette mission exclut le fait qu\u2019il y ait, \u00e0 l\u2019est de notre pays, des Congolais r\u00e9sistant au \u00ab nouveau d\u00e9sordre mondial \u00bb entretenu par l\u2019imp\u00e9rialisme et le n\u00e9ocolonialisme avec leurs moyens du bord. Si elle r\u00e9ussit, elle va l\u00e9gitimer \u00ab un pouvoir fantoche \u00bb de Kinshasa issu des \u00e9lections chaotiques de novembre et d\u00e9cembre 2011.<\/p>\n<p>Que faire ? Poursuivre diff\u00e9remment la lutte en restant attentifs \u00e0 l\u2019application des solutions propos\u00e9es. Que signifie poursuivre la lutte autrement ? C\u2019est sortir patriotiquement des chemins battus par les imp\u00e9rialistes et les n\u00e9ocolonialistes et leurs hommes et femmes liges pour tracer notre propre voie en marchant. Comment ? Il appartient \u00e0 nos masses populaires, aux minorit\u00e9s organis\u00e9es et agissantes de cr\u00e9er, d\u2019imaginer et d\u2019inventer, au quotidien, les modalit\u00e9s pratiques de cette lutte en capitalisant les options citoyennes ayant d\u00e9j\u00e0 fait leurs preuves dans l\u2019histoire que nous essayons de r\u00e9\u00e9crire avec notre sueur et notre sang.<\/p>\n<p>Souvent, plac\u00e9s face \u00e0 la peste et au chol\u00e9ra, nous avons tendance \u00e0 choisir \u00ab la moindre maladie \u00bb en m\u00e9connaissance de cause. Des patriotes fiers de leur dignit\u00e9 ne choisissent pas entre deux maladies : ils acceptent de mourir debout. Revisiter notre histoire peut nous permettre de questionner la pertinence des interventions de ces acteurs africains et internationaux dans notre pays. L\u2019ONU dans sa structure actuelle n\u2019a plus de cr\u00e9dibilit\u00e9. A la suite d\u2019Hubert V\u00e9drine, nous estimons que dans un monde de plus en plus polycentr\u00e9, il est indispensable de \u00ab concevoir une r\u00e9forme de l\u2019ONU qui redonnerait \u00e0 l\u2019organisation l\u00e9gitimit\u00e9, cr\u00e9dibilit\u00e9 et efficacit\u00e9 [8]\u00bb ; elle doit s\u2019ouvrir au multilat\u00e9ralisme.<\/p>\n<p>Et l\u2019Afrique dans tout \u00e7a ? Elle est encore tr\u00e8s faible. Elle n\u2019a pas encore r\u00e9ussi \u00e0 effectuer des changements institutionnels allant dans le sens du panafricanisme des peuples et pouvant lui permettre de parler d\u2019une seule voix face aux acteurs pl\u00e9niers soufflant le chaud et le froid dans notre pays. Les USA ont install\u00e9 sur notre continent l\u2019Africom afin qu\u2019il leur permette de contr\u00f4ler l\u2019acc\u00e8s aux mati\u00e8res premi\u00e8res strat\u00e9giques. La France s\u2019y maintient avec ses bases militaires et sa guerre fran\u00e7africaine du Mali (apr\u00e8s la Libye et la C\u00f4te d\u2019Ivoire). Sans une unit\u00e9 panafricaine efficace et capable de prot\u00e9ger la souverainet\u00e9 politique, \u00e9conomique et culturelle des pays qui le compose, il lui sera tr\u00e8s difficile de compter dans le concert des continents demain.<\/p>\n<p>L\u2019Am\u00e9rique Latine, sous l\u2019instigation d\u2019Hugo Chavez, a mis sur pied une Celac (Communaut\u00e9 des Etats Latino-Am\u00e9ricaines et des Cara\u00efbes) consid\u00e9r\u00e9e aujourd\u2019hui comme partenaire de dialogue de l\u2019UE. (Elles ont eu un sommet le samedi 26 janvier 2013.) Elle y est arriv\u00e9e sans l\u2019aide des USA et du Canada. Nous aussi, nous pouvons y arriver. Oui, nous pouvons y arriver. Pourvu que nous puissions avoir nos \u00ab Hugo Chavez \u00bb \u2026<\/p>\n<p>&nbsp;<\/p>\n<p><em>Mbelu Babanya Kabudi<\/em><\/p>\n<div>\n<hr align=\"left\" size=\"1\" width=\"33%\" \/>\n<div>\n<p><a title=\"\" name=\"13c866783a99a7fc__ftn1\"><\/a>[1] F. FANON, <em>\u0152uvres<\/em>, Paris, La D\u00e9couverte, p. 877.<\/p>\n<\/div>\n<div>\n<p><a title=\"\" name=\"13c866783a99a7fc__ftn2\"><\/a>[2] <em>Ibidem<\/em><\/p>\n<\/div>\n<div>\n<p><a title=\"\" name=\"13c866783a99a7fc__ftn3\"><\/a>[3] <em>Ibidem, 875.<\/em><\/p>\n<\/div>\n<div>\n<p><a title=\"\" name=\"13c866783a99a7fc__ftn4\"><\/a>[4] <em>Ibidem<\/em><\/p>\n<\/div>\n<div>\n<p><a title=\"\" name=\"13c866783a99a7fc__ftn5\"><\/a>[5] T. TODOROV, <em>Le nouveau d\u00e9sordre mondial<\/em>. R\u00e9flexions d\u2019un Europ\u00e9en, Paris, Robert Laffont, 2003, p. 67.<\/p>\n<\/div>\n<div>\n<p><a title=\"\" name=\"13c866783a99a7fc__ftn6\"><\/a>[6] Ibidem.<\/p>\n<\/div>\n<div>\n<p><a title=\"\" name=\"13c866783a99a7fc__ftn7\"><\/a>[7] F. FANON, <em>O. C<\/em>.<\/p>\n<\/div>\n<div>\n<p><a title=\"\" name=\"13c866783a99a7fc__ftn8\"><\/a>[8] H. VEDRINE, <em>Le temps des chim\u00e8res. Articles, pr\u00e9faces et conf\u00e9rences ( 2003-2009<\/em>), Paris, Fayard, 2009.<\/p>\n<p>&nbsp;<\/p>\n<\/div>\n<\/div>\n","protected":false},"excerpt":{"rendered":"<p>Par Jean-Pierre Mbelu Souvent, plac\u00e9s face \u00e0 la peste et au chol\u00e9ra, nous avons tendance \u00e0 choisir \u00ab la moindre maladie \u00bb en m\u00e9connaissance de cause. Des patriotes fiers de leur dignit\u00e9 ne choisissent pas entre deux maladies : ils acceptent de mourir debout. Revisiter notre histoire peut nous permettre de questionner la pertinence des [&hellip;]<\/p>\n","protected":false},"author":1,"featured_media":4950,"comment_status":"open","ping_status":"open","sticky":false,"template":"","format":"standard","meta":{"_acf_changed":false,"content-type":"","footnotes":""},"categories":[107,120,124],"tags":[],"class_list":["post-4949","post","type-post","status-publish","format-standard","has-post-thumbnail","hentry","category-analyses-commentaires","category-mondialisation","category-politique-societe"],"acf":[],"_links":{"self":[{"href":"https:\/\/congolobilelo.com\/IN\/wp-json\/wp\/v2\/posts\/4949","targetHints":{"allow":["GET"]}}],"collection":[{"href":"https:\/\/congolobilelo.com\/IN\/wp-json\/wp\/v2\/posts"}],"about":[{"href":"https:\/\/congolobilelo.com\/IN\/wp-json\/wp\/v2\/types\/post"}],"author":[{"embeddable":true,"href":"https:\/\/congolobilelo.com\/IN\/wp-json\/wp\/v2\/users\/1"}],"replies":[{"embeddable":true,"href":"https:\/\/congolobilelo.com\/IN\/wp-json\/wp\/v2\/comments?post=4949"}],"version-history":[{"count":0,"href":"https:\/\/congolobilelo.com\/IN\/wp-json\/wp\/v2\/posts\/4949\/revisions"}],"wp:featuredmedia":[{"embeddable":true,"href":"https:\/\/congolobilelo.com\/IN\/wp-json\/"}],"wp:attachment":[{"href":"https:\/\/congolobilelo.com\/IN\/wp-json\/wp\/v2\/media?parent=4949"}],"wp:term":[{"taxonomy":"category","embeddable":true,"href":"https:\/\/congolobilelo.com\/IN\/wp-json\/wp\/v2\/categories?post=4949"},{"taxonomy":"post_tag","embeddable":true,"href":"https:\/\/congolobilelo.com\/IN\/wp-json\/wp\/v2\/tags?post=4949"}],"curies":[{"name":"wp","href":"https:\/\/api.w.org\/{rel}","templated":true}]}}