{"id":4938,"date":"2013-01-27T22:44:44","date_gmt":"2013-01-27T22:44:44","guid":{"rendered":"http:\/\/www.ingeta.com\/?p=4938"},"modified":"2013-01-27T22:44:44","modified_gmt":"2013-01-27T22:44:44","slug":"les-lecons-a-tirer-du-fameux-traite-de-nice","status":"publish","type":"post","link":"https:\/\/congolobilelo.com\/IN\/les-lecons-a-tirer-du-fameux-traite-de-nice\/","title":{"rendered":"Les le\u00e7ons \u00e0 tirer du fameux \u00abTrait\u00e9 de Nice\u00bb"},"content":{"rendered":"<p>\t\t\t\tL\u2019analyste politique Jean-Pierre Mbelu d\u00e9crypte ce que le d\u00e9bat autour du trait\u00e9 de Nice nous apprend sur nous et sur le v\u00e9ritable combat sur nous-m\u00eames que nous devons mener et gagner, explique pourquoi notre combat donne des signes de fatigue et appelle les minorit\u00e9s organis\u00e9es \u00e0 prendre les devant de la sc\u00e8ne, les autres n\u2019auront qu\u2019\u00e0 suivre: \u00ab\u00a0<em>Pour changer le monde, ce sont les minorit\u00e9s qui agissent et non les majorit\u00e9s \u00e0 esprit moutonnier!\u00a0<\/em>\u00bb<\/p>\n<p><iframe loading=\"lazy\" src=\"http:\/\/www.youtube.com\/embed\/lQsq6zCtD9Y\" frameborder=\"0\" width=\"560\" height=\"315\"><\/iframe><\/p>\n<p><strong>Sur le d\u00e9bat autour du trait\u00e9 de Nice<\/strong><\/p>\n<blockquote><p>Le c\u00f4t\u00e9 positif du d\u00e9bat qui s\u2019en est suivi et que sur les questions concernant notre devenir collectif, il n\u2019y a plus de tabou. Il est important que nous puissions d\u00e9battre de tout. Mais tout est dans la mani\u00e8re. Le complexe d\u2019inf\u00e9riorit\u00e9 qui nous a \u00e9t\u00e9 inocul\u00e9 par le n\u00e9ocolonialisme a cr\u00e9\u00e9 en nous une haine terrible, une haine du congolais \u00e0 l\u2019endroit du congolais, une haine de la congolaise \u00e0 l\u2019endroit de la congolaise. Voil\u00e0 une guerre que nous devons mener : arriver \u00e0 d\u00e9sarmer en nous tous ces sentiments li\u00e9s \u00e0 nos \u00e9go\u00efsme, \u00e9gocentrisme et cupidit\u00e9.<\/p><\/blockquote>\n<p><strong>Sur le sens des d\u00e9bats<\/strong><\/p>\n<blockquote><p>Nous devons d\u00e9battre sans que l\u2019essentiel ne soit compromis. L\u2019essentiel pour nous, c\u2019est notre unit\u00e9, notre nationalisme, la protection de notre terre. Or certains d\u00e9bats qui surgissent chez nous, sont fond\u00e9s sur aucune valeur s\u00e9rieuse.<br \/>\nIl y a des d\u00e9bats qui ne sont que des pr\u00e9textes sur lesquels nous sautons pour faire triompher nos \u00e9go\u00efsmes, \u00e9gocentrismes et cupidit\u00e9s. Et l\u00e0, nous faisons le jeu de ceux qui veulent nous voir divis\u00e9s pour mieux r\u00e9gner.<br \/>\nEn suivant les d\u00e9bats sur le trait\u00e9 de Nice, j\u2019ai eu honte et j\u2019ai eu peur. J\u2019ai eu peur que demain nous ne soyons pas capables, pour certains d\u2019entre nous, de d\u00e9battre sereinement. On y a ressuscit\u00e9 des questions suppos\u00e9es r\u00e9gl\u00e9es il y a 50 ans. J\u2019ai peur que notre unit\u00e9 et notre nationalisme ne soient que de fa\u00e7ade, et ne puisse pas \u00eatre un nationalisme de c\u0153ur et d\u2019esprit.<\/p><\/blockquote>\n<p><strong>Sur les signaux de fatigue de notre combat<\/strong><\/p>\n<blockquote><p>J\u2019ai l\u2019impression que nous donnons de signaux de fatigue. Des signaux de fatigue, parce que nous n\u2019avons pas bien approfondi la nature de la guerre qui nous est men\u00e9e. Nous avions cru que nous allions l\u2019emporter sur les acteurs majeurs et pl\u00e9niers de cette guerre rapidement. Et comme la guerre tra\u00eene, nous sommes fatigu\u00e9s et nous commen\u00e7ons \u00e0 nous tirer dessus. Ce qui constitue visiblement une grande faiblesse.<br \/>\nL\u00e0 o\u00f9 il y a des hommes, il y a toujours des mis\u00e8res, mais la question est de savoir comment nous congolais, \u00e9pris du d\u00e9sir de notre Congo, nous pouvons organiser des lieux d\u2019apprentissage de la gestion des conflits.<\/p><\/blockquote>\n<p><strong>Sur nos m\u00e9connaissances et m\u00e9fiances mutuelles entre Congolais<\/strong><\/p>\n<blockquote><p>Nous devrions mettre en place des lieux et des structures de d\u00e9bats permanents entre nous. Nous congolais, nous ne nous connaissons pas assez, parce qu\u2019il n\u2019y a pas eu des autoroutes et des routes de communication et de t\u00e9l\u00e9communication qui nous aient permis de rentrer profond\u00e9ment en contact les uns avec les autres. C\u2019est vrai qu\u2019il y a eu certains mixages, certaines rencontres au niveau de la fonction publique, mais tout cela ne nous a permis de nous conna\u00eetre profond\u00e9ment. Cela explique ces sentiments mutuels de m\u00e9fiance.<br \/>\nLe Congo de demain, s\u2019il veut sortir de ce bourbier du tribalisme, doit cr\u00e9er des autoroutes et routes de communication et de t\u00e9l\u00e9communication pouvant favoriser un m\u00e9tissage qui nous permette d\u2019asseoir notre unit\u00e9 et nationalisme sur des id\u00e9ologies politiques concr\u00e8tes.<\/p><\/blockquote>\n<p><strong>Sur la fragilit\u00e9 de notre unit\u00e9 et nationalisme<\/strong><\/p>\n<blockquote><p>Notre unit\u00e9 et notre nationalisme sont encore fragiles parce que les autoroutes de communication n\u2019ont \u00e9t\u00e9 favoris\u00e9es depuis les ann\u00e9es 1960. Si nous ne r\u00e9ussissons pas \u00e0 nous d\u00e9sarmer au niveau de nous-m\u00eames, au niveau de nos c\u0153urs et de nos esprits, nous pourrons accuser l\u2019ext\u00e9rieur, mais cela ne changera rien \u00e0 notre pays.<\/p><\/blockquote>\n<p><strong>Sur le r\u00f4le de nos minorit\u00e9s organis\u00e9es<\/strong><\/p>\n<blockquote><p>La question du trait\u00e9 de Nice, c\u2019est aussi celle de l\u2019identification de ceux qui pourront demain aider certains de nos acteurs politiques \u00e0 pouvoir renverser les rapports de force. Et ce ne seront pas les gens qui agiront de l\u2019ext\u00e9rieur qui aideront notre pays \u00e0 renverser ces rapports de force. Ce sera les minorit\u00e9s organis\u00e9es et agissantes qui vont \u00e0 la rencontre de nos masses populaires, qui vont essayer de cr\u00e9er une synergie vivante et agissante avec ces masses qui viendront \u00e0 bout de cette guerre de basse intensit\u00e9 et des errances dans lesquels nombre d\u2019entre nous sont engag\u00e9s aujourd\u2019hui.<\/p><\/blockquote>\n<p><strong>Sur les questions de tribalisme au niveau de l\u2019Etat<\/strong><\/p>\n<blockquote><p>Quand on est faible, quand on est sans argument, quand on est tomb\u00e9 dans la cupidit\u00e9 et l\u2019\u00e9gocentrisme, on cherche des appuis faibles comme la tribu. Il y a un probl\u00e8me de valeurs et d\u2019\u00e9thique qui se pose. Il n\u2019y pas de lieux de contr\u00f4le et de remise en question de la gestion du pays chez nous. Ainsi du point de vue politique, nous n\u2019avons m\u00eame pas un d\u00e9but d\u2019Etat\u2026<\/p><\/blockquote>\n<p><strong>Sur notre faiblesse majeure<\/strong><\/p>\n<blockquote><p>Nous avons un travail \u00e0 mener sur le long terme et dans l\u2019humilit\u00e9 pour que nous puissions apprendre \u00e0 passer le relais. Notre faiblesse est de chercher \u00e0 lutter et \u00e0 avoir les r\u00e9sultats de notre lutte ici et maintenant. Et cela nous conduit \u00e0 la cupidit\u00e9 et \u00e0 la haine des autres.<\/p><\/blockquote>\n<p><strong>Sur la communaut\u00e9 congolaise<\/strong><\/p>\n<blockquote><p>Il faut se rendre \u00e0 l\u2019\u00e9vidence que la communaut\u00e9 congolaise est constitu\u00e9e de castes et de classes. Il y a des castes dominantes qui, aujourd\u2019hui, ne veulent pas du tout entendre parler de la perte de leur pouvoir. Et si nous n\u2019ouvrons pas nos yeux sur cette r\u00e9alit\u00e9, nous risquons de mal lutter.<\/p><\/blockquote>\n<p>Mais aussi\u2026<\/p>\n<p><strong>Sur le p\u00each\u00e9 originel dont nous souffrons<\/strong><\/p>\n<blockquote><p>Le p\u00each\u00e9 originel dont nous souffrons jusqu\u2019\u00e0 ce jour, c\u2019est l\u2019assassinat de Patrice Emery Lumumba. Et ce sont ces m\u00eames acteurs pl\u00e9niers, qui ont assassin\u00e9 Lumumba pour des raisons \u00e9conomiques et financi\u00e8res, qui continuent \u00e0 mener la barque aujourd\u2019hui.<br \/>\nIl n\u2019y a pas de politique au Congo. Des soci\u00e9t\u00e9s multinationales et transnationales ont choisi depuis les ann\u00e9es 1960 ont choisi de s\u2019emparer de nos terres, et de faire de notre pays un r\u00e9servoir de mati\u00e8res premi\u00e8res. Pour cela, ils cr\u00e9ent des marionnettes \u00e0 tour de r\u00f4le.<\/p><\/blockquote>\n<p><strong>Sur la r\u00e9union de l\u2019assembl\u00e9e des parlementaires des pays des Grands Lacs, cl\u00f4tur\u00e9e le 24 janvier 2013<\/strong><\/p>\n<blockquote><p>Ce genre de rencontres participe de la th\u00e9\u00e2tralisation de la mort et de la pr\u00e9dation chez nous\u2026 Nous devrions avoir honte nous africains de nous tirer dessus, de nous entretuer au lieu d\u2019aller dans le sens de ceux que d\u2019autres sont en train de faire pour respecter, comme les Etats de la Communaut\u00e9 des Etats Latino-Am\u00e9ricains et des Cara\u00efbes (CELAC). Nous devrions avoir honte de toutes ces rencontres qui ne contribuent pas \u00e0 la v\u00e9ritable unit\u00e9 de l\u2019Afrique.<\/p><\/blockquote>\n<p><strong>Sur nos probl\u00e9matiques g\u00e9ostrat\u00e9giques<\/strong><\/p>\n<blockquote><p>L\u2019un de nos probl\u00e8mes s\u00e9rieux aujourd\u2019hui est que l\u2019Afrique ne travaille pas avec des axes g\u00e9ostrat\u00e9giques qui comptent. Si l\u2019Afrique d\u00e9cidait de travailler avec le Br\u00e9sil, l\u2019Inde, la Russie, la Chine et l\u2019Afrique du Sud qui nous a d\u00e9j\u00e0 devanc\u00e9, et si l\u2019Afrique r\u00e9ussissait son int\u00e9gration r\u00e9gionale pour aller de plus en plus vers le panafricanisme des peuples, ce serait une solution qui pourrait mettre fin \u00e0 toutes ces guerres de basse intensit\u00e9 qui nous sont men\u00e9es\u2026 Mais il y aura des gens comme les Kagam\u00e9, les Museveni et les Kabila qui chercheront \u00e0 torpiller tout ce qui pourrait faire que les Africains puissent s\u2019unir et peser dans la balance des grands centres du monde.<\/p><\/blockquote>\n<p><strong>Sur le Congo de demain<\/strong><\/p>\n<blockquote><p>Aujourd\u2019hui le monde est polycentr\u00e9. M\u00eame les Etats-Unis ne pourront plus rien faire seul aujourd\u2019hui. Mais pourquoi le Congo ne pourrait pas travailler avec les pays de l\u2019Afrique australe pour devenir un pays fort, qui s\u2019ouvre aux autres et cr\u00e9e une int\u00e9gration r\u00e9gionale pour r\u00e9sister aux attaques de l\u2019ext\u00e9rieur.<br \/>\nSi nous avons des africains intelligents qui comprennent qu\u2019ils peuvent s\u2019engouffrer dans cette br\u00e8che qui s\u2019ouvre avec les BRICS, l\u2019Afrique peut conna\u00eetre un avenir radieux, qu\u2019il finira par conna\u00eetre de toute fa\u00e7on, parce qu\u2019il est incontournable dans la g\u00e9opolitique de demain.<\/p><\/blockquote>\n<p><strong>Sur les Congolais et les alliances avec le M23<\/strong><\/p>\n<blockquote><p>Il y a une grande part d\u2019inconscience chez nos compatriotes qui lient des alliances avec le M23 en oubliant que le M23 est une cr\u00e9ation de Paul Kagam\u00e9, qui est un sous-traitant des acteurs pl\u00e9niers de la guerre qui nous est men\u00e9e, une guerre qui a d\u00e9j\u00e0 fait plus de 6 millions de morts.<\/p><\/blockquote>\n","protected":false},"excerpt":{"rendered":"<p>L\u2019analyste politique Jean-Pierre Mbelu d\u00e9crypte ce que le d\u00e9bat autour du trait\u00e9 de Nice nous apprend sur nous et sur le v\u00e9ritable combat sur nous-m\u00eames que nous devons mener et gagner, explique pourquoi notre combat donne des signes de fatigue et appelle les minorit\u00e9s organis\u00e9es \u00e0 prendre les devant de la sc\u00e8ne, les autres n\u2019auront [&hellip;]<\/p>\n","protected":false},"author":1,"featured_media":4939,"comment_status":"open","ping_status":"open","sticky":false,"template":"","format":"standard","meta":{"_acf_changed":false,"content-type":"","footnotes":""},"categories":[107,120,124],"tags":[],"class_list":["post-4938","post","type-post","status-publish","format-standard","has-post-thumbnail","hentry","category-analyses-commentaires","category-mondialisation","category-politique-societe"],"acf":[],"_links":{"self":[{"href":"https:\/\/congolobilelo.com\/IN\/wp-json\/wp\/v2\/posts\/4938","targetHints":{"allow":["GET"]}}],"collection":[{"href":"https:\/\/congolobilelo.com\/IN\/wp-json\/wp\/v2\/posts"}],"about":[{"href":"https:\/\/congolobilelo.com\/IN\/wp-json\/wp\/v2\/types\/post"}],"author":[{"embeddable":true,"href":"https:\/\/congolobilelo.com\/IN\/wp-json\/wp\/v2\/users\/1"}],"replies":[{"embeddable":true,"href":"https:\/\/congolobilelo.com\/IN\/wp-json\/wp\/v2\/comments?post=4938"}],"version-history":[{"count":0,"href":"https:\/\/congolobilelo.com\/IN\/wp-json\/wp\/v2\/posts\/4938\/revisions"}],"wp:featuredmedia":[{"embeddable":true,"href":"https:\/\/congolobilelo.com\/IN\/wp-json\/"}],"wp:attachment":[{"href":"https:\/\/congolobilelo.com\/IN\/wp-json\/wp\/v2\/media?parent=4938"}],"wp:term":[{"taxonomy":"category","embeddable":true,"href":"https:\/\/congolobilelo.com\/IN\/wp-json\/wp\/v2\/categories?post=4938"},{"taxonomy":"post_tag","embeddable":true,"href":"https:\/\/congolobilelo.com\/IN\/wp-json\/wp\/v2\/tags?post=4938"}],"curies":[{"name":"wp","href":"https:\/\/api.w.org\/{rel}","templated":true}]}}