{"id":4921,"date":"2013-01-23T03:57:12","date_gmt":"2013-01-23T03:57:12","guid":{"rendered":"http:\/\/www.ingeta.com\/?p=4921"},"modified":"2013-01-23T03:57:12","modified_gmt":"2013-01-23T03:57:12","slug":"conference-ca-mconcerne-le-role-des-minieres-canadiennes-dans-le-conflit-au-congo","status":"publish","type":"post","link":"https:\/\/congolobilelo.com\/IN\/conference-ca-mconcerne-le-role-des-minieres-canadiennes-dans-le-conflit-au-congo\/","title":{"rendered":"Conf\u00e9rence &#8220;\u00e7a m&#8217;concerne&#8221; : Le r\u00f4le des mini\u00e8res canadiennes dans le conflit au Congo"},"content":{"rendered":"<p>\t\t\t\t<strong>Date :<\/strong> 7 f\u00e9vrier 2013<br \/>\n<strong>Heure :<\/strong> 18:00<br \/>\n<strong>Lieu :<\/strong> Universit\u00e9 de Montr\u00e9al Amphith\u00e9\u00e2tre Hydro-Qu\u00e9bec (local 1120), Facult\u00e9 de l\u2019am\u00e9nagement 2940, ch. de la C\u00f4te-Sainte-Catherine Montr\u00e9al QC<\/p>\n<p>La conf\u00e9rence &#8220;<strong>Ca m&#8217;concerne<\/strong>&#8221; a pour but d&#8217;adresser le conflit en RDC ayant co\u00fbt\u00e9 la vie \u00e0 pr\u00e8s <strong>8 millions de congolais<\/strong>. Nous tenterons de comprendre les causes de ce qui est qualifi\u00e9 par certains de g\u00e9nocide, en explorant la responsabilit\u00e9, le silence et l&#8217;implication du Canada, de la communaut\u00e9 internationale et des m\u00e9dias. La R\u00e9publique D\u00e9mocratique du Congo sera donc le point central pour permettre au public de comprendre les diff\u00e9rents impacts de l&#8217;exploitation \u00e9conomique et politique sur une population et son avenir.<\/p>\n<p><strong>Panelistes : <\/strong>Alain Deneault, Patrick Mbeko, D\u00e9dy Bilamba, Denis Touga, Marie-Eve Pelcet et Francis Ihaza<\/p>\n<p><a href=\"http:\/\/www.ingeta.com\/wp-content\/uploads\/2013\/01\/conf-ca-me-concerne1.jpg\"><img loading=\"lazy\" decoding=\"async\" class=\"alignnone  wp-image-4923\" title=\"conf ca me concerne\" src=\"http:\/\/www.ingeta.com\/wp-content\/uploads\/2013\/01\/conf-ca-me-concerne1.jpg\" alt=\"\" width=\"596\" height=\"773\" \/><\/a>\t\t<\/p>\n","protected":false},"excerpt":{"rendered":"<p>Date : 7 f\u00e9vrier 2013 Heure : 18:00 Lieu : Universit\u00e9 de Montr\u00e9al Amphith\u00e9\u00e2tre Hydro-Qu\u00e9bec (local 1120), Facult\u00e9 de l\u2019am\u00e9nagement 2940, ch. de la C\u00f4te-Sainte-Catherine Montr\u00e9al QC La conf\u00e9rence &#8220;Ca m&#8217;concerne&#8221; a pour but d&#8217;adresser le conflit en RDC ayant co\u00fbt\u00e9 la vie \u00e0 pr\u00e8s 8 millions de congolais. Nous tenterons de comprendre les causes [&hellip;]<\/p>\n","protected":false},"author":1,"featured_media":4924,"comment_status":"open","ping_status":"open","sticky":false,"template":"","format":"standard","meta":{"_acf_changed":false,"content-type":"","footnotes":""},"categories":[141,120,124,127],"tags":[168],"class_list":["post-4921","post","type-post","status-publish","format-standard","has-post-thumbnail","hentry","category-canada","category-mondialisation","category-politique-societe","category-rencontresdebats","tag-agenda"],"acf":[],"_links":{"self":[{"href":"https:\/\/congolobilelo.com\/IN\/wp-json\/wp\/v2\/posts\/4921","targetHints":{"allow":["GET"]}}],"collection":[{"href":"https:\/\/congolobilelo.com\/IN\/wp-json\/wp\/v2\/posts"}],"about":[{"href":"https:\/\/congolobilelo.com\/IN\/wp-json\/wp\/v2\/types\/post"}],"author":[{"embeddable":true,"href":"https:\/\/congolobilelo.com\/IN\/wp-json\/wp\/v2\/users\/1"}],"replies":[{"embeddable":true,"href":"https:\/\/congolobilelo.com\/IN\/wp-json\/wp\/v2\/comments?post=4921"}],"version-history":[{"count":0,"href":"https:\/\/congolobilelo.com\/IN\/wp-json\/wp\/v2\/posts\/4921\/revisions"}],"wp:featuredmedia":[{"embeddable":true,"href":"https:\/\/congolobilelo.com\/IN\/wp-json\/"}],"wp:attachment":[{"href":"https:\/\/congolobilelo.com\/IN\/wp-json\/wp\/v2\/media?parent=4921"}],"wp:term":[{"taxonomy":"category","embeddable":true,"href":"https:\/\/congolobilelo.com\/IN\/wp-json\/wp\/v2\/categories?post=4921"},{"taxonomy":"post_tag","embeddable":true,"href":"https:\/\/congolobilelo.com\/IN\/wp-json\/wp\/v2\/tags?post=4921"}],"curies":[{"name":"wp","href":"https:\/\/api.w.org\/{rel}","templated":true}]}}