{"id":4904,"date":"2013-01-21T11:52:02","date_gmt":"2013-01-21T11:52:02","guid":{"rendered":"http:\/\/www.ingeta.com\/?p=4904"},"modified":"2013-01-21T11:52:02","modified_gmt":"2013-01-21T11:52:02","slug":"m-wondo-la-rdc-ne-peut-devenir-une-nation-forte-sans-une-armee-assainie","status":"publish","type":"post","link":"https:\/\/congolobilelo.com\/IN\/m-wondo-la-rdc-ne-peut-devenir-une-nation-forte-sans-une-armee-assainie\/","title":{"rendered":"&#8220;La RDC ne peut devenir une nation forte sans une arm\u00e9e assainie&#8221;"},"content":{"rendered":"<p>\t\t\t\t<em>Par Beno\u00eet Lannoo<\/em><\/p>\n<p><strong>Un Etat digne de ce nom doit disposer de troupes redoutables. Mais la R\u00e9publique D\u00e9mocratique du Congo (RDC) n\u2019est gu\u00e8re un Etat et son arm\u00e9e fait la ris\u00e9e de tout observateur. \u00ab\u00a0L\u2019arm\u00e9e congolaise n\u2019a jamais \u00e9t\u00e9 performante\u00a0\u00bb, dit Jean-Jacques Wondo Omanyundu, \u00ab\u00a0bien qu\u2019elle puisse parfaitement l\u2019\u00eatre\u00a0\u00bb.<\/strong><\/p>\n<p>Chaque coup de th\u00e9\u00e2tre, tout parti d\u2019opposition et chaque mouvement rebelle au Congo-Kinshasa a fait l\u2019objet de commentaires et de descriptions d\u00e9taill\u00e9es. Mais les analyses sur les forces arm\u00e9es r\u00e9guli\u00e8res au Congo sont beaucoup moins abondantes (tout comme d\u2019ailleurs la litt\u00e9rature concernant les entreprises multinationales actives sur le territoire congolais). <a href=\"http:\/\/www.ingeta.com\/belgique-presentation-du-livre-les-armees-au-congo-kinshasa-le-12-janv-2013\/\">L\u2019\u00e9tude approfondie <em>Les Arm\u00e9es au Congo-Kinshasa<\/em> <\/a>que Jean-Jacques Wondo Omanyundu, a pr\u00e9sent\u00e9 le samedi 12 janvier 2013 \u00e0 Leuven, lors d\u2019une apr\u00e8s-midi d\u2019\u00e9tudes organis\u00e9e par les amis du Congo de l\u2019association sans but lucratif Bana Leuven, est d\u00e8s lors fort int\u00e9ressante, et cela malgr\u00e9 ses maints excursus, redites et petites fautes et malgr\u00e9 le discours de l\u2019auteur par moments assez proche de celui de l\u2019opposition politique au pays.<\/p>\n<p>Wondo ne s\u2019est pas limit\u00e9 \u00e0 faire la radioscopie de l\u2019arm\u00e9e-fant\u00f4me au Congo dans ses cinq apparences successives\u00a0: la Force Publique avant l\u2019ind\u00e9pendance et par apr\u00e8s l&#8217;Arm\u00e9e Nationale Congolaise (ANC), les Forces Arm\u00e9es Za\u00efroises (FAZ), les Forces Arm\u00e9es Congolaises (FAC) et les Forces Arm\u00e9es de la R\u00e9publique D\u00e9mocratique du Congo (FARDC) actuelles. Il a ajout\u00e9 une seconde partie \u00e0 son ouvrage dans laquelle il dessine les contours de ce qui pourrait \u00eatre une arm\u00e9e nationale et r\u00e9publicaine, capable d\u2019\u00e9tayer un Etat digne de ce nom \u00e0 l\u2019int\u00e9rieur des fronti\u00e8res du Congo-Kinshasa et de d\u00e9fendre l\u2019int\u00e9grit\u00e9 de son territoire. Car comme Andr\u00e9 Corvisier l\u2019a dit \u00e0 juste titre dans son premier volume de l\u2019<em>Histoire militaire de la France<\/em>\u00a0: \u00ab\u00a0<strong><em>L\u2019arm\u00e9e est l\u2019accoucheuse de l\u2019Etat<\/em>.<\/strong>\u00a0\u00bb<\/p>\n<p>Dans son \u00e9tude comparative de l\u2019\u00e9volution des diff\u00e9rentes arm\u00e9es qui se sont succ\u00e9d\u00e9 au Congo depuis 1895, Wondo constate que le \u2018<strong><em>mal za\u00efrois\u2019<\/em><\/strong> qui avait d\u00e9j\u00e0 infect\u00e9 les troupes \u00e0 l\u2019\u00e9poque coloniale, s\u2019est transform\u00e9 entre-temps en un \u2018mal congolais\u2019\u00a0: les forces arm\u00e9es ne sont pas capables de se concentrer sur la d\u00e9fense des fronti\u00e8res contre les menaces de l\u2019ext\u00e9rieur, tandis qu\u2019elles participent activement \u00e0 la d\u00e9structuration de l\u2019Etat. Wondo se sert des termes intraversion, perversion, interversion et subversion pour structurer son analyse. \u00ab\u00a0<em>Civil azali monguna ya soda<\/em>\u00a0\u00bb, disait-on d\u00e9j\u00e0 \u00e0 l\u2019\u00e9poque du Pr\u00e9sident-fondateur, le mar\u00e9chal Mobutu Sese Seko: \u00ab\u00a0Le civil est l\u2019ennemi du soldat\u00a0\u00bb. En effet, les troupes congolaises se sont quasi constamment tourn\u00e9es et se tournent encore principalement contre leur propre population.<\/p>\n<p><strong>Des unit\u00e9s mono-ethniques<\/strong><\/p>\n<p>Fils d\u2019un officier de la Force Publique et form\u00e9 lui-m\u00eame \u00e0 l\u2019Ecole Royale Militaire de Bruxelles, Wondo est particuli\u00e8rement sensible \u00e0 un effet pervers de cette intraversion permanente de l\u2019arm\u00e9e dans son pays natal\u00a0: la promotion soudaine de subalternes \u00e0 des grades sup\u00e9rieurs. Les premiers dirigeants de l\u2019arm\u00e9e apr\u00e8s l\u2019ind\u00e9pendance en sont les exemples les plus connus\u00a0: en juillet 1960, Victor Lundula n\u2019\u00e9tait que sergent-major quand il fut promu g\u00e9n\u00e9ral et commandant en chef et Joseph-D\u00e9sir\u00e9 Mobutu n\u2019\u00e9tait que sergent mais il devint du jour au lendemain colonel et chef d\u2019Etat-major. Pareil lors de l\u2019int\u00e9gration de rebelles de tout plumage au sein des forces r\u00e9guli\u00e8res suite aux accords de paix de Pretoria et de Sun City (2002)\u00a0: depuis ce soi-disant brassage des troupes, les nouveaux officiers sup\u00e9rieurs sans la moindre formation ad\u00e9quate sont innombrables.<\/p>\n<p>Par ailleurs, la le\u00e7on que les Belges avaient d\u00e9j\u00e0 apprise d\u00e8s la mutinerie de la garnison de Luluabourg (aujourd\u2019hui\u00a0: Kananga) en 1895 mais qu\u2019ils n\u2019avaient jamais appliqu\u00e9e eux-m\u00eames non plus, demeure syst\u00e9matiquement n\u00e9glig\u00e9e\u00a0: <strong><em>il faut \u00e0 tout prix op\u00e9rer un m\u00e9lange ethnique suffisant de chaque peloton partout sur le territoire congolais pour \u00e9viter qu\u2019aucun groupe ethnique ne puisse dominer<\/em><\/strong>. Pour ma part, je comprends le m\u00e9contentement voire la honte des compatriotes congolais par rapport au fait que leur chef d\u2019Etat-major fut un jour un Tutsi rwandais (James Kabarebe de 1997\u00e0 1998) ou un Ma\u00ef-Ma\u00ef (Sylvestre Lwetcha de 1998 \u00e0 2001)\u00a0; mais n\u2019oublient-ils pas trop vite qu\u2019il fallait \u00eatre originaire de la r\u00e9gion natale du Pr\u00e9sident-fondateur auparavant pour pouvoir acc\u00e9der \u00e0 cette fonction\u00a0?<\/p>\n<p>Les troupes congolaises semblent incapables de prot\u00e9ger le territoire du pays contre les agressions ext\u00e9rieures et semblent bien \u00eatre aux c\u00f4t\u00e9s des autorit\u00e9s quand il s\u2019agit de les aider \u00e0 piller les richesses du pays ou de pr\u00e9server leur pouvoir corrompu. Cela n\u2019a par ailleurs jamais emp\u00each\u00e9 les leaders congolais de cr\u00e9er des arm\u00e9es dans l\u2019arm\u00e9e quand la m\u00e9fiance prend le dessus\u00a0; c\u2019est ce que Mobutu a fait avec sa Division Sp\u00e9ciale Pr\u00e9sidentielle (DSP), le Service d\u2019Action et Renseignements Militaires (SARM), le Service National d\u2019Intelligence et de Protection (SNIP) et autres services sp\u00e9ciaux. Enfin, il reste aussi toujours la possibilit\u00e9 d\u2019\u00e9liminer physiquement un commandant militaire devenu trop puissant\u2026 L\u2019auteur consacre plusieurs pages aux diff\u00e9rentes hypoth\u00e8ses sur l\u2019assassinat du chef d\u2019Etat-major Donatien Mahele Lieko Bukongo (dit \u00ab\u00a0Le Tigre\u00a0\u00bb) le 16 mai 1997, la veille de l\u2019ascension au pouvoir de Laurent-D\u00e9sir\u00e9 Kabila.<\/p>\n<p><strong>Manque de volont\u00e9 politique<\/strong><\/p>\n<p>Il est dommage que quelques phases de l\u2019histoire plus r\u00e9cente du Congo dans lesquelles les forces militaires \u00e9taient \u00e9galement impliqu\u00e9es, aient totalement \u00e9chapp\u00e9 \u00e0 l\u2019attention de Jean-Jacques Wondo Omanyundu. Pourquoi ce silence sur les violences rapport\u00e9es en mai 1990 au campus universitaire de Lubumbashi, \u00e9v\u00e9nement qui a tant marqu\u00e9 les relations belgo-congolaises pendant les derniers ann\u00e9es de la pr\u00e9sidence de Mobutu\u00a0? Il aurait aussi \u00e9t\u00e9 pr\u00e9f\u00e9rable d\u2019\u00eatre un peu plus syst\u00e9matique dans les pages consacr\u00e9es aux guerres du Kivu, tant celles de 2004 \u00e0 2009 avec le Congr\u00e8s National pour la D\u00e9fense du Peuple (CNDP) de Laurent Nkundabatware que leur prolongation r\u00e9cente avec le Mouvement du 23 mars (M23) sous la direction de Bosco Ntaganda (dit \u00ab\u00a0Le Terminator\u00a0\u00bb).<\/p>\n<p>Il faut objectiver le pass\u00e9 pour pouvoir en tirer les conclusions. Mais il faut aussi la volont\u00e9 politique de le faire. \u00ab\u00a0plus que jamais !\u00a0\u00bb avait jur\u00e9 la communaut\u00e9 internationale apr\u00e8s ces autres six millions de victimes, ceux de l\u2019Holocauste. Le nombre des victimes de la violence dans la R\u00e9gion des Grands Lacs ne tardera pas \u00e0 franchir ce chiffre symbolique\u2026 L\u2019Occident se r\u00e9veillera-t-il enfin \u00e0 cette occasion\u00a0? Les hommes, femmes et enfants qui subissent les atrocit\u00e9s quotidiennes \u00e0 l\u2019est du Congo n\u2019ont en effet rien aux analyses du pass\u00e9 si ce n\u2019est pour leur donner un nouvel avenir. Et un nouvel avenir pour la RDC et les Congolais implique un investissement massif de la part des autorit\u00e9s \u00e0 Kinshasa, avec l\u2019appui de la communaut\u00e9 internationale, dans ses forces arm\u00e9es r\u00e9guli\u00e8res et dans le secteur de la s\u00e9curit\u00e9 en g\u00e9n\u00e9ral.<\/p>\n<p>Il est bon que des hommes du terrain comme Wondo osent se hasarder \u00e0 un projet de refondation d\u2019une arm\u00e9e \u00ab\u00a0nationale et r\u00e9publicaine\u00a0\u00bb en RDC. Le g\u00e9n\u00e9ral Paul Mukobo Mundende, ancien chef d\u2019Etat-major des Forces terrestres sous Mobutu et un grand exemple pour l\u2019auteur, a d\u2019ailleurs accept\u00e9 d\u2019ajouter ses le\u00e7ons \u00e0 l\u2019ouvrage. Les principaux d\u00e9fis se r\u00e9sument ainsi\u00a0: brassage multi-ethnique des troupes, formation soutenue, logement d\u00e9cent pour les familles des militaires et solde suffisante pour les soldats. Mais avant tout, il faut la volont\u00e9 politique de construire une arm\u00e9e digne de ce nom. \u00ab\u00a0Volont\u00e9 politique\u00a0\u00bb, ce fut l\u2019adage lors de la pr\u00e9sentation de cet ouvrage. Ou comme le disait concr\u00e8tement le colonel Patrick Vanhees de l\u2019European External Action Service (EEAS)\u00a0: \u00ab\u00a0Former des cadres pour le secteur de s\u00e9curit\u00e9 quand tu ne disposes que de financement garanti pour deux ans, c\u2019est plut\u00f4t frustrant.\u00a0\u00bb<\/p>\n<p><em><strong>Benoit Lannoo<\/strong><\/em><\/p>\n<p>Jean-Jacques Wondo Omanyundu,<em> Les arm\u00e9es au Congo-Kinshasa. Radioscopie de la Force Publique au FARDC. Enjeux et D\u00e9fis de la Refondation d&#8217;une Arm\u00e9e Nationale et R\u00e9publicaine<\/em>, Saint-L\u00e9gier (Suisse), Monde Nouveaux\/Afrique Nouvelle, 2013, xxi + 424 pages, 30 euros: plus d\u2019infos chez <a href=\"mailto:bana.leuven@gmail.com\">bana.leuven@gmail.com<\/a>.<\/p>\n<p><em>(L\u2019article ci-dessus est une traduction am\u00e9lior\u00e9e de l\u2019article original en N\u00e9erlandais mis en ligne le 17 janvier 2013 via <\/em><a href=\"http:\/\/www.mo.be\/recensies\/de-legers-van-congo-rontgenfoto-van-een-spookleger\"><em>http:\/\/www.mo.be\/recensies\/de-legers-van-congo-rontgenfoto-van-een-spookleger<\/em><\/a><em> .)<\/em><\/p>\n<p><em>\u00a0<\/em>\t\t<\/p>\n","protected":false},"excerpt":{"rendered":"<p>Par Beno\u00eet Lannoo Un Etat digne de ce nom doit disposer de troupes redoutables. Mais la R\u00e9publique D\u00e9mocratique du Congo (RDC) n\u2019est gu\u00e8re un Etat et son arm\u00e9e fait la ris\u00e9e de tout observateur. \u00ab\u00a0L\u2019arm\u00e9e congolaise n\u2019a jamais \u00e9t\u00e9 performante\u00a0\u00bb, dit Jean-Jacques Wondo Omanyundu, \u00ab\u00a0bien qu\u2019elle puisse parfaitement l\u2019\u00eatre\u00a0\u00bb. Chaque coup de th\u00e9\u00e2tre, tout parti [&hellip;]<\/p>\n","protected":false},"author":1,"featured_media":4905,"comment_status":"open","ping_status":"open","sticky":false,"template":"","format":"standard","meta":{"_acf_changed":false,"content-type":"","footnotes":""},"categories":[107,119,124],"tags":[],"class_list":["post-4904","post","type-post","status-publish","format-standard","has-post-thumbnail","hentry","category-analyses-commentaires","category-medias","category-politique-societe"],"acf":[],"_links":{"self":[{"href":"https:\/\/congolobilelo.com\/IN\/wp-json\/wp\/v2\/posts\/4904","targetHints":{"allow":["GET"]}}],"collection":[{"href":"https:\/\/congolobilelo.com\/IN\/wp-json\/wp\/v2\/posts"}],"about":[{"href":"https:\/\/congolobilelo.com\/IN\/wp-json\/wp\/v2\/types\/post"}],"author":[{"embeddable":true,"href":"https:\/\/congolobilelo.com\/IN\/wp-json\/wp\/v2\/users\/1"}],"replies":[{"embeddable":true,"href":"https:\/\/congolobilelo.com\/IN\/wp-json\/wp\/v2\/comments?post=4904"}],"version-history":[{"count":0,"href":"https:\/\/congolobilelo.com\/IN\/wp-json\/wp\/v2\/posts\/4904\/revisions"}],"wp:featuredmedia":[{"embeddable":true,"href":"https:\/\/congolobilelo.com\/IN\/wp-json\/"}],"wp:attachment":[{"href":"https:\/\/congolobilelo.com\/IN\/wp-json\/wp\/v2\/media?parent=4904"}],"wp:term":[{"taxonomy":"category","embeddable":true,"href":"https:\/\/congolobilelo.com\/IN\/wp-json\/wp\/v2\/categories?post=4904"},{"taxonomy":"post_tag","embeddable":true,"href":"https:\/\/congolobilelo.com\/IN\/wp-json\/wp\/v2\/tags?post=4904"}],"curies":[{"name":"wp","href":"https:\/\/api.w.org\/{rel}","templated":true}]}}