{"id":4898,"date":"2013-01-19T09:45:01","date_gmt":"2013-01-19T09:45:01","guid":{"rendered":"http:\/\/www.ingeta.com\/?p=4898"},"modified":"2013-01-19T09:45:01","modified_gmt":"2013-01-19T09:45:01","slug":"18-janvier-2013-a-paris-les-congolais-vs-la-societe-areva","status":"publish","type":"post","link":"https:\/\/congolobilelo.com\/IN\/18-janvier-2013-a-paris-les-congolais-vs-la-societe-areva\/","title":{"rendered":"18 janvier 2013 \u00e0 Paris: Les Congolais Vs la soci\u00e9t\u00e9 Areva"},"content":{"rendered":"<p>\t\t\t\tLe 18 janvier 2013, un groupe de congolais a d\u00e9cid\u00e9 de porter la voix et le combat des congolais au si\u00e8ge de Areva, la multinationale fran\u00e7aise sp\u00e9cialis\u00e9e dans les m\u00e9tiers du nucl\u00e9aire. Pourquoi Areva? Parce que la soci\u00e9t\u00e9 fran\u00e7aise, qui <a href=\"http:\/\/www.jeuneafrique.com\/Article\/ARTJAJA2517p057-060.xml0\/\">exploite l&#8217;uranium de notre pays dans un sch\u00e9ma purement colonialiste<\/a>\u00a0 sous la b\u00e9n\u00e9diction de gouvernement d&#8217;usurpation de Kinshasa, fait partie des pr\u00e9dateurs en RDC.<\/p>\n<p><iframe loading=\"lazy\" src=\"http:\/\/www.youtube.com\/embed\/Jt_Ko9Xsbfs\" frameborder=\"0\" width=\"560\" height=\"315\"><\/iframe><\/p>\n<p>Quel pourrait \u00eatre l&#8217;impact d&#8217;une telle action?<br \/>\nNous l&#8217;avons \u00e9crit dans notre manifeste <a href=\"http:\/\/www.ingeta.com\/objectifs-et-demarche\/\">&#8220;La finalit\u00e9 de notre combat&#8221;<\/a>.<\/p>\n<blockquote><p><strong>D\u00e9stabiliser les capitaux ?<\/strong><br \/>\nIl s\u2019agit l\u00e0 d\u2019impacter tout ce qui touche \u00e0 l\u2019argent, aux finances, aux revenus, \u00e0 l\u2019image des institutions, des grandes entreprises et grandes marques qui ont un lieu direct ou indirect avec le Congo et\/ou les Congolais.<br \/>\nMener des actions de sitting ou autres dans les bourses, les si\u00e8ges de multinationales, organiser des boycotts cibl\u00e9s, ou bloquer les entr\u00e9es des grands magasins sont juste des exemples. Mais, cette note a pour but de poser des grandes lignes directrices.<br \/>\n&gt;<em>En touchant aux capitaux, on perturbe les \u00e9conomies locales, r\u00e9gionales, nationales, internationales, m\u00eame si cela se produit \u00e0 la plus petite \u00e9chelle possible.<\/em><br \/>\n&gt;<em>En touchant aux capitaux, on interpelle non seulement les d\u00e9cideurs politiques et \u00e9conomiques, mais aussi et surtout les diff\u00e9rents mouvements dans le monde aujourd\u2019hui qui ont d\u00e9cid\u00e9 \u00e9galement de s\u2019attaquer aux capitaux. Cela nous permettra, entre autres, de d\u00e9velopper des passerelles et des actions avec ces organisations<\/em><\/p><\/blockquote>\n<p>Nous vous invitons \u00e0 <a href=\"http:\/\/www.ingeta.com\/objectifs-et-demarche\/\">relire ce manifeste<\/a>.<\/p>\n<p>&nbsp;\t\t<\/p>\n","protected":false},"excerpt":{"rendered":"<p>Le 18 janvier 2013, un groupe de congolais a d\u00e9cid\u00e9 de porter la voix et le combat des congolais au si\u00e8ge de Areva, la multinationale fran\u00e7aise sp\u00e9cialis\u00e9e dans les m\u00e9tiers du nucl\u00e9aire. Pourquoi Areva? Parce que la soci\u00e9t\u00e9 fran\u00e7aise, qui exploite l&#8217;uranium de notre pays dans un sch\u00e9ma purement colonialiste\u00a0 sous la b\u00e9n\u00e9diction de gouvernement [&hellip;]<\/p>\n","protected":false},"author":1,"featured_media":4902,"comment_status":"open","ping_status":"open","sticky":false,"template":"","format":"standard","meta":{"_acf_changed":false,"content-type":"","footnotes":""},"categories":[156,120,122,124],"tags":[],"class_list":["post-4898","post","type-post","status-publish","format-standard","has-post-thumbnail","hentry","category-france","category-mondialisation","category-news-alertes","category-politique-societe"],"acf":[],"_links":{"self":[{"href":"https:\/\/congolobilelo.com\/IN\/wp-json\/wp\/v2\/posts\/4898","targetHints":{"allow":["GET"]}}],"collection":[{"href":"https:\/\/congolobilelo.com\/IN\/wp-json\/wp\/v2\/posts"}],"about":[{"href":"https:\/\/congolobilelo.com\/IN\/wp-json\/wp\/v2\/types\/post"}],"author":[{"embeddable":true,"href":"https:\/\/congolobilelo.com\/IN\/wp-json\/wp\/v2\/users\/1"}],"replies":[{"embeddable":true,"href":"https:\/\/congolobilelo.com\/IN\/wp-json\/wp\/v2\/comments?post=4898"}],"version-history":[{"count":0,"href":"https:\/\/congolobilelo.com\/IN\/wp-json\/wp\/v2\/posts\/4898\/revisions"}],"wp:featuredmedia":[{"embeddable":true,"href":"https:\/\/congolobilelo.com\/IN\/wp-json\/"}],"wp:attachment":[{"href":"https:\/\/congolobilelo.com\/IN\/wp-json\/wp\/v2\/media?parent=4898"}],"wp:term":[{"taxonomy":"category","embeddable":true,"href":"https:\/\/congolobilelo.com\/IN\/wp-json\/wp\/v2\/categories?post=4898"},{"taxonomy":"post_tag","embeddable":true,"href":"https:\/\/congolobilelo.com\/IN\/wp-json\/wp\/v2\/tags?post=4898"}],"curies":[{"name":"wp","href":"https:\/\/api.w.org\/{rel}","templated":true}]}}