{"id":4861,"date":"2013-01-13T17:54:46","date_gmt":"2013-01-13T17:54:46","guid":{"rendered":"http:\/\/www.ingeta.com\/?p=4861"},"modified":"2013-01-13T17:54:46","modified_gmt":"2013-01-13T17:54:46","slug":"20-janvier-2013-lumumba-en-debat-a-paris","status":"publish","type":"post","link":"https:\/\/congolobilelo.com\/IN\/20-janvier-2013-lumumba-en-debat-a-paris\/","title":{"rendered":"20 janvier 2013: Lumumba en d\u00e9bat \u00e0 Paris"},"content":{"rendered":"<p>\t\t\t\tSource: <a href=\"http:\/\/afrikarabia.blogspirit.com\/archive\/2013\/01\/12\/rdc-lumumba-en-debat-a-paris.html\">Afrikarabia.com<\/a>.<\/p>\n<p><img loading=\"lazy\" decoding=\"async\" class=\"alignleft size-medium wp-image-4862\" title=\"Patrice Lumumba\" src=\"http:\/\/www.ingeta.com\/wp-content\/uploads\/2013\/01\/PLumumba-300x224.jpg\" alt=\"\" width=\"300\" height=\"224\" \/>Patrice Lumumba est toujours d&#8217;actualit\u00e9. 52 ans apr\u00e8s son assassinat, cet homme politique congolais continue de susciter un r\u00e9el int\u00e9r\u00eat.<\/p>\n<p>Une conf\u00e9rence se tiendra \u00e0 Paris, dimanche 20 janvier 2013 autour du nationaliste panafricain.<\/p>\n<p><strong>Dimanche 20 janvier 2013<br \/>\nde 15h00 \u00e0 18h00<br \/>\nMaison de l&#8217;Afrique<br \/>\n7, rue des carmes 75005 PARIS<\/strong><\/p>\n<p>&nbsp;<\/p>\n<p>Alors qu&#8217;une \u00e9ni\u00e8me enqu\u00eate vient de s&#8217;ouvrir en Belgique sur les conditions de l&#8217;assassinat de Patrice Lumumba, le leader congolais continue de faire d\u00e9bat. En 2013, 52 ans apr\u00e8s sa disparition, de nombreux congolais se revendiquent encore du &#8220;lumumbisme&#8221;. A Paris, une conf\u00e9rence sera organis\u00e9e \u00e0 la Maison de l&#8217;Afrique, dimanche 20 janvier 2013. Une bonne occasion de se demander ce qui reste aujourd&#8217;hui de l&#8217;h\u00e9ritage de Patrice Lumumba.<\/p>\n<p><em><strong>Pour \u00e9voquer cette figure marquante du Congo : Anicet MOBE, sociologue et Historien congolais et le Professeur Jean Omasombo Tshonda, Historien, biographe de Patrice Lumumba et ancien membre de la Commission Lumumba \u00e0 Bruxelles<\/strong><\/em>. Ces sp\u00e9cialistes retraceront la vie et le combat du premier Premier Ministre \u00e9lu de la R\u00e9publique du Congo. Un film sera \u00e9galement projet\u00e9, avant la conf\u00e9rence : &#8220;Assassinat de Lumumba: Une mort de style colonial&#8221;, un documentaire de Michel Noll (2001). Des personnalit\u00e9s viendront \u00e9galement t\u00e9moigner de &#8220;l&#8217;appui, r\u00e9el ou suppos\u00e9, propos\u00e9 ou re\u00e7u des pays \u00e9trangers pour lutter contre l&#8217;\u00e9clatement du pays&#8221;.<\/p>\n<p>&nbsp;\t\t<\/p>\n","protected":false},"excerpt":{"rendered":"<p>Source: Afrikarabia.com. Patrice Lumumba est toujours d&#8217;actualit\u00e9. 52 ans apr\u00e8s son assassinat, cet homme politique congolais continue de susciter un r\u00e9el int\u00e9r\u00eat. Une conf\u00e9rence se tiendra \u00e0 Paris, dimanche 20 janvier 2013 autour du nationaliste panafricain. Dimanche 20 janvier 2013 de 15h00 \u00e0 18h00 Maison de l&#8217;Afrique 7, rue des carmes 75005 PARIS &nbsp; Alors [&hellip;]<\/p>\n","protected":false},"author":1,"featured_media":4862,"comment_status":"open","ping_status":"open","sticky":false,"template":"","format":"standard","meta":{"_acf_changed":false,"content-type":"","footnotes":""},"categories":[156,124,127],"tags":[],"class_list":["post-4861","post","type-post","status-publish","format-standard","has-post-thumbnail","hentry","category-france","category-politique-societe","category-rencontresdebats"],"acf":[],"_links":{"self":[{"href":"https:\/\/congolobilelo.com\/IN\/wp-json\/wp\/v2\/posts\/4861","targetHints":{"allow":["GET"]}}],"collection":[{"href":"https:\/\/congolobilelo.com\/IN\/wp-json\/wp\/v2\/posts"}],"about":[{"href":"https:\/\/congolobilelo.com\/IN\/wp-json\/wp\/v2\/types\/post"}],"author":[{"embeddable":true,"href":"https:\/\/congolobilelo.com\/IN\/wp-json\/wp\/v2\/users\/1"}],"replies":[{"embeddable":true,"href":"https:\/\/congolobilelo.com\/IN\/wp-json\/wp\/v2\/comments?post=4861"}],"version-history":[{"count":0,"href":"https:\/\/congolobilelo.com\/IN\/wp-json\/wp\/v2\/posts\/4861\/revisions"}],"wp:featuredmedia":[{"embeddable":true,"href":"https:\/\/congolobilelo.com\/IN\/wp-json\/"}],"wp:attachment":[{"href":"https:\/\/congolobilelo.com\/IN\/wp-json\/wp\/v2\/media?parent=4861"}],"wp:term":[{"taxonomy":"category","embeddable":true,"href":"https:\/\/congolobilelo.com\/IN\/wp-json\/wp\/v2\/categories?post=4861"},{"taxonomy":"post_tag","embeddable":true,"href":"https:\/\/congolobilelo.com\/IN\/wp-json\/wp\/v2\/tags?post=4861"}],"curies":[{"name":"wp","href":"https:\/\/api.w.org\/{rel}","templated":true}]}}