{"id":4768,"date":"2012-12-29T10:10:46","date_gmt":"2012-12-29T10:10:46","guid":{"rendered":"http:\/\/www.ingeta.com\/?p=4768"},"modified":"2012-12-29T10:10:46","modified_gmt":"2012-12-29T10:10:46","slug":"belgique-flashmob-de-congolaises-devant-la-chaine-rtl-tvi","status":"publish","type":"post","link":"https:\/\/congolobilelo.com\/IN\/belgique-flashmob-de-congolaises-devant-la-chaine-rtl-tvi\/","title":{"rendered":"Belgique: Flashmob de congolaises devant la cha\u00eene RTL-TVI"},"content":{"rendered":"<p>\t\t\t\t<em>Source: <a href=\"http:\/\/www.cheikfitanews.net\/article-guerre-au-kivu-des-congolaises-devant-la-chaine-belge-rtl-tvi-113750194.html\">Cheikfitanews.com<\/a><\/em><\/p>\n<p><strong>Un groupe de Congolaises toutes de noire v\u00eatues ont manifest\u00e9 dimanche 23 d\u00e9cembre 2012 en fin de matin\u00e9e devant le si\u00e8ge de la cha\u00eene de t\u00e9l\u00e9vision priv\u00e9e belge, RTL-TVI, au n\u00b0 2 avenue Jacques Georgin, dans la commune de Schaerbeek.<\/strong><\/p>\n<p><iframe loading=\"lazy\" width=\"560\" height=\"315\" src=\"http:\/\/www.youtube.com\/embed\/OWx7nftGP0k\" frameborder=\"0\" allowfullscreen><\/iframe><\/p>\n<p>Munies de sifflets et d\u2019ustensiles de cuisine dans lesquelles elles tapaient, les manifestantes ont longtemps scand\u00e9 plusieurs slogans dont celui-ci:<\/p>\n<p>\u00ab Guerre au Congo, RTL-TVI, d\u00e9noncez! \u00bb<\/p>\n<p>Cette manifestation s\u2019inscrit dans la lign\u00e9e de deux autres manifestations pr\u00e9c\u00e9dentes de ce collectif de femmes congolaises: l\u2019audience aupr\u00e8s du ministre belge des affaires \u00e9trang\u00e8res, puis une autre, aupr\u00e8s de l\u2019ambassadeur de la RD Congo \u00e0 Bruxelles.<\/p>\n<p>Selon les manifestantes, autant les officiels ne sont pas suffisamment engag\u00e9s dans la r\u00e9solution de la situation de guerre en RD Congo et plus particuli\u00e8rement \u00e0 l\u2019est du pays, autant les m\u00e9dias ne r\u00e9percutent pas suffisamment cette information qui est pourtant le plus grand drame humain apr\u00e8s la deuxi\u00e8me guerre mondiale.<\/p>\n<p>Les vis\u00e9es h\u00e9g\u00e9moniques et expansionnistes du Rwandais Paul Kagame sont pratiquement consid\u00e9r\u00e9es comme un fait divers, alors que ce monsieur ne peut rivaliser qu\u2019avec Hitler en termes d\u2019h\u00e9catombe humaine.<\/p>\n<p>Illustration de cette timide perc\u00e9e du drame congolais dans l\u2019opinion.<\/p>\n<p>Me prenant pour un manifestant, un agent de la cha\u00eene de t\u00e9l\u00e9vision belge qui quittait l\u2019enceinte en voiture me demandera ceci:<\/p>\n<p>\u00ab Ne pourrez-vous pas faire attention \u00e0 ne pas laisser tra\u00eener de bouts de papiers? \u00bb<\/p>\n<p>Apparemment, il venait de balayer la cour et n\u2019avait pas envie qu\u2019on lui tire les oreilles.<\/p>\n<p>Je lui r\u00e9pondrai:<\/p>\n<p>\u00ab Pouvez-vous d\u2019abord les laisser manifester? \u00bb<\/p>\n<p>Il faut davantage de manifestations et davantage de manifestantes. Le collectif des femmes Congolaises de Belgique a promis de continuer ses actions.<\/p>\n<p>Mais les dizaines de milliers de Congolaises de Belgique devraient toutes se sentir concern\u00e9es par cette action, et r\u00e9pondre au prochain appel. Le jour o\u00f9 le commun des belges voyant une manifestation de congolaises pourra se dire: \u00ab Ah, c\u2019est \u00e0 cause de la guerre \u00e0 l\u2019est de la RD Congo \u00bb, quelque chose changera.<\/p>\n<p>Une mobilisation d\u2019envergure de toutes les Congolaises et de tous les Congolais s\u2019impose.<\/p>\n<p><em>Cheik FITA<br \/>\nBruxelles, le 24 d\u00e9cembre 2012 <\/em>\t\t<\/p>\n","protected":false},"excerpt":{"rendered":"<p>Source: Cheikfitanews.com Un groupe de Congolaises toutes de noire v\u00eatues ont manifest\u00e9 dimanche 23 d\u00e9cembre 2012 en fin de matin\u00e9e devant le si\u00e8ge de la cha\u00eene de t\u00e9l\u00e9vision priv\u00e9e belge, RTL-TVI, au n\u00b0 2 avenue Jacques Georgin, dans la commune de Schaerbeek. Munies de sifflets et d\u2019ustensiles de cuisine dans lesquelles elles tapaient, les manifestantes [&hellip;]<\/p>\n","protected":false},"author":1,"featured_media":4769,"comment_status":"open","ping_status":"open","sticky":false,"template":"","format":"standard","meta":{"_acf_changed":false,"content-type":"","footnotes":""},"categories":[167,116,119,122,124],"tags":[],"class_list":["post-4768","post","type-post","status-publish","format-standard","has-post-thumbnail","hentry","category-belgique","category-manifs","category-medias","category-news-alertes","category-politique-societe"],"acf":[],"_links":{"self":[{"href":"https:\/\/congolobilelo.com\/IN\/wp-json\/wp\/v2\/posts\/4768","targetHints":{"allow":["GET"]}}],"collection":[{"href":"https:\/\/congolobilelo.com\/IN\/wp-json\/wp\/v2\/posts"}],"about":[{"href":"https:\/\/congolobilelo.com\/IN\/wp-json\/wp\/v2\/types\/post"}],"author":[{"embeddable":true,"href":"https:\/\/congolobilelo.com\/IN\/wp-json\/wp\/v2\/users\/1"}],"replies":[{"embeddable":true,"href":"https:\/\/congolobilelo.com\/IN\/wp-json\/wp\/v2\/comments?post=4768"}],"version-history":[{"count":0,"href":"https:\/\/congolobilelo.com\/IN\/wp-json\/wp\/v2\/posts\/4768\/revisions"}],"wp:featuredmedia":[{"embeddable":true,"href":"https:\/\/congolobilelo.com\/IN\/wp-json\/"}],"wp:attachment":[{"href":"https:\/\/congolobilelo.com\/IN\/wp-json\/wp\/v2\/media?parent=4768"}],"wp:term":[{"taxonomy":"category","embeddable":true,"href":"https:\/\/congolobilelo.com\/IN\/wp-json\/wp\/v2\/categories?post=4768"},{"taxonomy":"post_tag","embeddable":true,"href":"https:\/\/congolobilelo.com\/IN\/wp-json\/wp\/v2\/tags?post=4768"}],"curies":[{"name":"wp","href":"https:\/\/api.w.org\/{rel}","templated":true}]}}