{"id":4716,"date":"2012-12-17T22:58:17","date_gmt":"2012-12-17T22:58:17","guid":{"rendered":"http:\/\/www.ingeta.com\/?p=4716"},"modified":"2012-12-17T22:58:17","modified_gmt":"2012-12-17T22:58:17","slug":"greve-de-la-faim-de-7-jeunes-congolais-a-paris-pour-la-paix-au-congo","status":"publish","type":"post","link":"https:\/\/congolobilelo.com\/IN\/greve-de-la-faim-de-7-jeunes-congolais-a-paris-pour-la-paix-au-congo\/","title":{"rendered":"Gr\u00e8ve de la faim de 7 congolais \u00e0 Paris pour la paix en RDC"},"content":{"rendered":"<p>\t\t\t\t<strong>ACTION! GREVE DE LA FAIM DE 7 JEUNES CONGOLAIS A PARIS POUR UNE SEULE REVENDICATION : LA PAIX AU CONGO!<\/strong><\/p>\n<p>Depuis samedi 1er d\u00e9cembre 2012, un groupe de sept Congolais a entam\u00e9 une gr\u00e8ve de la faim devant l&#8217;\u00e9glise du Sacr\u00e9 Coeur \u00e0 Paris. Ils d\u00e9noncent la guerre meurtri\u00e8re en R\u00e9publique D\u00e9mocratique du Congo (RDC) et demandent la cr\u00e9ation d&#8217;un Tribunal p\u00e9nal international pour les crimes au Congo.<\/p>\n<p>Ils se nomment Pierrot, Herv\u00e9, Honor\u00e9, Serge, Bavon, Nicole et Ang\u00e9lique, sept jeunes Congolais du Rassemblement pour la Nation Congolaise RNC.<\/p>\n<p>La d\u00e9cision n&#8217;a pas \u00e9t\u00e9 prise \u00e0 la l\u00e9g\u00e8re. Apr\u00e8s avoir &#8220;\u00e9puis\u00e9 tous les moyens de pression&#8221; pour sensibiliser le public au calvaire du peuple congolais, Herv\u00e9 ne voyait plus que la gr\u00e8ve le faim pour faire bouger les choses. Une &#8220;conduite extr\u00eame&#8221; en pleine p\u00e9riode hivernale qui n&#8217;est rien au regard des millions de morts, des viols et crimes atroces commis en RDC, dans l&#8217;indiff\u00e9rence g\u00e9n\u00e9rale de la communaut\u00e9 internationale.<\/p>\n<p>&#8220;Toutes les solutions propos\u00e9es par la communaut\u00e9 internationale ont \u00e9t\u00e9 de &#8220;bonnes-mauvaises : les n\u00e9gociations entre victimes et bellig\u00e9rants, entre agresseurs et agress\u00e9s, le brassage des arm\u00e9es (int\u00e9gration des rebelles dans l&#8217;arm\u00e9e r\u00e9guli\u00e8re, ndlr) qui a \u00e9t\u00e9 une aberration, les accords de Sun City, le partage du pouvoir (le fameux 1+4), tout a \u00e9chou\u00e9 ! Les enfants qui avaient 5 ans \u00e0 l&#8217;arriv\u00e9e de l&#8217;AFDL (la premi\u00e8re r\u00e9bellion de 1997, soutenue \u00e9galement par le Rwanda, ndlr) ont aujourd&#8217;hui 20 ans. C&#8217;est pratiquement toute une g\u00e9n\u00e9ration qui a \u00e9t\u00e9 sacrifi\u00e9e&#8221;, explique Ma\u00eetre Hamuli Rety &#8211; pr\u00e9sident du CRID et avocat, notamment aupr\u00e8s du Tribunal p\u00e9nal international pour le Rwanda qui soutient la d\u00e9marche de ces jeunes.<\/p>\n<p>Fort de son exp\u00e9rience d&#8217;Arusha, le si\u00e8ge du TPIR, Me Hamuly Rety souhaiterait que le Tribunal p\u00e9nal international pour le Congo soit la continuit\u00e9 logique de celui pour le Rwanda. &#8220;Rien que pour des raisons de rationalit\u00e9s budg\u00e9taires, le tribunal existe d\u00e9j\u00e0, il est rod\u00e9, les mat\u00e9riaux judiciaires existent, la jurisprudence, les pi\u00e8ces \u00e0 conviction sont l\u00e0 ; or ce qui se passe au Congo, c&#8217;est pratiquement la continuit\u00e9 du g\u00e9nocide rwandais. Les acteurs des massacres au Congo sont pratiquement les m\u00eames&#8221;. Enfin, preuve pour cet avocat de l&#8217;efficacit\u00e9 de cette juridiction : les succ\u00e8s remport\u00e9s en ex-Yougoslavie, au Lib\u00e9ria ou en Sierra-Leone.<\/p>\n<p>LES AMIS DE PARIS, N&#8217;HESITEZ PAS A LEUR APPORTER VOTRE SOUTIEN, VOTRE RECONFORT&#8230; THE CAFE SOUPE &#8230; UNE PETITE VISITE &#8230; QUE CET ECHO RETENTISSE AFIN QUE CESSE DE TUER LE CONGO! EKOKI! LEKELA! ATCHA! BIKA! STOP! CESSER DE TUER LE CONGO!<\/p>\n<p>Vous pouvez les joindre au 0033 652 37 91 22\t\t<\/p>\n","protected":false},"excerpt":{"rendered":"<p>ACTION! GREVE DE LA FAIM DE 7 JEUNES CONGOLAIS A PARIS POUR UNE SEULE REVENDICATION : LA PAIX AU CONGO! Depuis samedi 1er d\u00e9cembre 2012, un groupe de sept Congolais a entam\u00e9 une gr\u00e8ve de la faim devant l&#8217;\u00e9glise du Sacr\u00e9 Coeur \u00e0 Paris. Ils d\u00e9noncent la guerre meurtri\u00e8re en R\u00e9publique D\u00e9mocratique du Congo (RDC) [&hellip;]<\/p>\n","protected":false},"author":1,"featured_media":4717,"comment_status":"open","ping_status":"open","sticky":false,"template":"","format":"standard","meta":{"_acf_changed":false,"content-type":"","footnotes":""},"categories":[156,122,124],"tags":[],"class_list":["post-4716","post","type-post","status-publish","format-standard","has-post-thumbnail","hentry","category-france","category-news-alertes","category-politique-societe"],"acf":[],"_links":{"self":[{"href":"https:\/\/congolobilelo.com\/IN\/wp-json\/wp\/v2\/posts\/4716","targetHints":{"allow":["GET"]}}],"collection":[{"href":"https:\/\/congolobilelo.com\/IN\/wp-json\/wp\/v2\/posts"}],"about":[{"href":"https:\/\/congolobilelo.com\/IN\/wp-json\/wp\/v2\/types\/post"}],"author":[{"embeddable":true,"href":"https:\/\/congolobilelo.com\/IN\/wp-json\/wp\/v2\/users\/1"}],"replies":[{"embeddable":true,"href":"https:\/\/congolobilelo.com\/IN\/wp-json\/wp\/v2\/comments?post=4716"}],"version-history":[{"count":0,"href":"https:\/\/congolobilelo.com\/IN\/wp-json\/wp\/v2\/posts\/4716\/revisions"}],"wp:featuredmedia":[{"embeddable":true,"href":"https:\/\/congolobilelo.com\/IN\/wp-json\/"}],"wp:attachment":[{"href":"https:\/\/congolobilelo.com\/IN\/wp-json\/wp\/v2\/media?parent=4716"}],"wp:term":[{"taxonomy":"category","embeddable":true,"href":"https:\/\/congolobilelo.com\/IN\/wp-json\/wp\/v2\/categories?post=4716"},{"taxonomy":"post_tag","embeddable":true,"href":"https:\/\/congolobilelo.com\/IN\/wp-json\/wp\/v2\/tags?post=4716"}],"curies":[{"name":"wp","href":"https:\/\/api.w.org\/{rel}","templated":true}]}}