{"id":4697,"date":"2012-12-16T22:12:46","date_gmt":"2012-12-16T22:12:46","guid":{"rendered":"http:\/\/www.ingeta.com\/?p=4697"},"modified":"2012-12-16T22:12:46","modified_gmt":"2012-12-16T22:12:46","slug":"belgique-presentation-du-livre-les-armees-au-congo-kinshasa-le-12-janv-2013","status":"publish","type":"post","link":"https:\/\/congolobilelo.com\/IN\/belgique-presentation-du-livre-les-armees-au-congo-kinshasa-le-12-janv-2013\/","title":{"rendered":"Pr\u00e9sentation du livre &#8220;Les arm\u00e9es au Congo-Kinshasa&#8221;, le 12 janv. 2013"},"content":{"rendered":"<p>\t\t\t\tBANA Leuven asbl a le plaisir de vous inviter \u00e0 la conf\u00e9rence organis\u00e9e \u00e0 l\u2019occasion de la pr\u00e9sentation officielle de la nouvelle publication de Monsieur Jean-Jacques Wondo Omanyundu:<\/p>\n<p style=\"text-align: center;\"><em><strong>Les arm\u00e9es au Congo-Kinshasa <\/strong>:<\/em><br \/>\n<em><strong> Radioscopie de la Force Publique aux FARDC<\/strong><\/em><br \/>\n<em><strong> Enjeux et d\u00e9fis de la refondation d\u2019une arm\u00e9e nationale et r\u00e9publicaine<\/strong><\/em><\/p>\n<p>Vous \u00eates le (la) bienvenu(e) le <strong>samedi 12 janvier 2013 de 14h00 \u00e0 18h00 \u00e0 la salle Jean Monet, <strong>\u00e0 la facult\u00e9 de Sciences Sociales de l\u2019Universit\u00e9 Catholique de Leuven (KUL)<\/strong>, situ\u00e9 au Parkstraat 71, 3000 Leuven (Brabant flamand), Belgique<\/strong>. Veuillez trouver le programme, la biographie de l\u2019auteur et le r\u00e9sum\u00e9 de l\u2019ouvrage en pi\u00e8ce jointes.<\/p>\n<p>Au moment o\u00f9 les Congolais(es) et les ami(e)s de la R\u00e9publique d\u00e9mocratique du Congo s\u2019indignent partout dans le monde sur la guerre au Congo dans sa partie Est, l\u2019arm\u00e9e congolaise, les \u2018FARDC\u2019, ne parvient pas \u00e0 trouver une solution ad\u00e9quate \u00e0 la probl\u00e9matique de nombreux groupes arm\u00e9s qui s\u00e9vissent dans cette r\u00e9gion. La refondation d\u2019une arm\u00e9e nationale et r\u00e9publicaine demeure un des grands d\u00e9fis dans le processus de paix et pour la construction d\u2019un \u00e9tat de droit d\u00e9mocratique en RD Congo devant lui permettre de se situer au centre des enjeux g\u00e9opolitiques et g\u00e9ostrat\u00e9giques de la r\u00e9gion des Grands-Lacs.<\/p>\n<p>\u2018Les arm\u00e9es au Congo-Kinshasa\u2019 de Jean-Jacques Wondo est une compilation et une analyse des \u00e9v\u00e9nements sociopolitiques et militaires qui ont le plus marqu\u00e9 l\u2019histoire mouvement\u00e9e de la RD Congo. Sur base de diff\u00e9rentes sources, l\u2019auteur explore avec une rigueur scientifique l\u2019\u00e9volution de diff\u00e9rentes arm\u00e9es nationales au Congo depuis 1885 jusqu\u2019en 2012 et propose des pistes pertinentes et in\u00e9dites d\u2019une r\u00e9forme en profondeur de l\u2019arm\u00e9e congolaise.<\/p>\n<p>Nous esp\u00e9rons vous compter parmi nous \u00e0 cet \u00e9v\u00e9nement.<\/p>\n<p><em><strong>Veuillez confirmer votre pr\u00e9sence avant mercredi 9 janvier 2013 par mail (bana.leuven@gmail.com) ou par t\u00e9l\u00e9phone (0479\/51.68.98).<\/strong><\/em><\/p>\n<p><strong>Programme : <\/strong><br \/>\n&#8211; 14h00 Accueil et inscription<br \/>\n&#8211; 14h30 Mot de bienvenu par Rina Rabau, pr\u00e9sidente de BANA Leuven, et du mod\u00e9rateur Peter Verlinden, journaliste sp\u00e9cialiste du Congo \u00e0 la VRT<br \/>\n&#8211; 14h45 Introduction d\u2019Els Schelfhout, S\u00e9natrice honoraire<br \/>\n&#8211; 15h00 Pr\u00e9sentation du livre par Jean-Jacques Wondo<br \/>\n&#8211; 15h30 Panel acad\u00e9mique avec les interventions du :<br \/>\nDr. Koen Vlassenroot, professeur \u00e0 l\u2019Universit\u00e9 de Gand et Directeur de l\u2019Observatoire de l\u2019Afrique \u00e0 l\u2019Institut Egmont<br \/>\nDr. Dieudonn\u00e9 Wamu Oyatambwe, politologue et auteur<br \/>\n&#8211; 16h00 Panel militaire avec les interventions du :<br \/>\nColonel Patrick Vanhees, Union Europ\u00e9enne (EEAS)<br \/>\nG\u00e9n\u00e9ral Paul Mukobo, ancien Chef d\u2019Etat-major de la Force terrestre au Za\u00efre<br \/>\n&#8211; 16h30 Questions du public<br \/>\n&#8211; 17h00 R\u00e9ception, <strong>vente de la publication (30 euros) et d\u00e9dicace<\/strong><br \/>\n&#8211; 18h00 Fin<\/p>\n<p><strong>Biographie de l\u2019auteur :<\/strong><br \/>\nN\u00e9 en 1968 \u00e0 Kinshasa en R\u00e9publique D\u00e9mocratique du Congo (ex-Za\u00efre), Jean-Jacques Wondo Omanyundu a fait ses \u00e9tudes au Coll\u00e8ge Saint-Joseph (Elikya) et \u00e0 l\u2019Universit\u00e9 de Kinshasa (UNIKIN). Il est d\u00e9tenteur d\u2019un baccalaur\u00e9at en Sciences sociales et militaires de l\u2019Ecole Royale Militaire (ERM) belge, d\u2019un master en Criminologie \u00e0 l\u2019Universit\u00e9 de Li\u00e8ge (ULG) et d\u2019un master compl\u00e9mentaire en Sciences politiques (option : Relations Internationales) \u00e0 l\u2019Universit\u00e9 Libre de Bruxelles (ULB). Jean-Jacques Wondo est analyste politique et consultant sp\u00e9cialiste des questions sociopolitiques et s\u00e9curitaires de la RD Congo. Il exerce actuellement une fonction de cadre de direction dans le domaine de la justice p\u00e9nale en Belgique.<\/p>\n<p><strong>Informations compl\u00e9mentaires :<\/strong><br \/>\nPlus d\u2019information sur la conf\u00e9rence et la publication<br \/>\nNadia Nsayi<br \/>\nSecr\u00e9taire BANA Leuven asbl<br \/>\nbana.leuven@gmail.com<br \/>\n0479\/51.68.98\t\t<\/p>\n","protected":false},"excerpt":{"rendered":"<p>BANA Leuven asbl a le plaisir de vous inviter \u00e0 la conf\u00e9rence organis\u00e9e \u00e0 l\u2019occasion de la pr\u00e9sentation officielle de la nouvelle publication de Monsieur Jean-Jacques Wondo Omanyundu: Les arm\u00e9es au Congo-Kinshasa : Radioscopie de la Force Publique aux FARDC Enjeux et d\u00e9fis de la refondation d\u2019une arm\u00e9e nationale et r\u00e9publicaine Vous \u00eates le (la) [&hellip;]<\/p>\n","protected":false},"author":1,"featured_media":4698,"comment_status":"open","ping_status":"open","sticky":false,"template":"","format":"standard","meta":{"_acf_changed":false,"content-type":"","footnotes":""},"categories":[167,145,122,124],"tags":[],"class_list":["post-4697","post","type-post","status-publish","format-standard","has-post-thumbnail","hentry","category-belgique","category-conferences-salons","category-news-alertes","category-politique-societe"],"acf":[],"_links":{"self":[{"href":"https:\/\/congolobilelo.com\/IN\/wp-json\/wp\/v2\/posts\/4697","targetHints":{"allow":["GET"]}}],"collection":[{"href":"https:\/\/congolobilelo.com\/IN\/wp-json\/wp\/v2\/posts"}],"about":[{"href":"https:\/\/congolobilelo.com\/IN\/wp-json\/wp\/v2\/types\/post"}],"author":[{"embeddable":true,"href":"https:\/\/congolobilelo.com\/IN\/wp-json\/wp\/v2\/users\/1"}],"replies":[{"embeddable":true,"href":"https:\/\/congolobilelo.com\/IN\/wp-json\/wp\/v2\/comments?post=4697"}],"version-history":[{"count":0,"href":"https:\/\/congolobilelo.com\/IN\/wp-json\/wp\/v2\/posts\/4697\/revisions"}],"wp:featuredmedia":[{"embeddable":true,"href":"https:\/\/congolobilelo.com\/IN\/wp-json\/"}],"wp:attachment":[{"href":"https:\/\/congolobilelo.com\/IN\/wp-json\/wp\/v2\/media?parent=4697"}],"wp:term":[{"taxonomy":"category","embeddable":true,"href":"https:\/\/congolobilelo.com\/IN\/wp-json\/wp\/v2\/categories?post=4697"},{"taxonomy":"post_tag","embeddable":true,"href":"https:\/\/congolobilelo.com\/IN\/wp-json\/wp\/v2\/tags?post=4697"}],"curies":[{"name":"wp","href":"https:\/\/api.w.org\/{rel}","templated":true}]}}