{"id":4660,"date":"2012-12-12T11:15:11","date_gmt":"2012-12-12T11:15:11","guid":{"rendered":"http:\/\/www.ingeta.com\/?p=4660"},"modified":"2012-12-12T11:15:11","modified_gmt":"2012-12-12T11:15:11","slug":"paris-le-15-dec-2012-genocide-pillages-au-congo-rencontre-debat-avec-patrick-mbeko","status":"publish","type":"post","link":"https:\/\/congolobilelo.com\/IN\/paris-le-15-dec-2012-genocide-pillages-au-congo-rencontre-debat-avec-patrick-mbeko\/","title":{"rendered":"Paris, le 15 d\u00e9c. 2012: &#8220;G\u00e9nocide &#038; Pillages au Congo&#8221;, rencontre-d\u00e9bat avec Patrick Mbeko"},"content":{"rendered":"<p>\t\t\t\tPatrick Mbeko pr\u00e9sentera et d\u00e9battra sur son livre <a href=\"http:\/\/www.ingeta.com\/le-canada-les-genocides-et-le-pillage-des-ressources-minieres-du-congo\/\" target=\"_blank\" rel=\"noopener\">&#8220;Le Canada dans les guerres en Afrique centrale&#8221;<\/a> \u00e0 Paris le samedi 15 d\u00e9cembre 2012 \u00e0 14H00 au Th\u00e9\u00e2tre de Gymnase.<\/p>\n<p><em>&#8220;Venez \u00e9changer avec l&#8217;auteur d&#8217;un livre majeur d&#8217;histoire contemporaine, anticonformiste et tr\u00e8s instructif, qui m\u00e9rit\u00e9 d&#8217;\u00eatre lu par tous&#8221;.<\/em><\/p>\n<p><iframe loading=\"lazy\" src=\"http:\/\/www.youtube.com\/embed\/8qEpElAI8-s\" frameborder=\"0\" width=\"480\" height=\"360\"><\/iframe><\/p>\n<p>Th\u00e9\u00e2tre du gymnase<br \/>\n38 Boulevard de Bonne Nouvelle<br \/>\n75010 PARIS<br \/>\nM\u00e9tro: &#8220;Bonne nouvelle&#8221; Ligne 9.<\/p>\n<p>Contact: 0623582654.\t\t<\/p>\n","protected":false},"excerpt":{"rendered":"<p>Patrick Mbeko pr\u00e9sentera et d\u00e9battra sur son livre &#8220;Le Canada dans les guerres en Afrique centrale&#8221; \u00e0 Paris le samedi 15 d\u00e9cembre 2012 \u00e0 14H00 au Th\u00e9\u00e2tre de Gymnase. &#8220;Venez \u00e9changer avec l&#8217;auteur d&#8217;un livre majeur d&#8217;histoire contemporaine, anticonformiste et tr\u00e8s instructif, qui m\u00e9rit\u00e9 d&#8217;\u00eatre lu par tous&#8221;. Th\u00e9\u00e2tre du gymnase 38 Boulevard de Bonne [&hellip;]<\/p>\n","protected":false},"author":1,"featured_media":4661,"comment_status":"open","ping_status":"open","sticky":false,"template":"","format":"standard","meta":{"_acf_changed":false,"content-type":"","footnotes":""},"categories":[156,120,124,127],"tags":[],"class_list":["post-4660","post","type-post","status-publish","format-standard","has-post-thumbnail","hentry","category-france","category-mondialisation","category-politique-societe","category-rencontresdebats"],"acf":[],"_links":{"self":[{"href":"https:\/\/congolobilelo.com\/IN\/wp-json\/wp\/v2\/posts\/4660","targetHints":{"allow":["GET"]}}],"collection":[{"href":"https:\/\/congolobilelo.com\/IN\/wp-json\/wp\/v2\/posts"}],"about":[{"href":"https:\/\/congolobilelo.com\/IN\/wp-json\/wp\/v2\/types\/post"}],"author":[{"embeddable":true,"href":"https:\/\/congolobilelo.com\/IN\/wp-json\/wp\/v2\/users\/1"}],"replies":[{"embeddable":true,"href":"https:\/\/congolobilelo.com\/IN\/wp-json\/wp\/v2\/comments?post=4660"}],"version-history":[{"count":0,"href":"https:\/\/congolobilelo.com\/IN\/wp-json\/wp\/v2\/posts\/4660\/revisions"}],"wp:featuredmedia":[{"embeddable":true,"href":"https:\/\/congolobilelo.com\/IN\/wp-json\/"}],"wp:attachment":[{"href":"https:\/\/congolobilelo.com\/IN\/wp-json\/wp\/v2\/media?parent=4660"}],"wp:term":[{"taxonomy":"category","embeddable":true,"href":"https:\/\/congolobilelo.com\/IN\/wp-json\/wp\/v2\/categories?post=4660"},{"taxonomy":"post_tag","embeddable":true,"href":"https:\/\/congolobilelo.com\/IN\/wp-json\/wp\/v2\/tags?post=4660"}],"curies":[{"name":"wp","href":"https:\/\/api.w.org\/{rel}","templated":true}]}}