{"id":4645,"date":"2012-12-11T15:51:28","date_gmt":"2012-12-11T15:51:28","guid":{"rendered":"http:\/\/www.ingeta.com\/?p=4645"},"modified":"2012-12-11T15:51:28","modified_gmt":"2012-12-11T15:51:28","slug":"bruxelles-echange-sur-la-crise-au-congo-avec-le-monde-arabe","status":"publish","type":"post","link":"https:\/\/congolobilelo.com\/IN\/bruxelles-echange-sur-la-crise-au-congo-avec-le-monde-arabe\/","title":{"rendered":"Bruxelles :  \u00c9change sur la crise au Congo avec le monde Arabe"},"content":{"rendered":"<p>\t\t\t\tDurant trois jours, le <strong>Centre Culturel Arabe<\/strong> propose de d\u00e9battre \u00e0 propos des Afriques au XXIe si\u00e8cle.Le but est de proposer un \u00e9change entre Africains du Nord et Africains du continent. Le film de <em>C\u00e9dric Tabala<\/em> et de <em>Gracia Lusadusu<\/em>, <strong><em>Congo : une goutte de trop ?<\/em><\/strong>, introduira les d\u00e9bats.<\/p>\n<p>Chaque jour, le journaliste et sociologue <em>Labib Fahmy<\/em> et le professeur <em>Mohamed El Battiui<\/em> animeront les discussions. Des po\u00e8mes et du chant accompagneront les soir\u00e9es avec <em>Bhelly<\/em> \u00e0 la guitare s\u00e8che et au chant, et <em>Tristan Driessens<\/em> au luth arabe.<\/p>\n<p><strong>Dates<\/strong>:<\/p>\n<p>Le mercredi 12 d\u00e9cembre 2012 \u00e0 19h<\/p>\n<p>Le jeudi 13 d\u00e9cembre 2012 \u00e0 19h<\/p>\n<p>Le Vendredi 14 d\u00e9cembre \u00e0 19h<\/p>\n<p><strong>Lieu<\/strong>:<\/p>\n<p>Au Centre Culturel Arabe, 2 rue de l\u2019Alliance, 1210 Bruxelles &#8211; T\u00e9l. 02 218 64 74<\/p>\n<p><strong>Participation :<\/strong> 5\u20ac la soir\u00e9e et 10\u20ac l\u2019entr\u00e9e unique pour trois jours<\/p>\n<p><iframe loading=\"lazy\" title=\"Congo: une goutte de trop? Premi\u00e8re partie chronique du Congo au 21\u00e8me si\u00e8cle\" width=\"1080\" height=\"608\" src=\"https:\/\/www.youtube.com\/embed\/WgchSmbU1fg?feature=oembed\" frameborder=\"0\" allow=\"accelerometer; autoplay; clipboard-write; encrypted-media; gyroscope; picture-in-picture; web-share\" referrerpolicy=\"strict-origin-when-cross-origin\" allowfullscreen><\/iframe>\t\t<\/p>\n","protected":false},"excerpt":{"rendered":"<p>Durant trois jours, le Centre Culturel Arabe propose de d\u00e9battre \u00e0 propos des Afriques au XXIe si\u00e8cle.Le but est de proposer un \u00e9change entre Africains du Nord et Africains du continent. Le film de C\u00e9dric Tabala et de Gracia Lusadusu, Congo : une goutte de trop ?, introduira les d\u00e9bats. Chaque jour, le journaliste et [&hellip;]<\/p>\n","protected":false},"author":1,"featured_media":4647,"comment_status":"open","ping_status":"open","sticky":false,"template":"","format":"standard","meta":{"_acf_changed":false,"content-type":"","footnotes":""},"categories":[167,127],"tags":[],"class_list":["post-4645","post","type-post","status-publish","format-standard","has-post-thumbnail","hentry","category-belgique","category-rencontresdebats"],"acf":[],"_links":{"self":[{"href":"https:\/\/congolobilelo.com\/IN\/wp-json\/wp\/v2\/posts\/4645","targetHints":{"allow":["GET"]}}],"collection":[{"href":"https:\/\/congolobilelo.com\/IN\/wp-json\/wp\/v2\/posts"}],"about":[{"href":"https:\/\/congolobilelo.com\/IN\/wp-json\/wp\/v2\/types\/post"}],"author":[{"embeddable":true,"href":"https:\/\/congolobilelo.com\/IN\/wp-json\/wp\/v2\/users\/1"}],"replies":[{"embeddable":true,"href":"https:\/\/congolobilelo.com\/IN\/wp-json\/wp\/v2\/comments?post=4645"}],"version-history":[{"count":0,"href":"https:\/\/congolobilelo.com\/IN\/wp-json\/wp\/v2\/posts\/4645\/revisions"}],"wp:featuredmedia":[{"embeddable":true,"href":"https:\/\/congolobilelo.com\/IN\/wp-json\/"}],"wp:attachment":[{"href":"https:\/\/congolobilelo.com\/IN\/wp-json\/wp\/v2\/media?parent=4645"}],"wp:term":[{"taxonomy":"category","embeddable":true,"href":"https:\/\/congolobilelo.com\/IN\/wp-json\/wp\/v2\/categories?post=4645"},{"taxonomy":"post_tag","embeddable":true,"href":"https:\/\/congolobilelo.com\/IN\/wp-json\/wp\/v2\/tags?post=4645"}],"curies":[{"name":"wp","href":"https:\/\/api.w.org\/{rel}","templated":true}]}}