{"id":4613,"date":"2012-12-09T04:26:26","date_gmt":"2012-12-09T04:26:26","guid":{"rendered":"http:\/\/www.ingeta.com\/?p=4613"},"modified":"2012-12-09T04:26:26","modified_gmt":"2012-12-09T04:26:26","slug":"montreal-conference-avec-charles-onana","status":"publish","type":"post","link":"https:\/\/congolobilelo.com\/IN\/montreal-conference-avec-charles-onana\/","title":{"rendered":"Montr\u00e9al : Conf\u00e9rence avec Charles Onana, le 15 d\u00e9cembre 2012"},"content":{"rendered":"<p>\t\t\t\t<a href=\"http:\/\/www.ingeta.com\/wp-content\/uploads\/2012\/12\/Livre.jpg\"><img loading=\"lazy\" decoding=\"async\" class=\"alignleft  wp-image-4614\" title=\"Livre\" src=\"http:\/\/www.ingeta.com\/wp-content\/uploads\/2012\/12\/Livre-212x290.jpg\" alt=\"\" width=\"176\" height=\"242\" \/><\/a>Dans le cadre de la promotion du livre &#8220;<em>Europe : Crimes et censure au Congo<\/em>&#8221; l\u2019<strong><em>Organisation des Professionnels Congolais du Canada<\/em><\/strong> (OPCC) re\u00e7oit le journaliste d&#8217;investigation\u00a0 <strong>Charles Onana,<\/strong> pour une conf\u00e9rence exceptionnelle sur le th\u00e8me :<\/p>\n<p><span style=\"font-size: medium;\">&#8220;<strong>G\u00e9nocide au Congo : De Bruxelles \u00e0 Toronto, chronique d&#8217;une trag\u00e9die occult\u00e9e<\/strong>&#8220;.<\/span><\/p>\n<p><strong>DATE :<\/strong> Samedi 15 d\u00e9cembre 2012<br \/>\n<strong>HEURE :<\/strong> 14:30<br \/>\n<strong>LIEU :<\/strong> Montr\u00e9al &#8211; Coll\u00e8ge de Maisonneuve &#8211; 3800 rue Sherbrooke Est<br \/>\n<strong>ADMISSION :<\/strong> 10$<br \/>\nInformation : <a href=\"mailto:opcc@opcc-canada.org\" target=\"_blank\" rel=\"noopener\">opcc@opcc-canada.org<\/a> &#8211; <a href=\"http:\/\/WWW.OPCC-CANADA.ORG\" target=\"_blank\" rel=\"noopener\">WWW.OPCC-CANADA.ORG<\/a><\/p>\n<p><strong>ATTENTION LES PLACES SONT LIMIT\u00c9ES.<\/strong><\/p>\n<p><strong>NOUS VOUS ENCOURAGEONS \u00c0 ACHETER VOTRE BILLET EN LIGNE<\/strong> : Cliquer<strong> <a href=\"http:\/\/www.eventbrite.ca\/event\/4863541985\/?ref=enivtefor001&amp;invite=MjgzNzY0Mi9iaWxhbWJhMUB5YWhvby5mci8w&amp;utm_source=eb_email&amp;utm_medium=email&amp;utm_campaign=inviteformal001&amp;utm_term=eventpage\" target=\"_blank\" rel=\"noopener\">ICI<\/a><\/strong><br \/>\n<strong><\/strong>\t\t<\/p>\n","protected":false},"excerpt":{"rendered":"<p>Dans le cadre de la promotion du livre &#8220;Europe : Crimes et censure au Congo&#8221; l\u2019Organisation des Professionnels Congolais du Canada (OPCC) re\u00e7oit le journaliste d&#8217;investigation\u00a0 Charles Onana, pour une conf\u00e9rence exceptionnelle sur le th\u00e8me : &#8220;G\u00e9nocide au Congo : De Bruxelles \u00e0 Toronto, chronique d&#8217;une trag\u00e9die occult\u00e9e&#8220;. DATE : Samedi 15 d\u00e9cembre 2012 HEURE [&hellip;]<\/p>\n","protected":false},"author":1,"featured_media":4615,"comment_status":"open","ping_status":"open","sticky":false,"template":"","format":"standard","meta":{"_acf_changed":false,"content-type":"","footnotes":""},"categories":[141,122,127],"tags":[],"class_list":["post-4613","post","type-post","status-publish","format-standard","has-post-thumbnail","hentry","category-canada","category-news-alertes","category-rencontresdebats"],"acf":[],"_links":{"self":[{"href":"https:\/\/congolobilelo.com\/IN\/wp-json\/wp\/v2\/posts\/4613","targetHints":{"allow":["GET"]}}],"collection":[{"href":"https:\/\/congolobilelo.com\/IN\/wp-json\/wp\/v2\/posts"}],"about":[{"href":"https:\/\/congolobilelo.com\/IN\/wp-json\/wp\/v2\/types\/post"}],"author":[{"embeddable":true,"href":"https:\/\/congolobilelo.com\/IN\/wp-json\/wp\/v2\/users\/1"}],"replies":[{"embeddable":true,"href":"https:\/\/congolobilelo.com\/IN\/wp-json\/wp\/v2\/comments?post=4613"}],"version-history":[{"count":0,"href":"https:\/\/congolobilelo.com\/IN\/wp-json\/wp\/v2\/posts\/4613\/revisions"}],"wp:featuredmedia":[{"embeddable":true,"href":"https:\/\/congolobilelo.com\/IN\/wp-json\/"}],"wp:attachment":[{"href":"https:\/\/congolobilelo.com\/IN\/wp-json\/wp\/v2\/media?parent=4613"}],"wp:term":[{"taxonomy":"category","embeddable":true,"href":"https:\/\/congolobilelo.com\/IN\/wp-json\/wp\/v2\/categories?post=4613"},{"taxonomy":"post_tag","embeddable":true,"href":"https:\/\/congolobilelo.com\/IN\/wp-json\/wp\/v2\/tags?post=4613"}],"curies":[{"name":"wp","href":"https:\/\/api.w.org\/{rel}","templated":true}]}}