{"id":4543,"date":"2012-11-29T00:56:58","date_gmt":"2012-11-29T00:56:58","guid":{"rendered":"http:\/\/www.ingeta.com\/?p=4543"},"modified":"2012-11-29T00:56:58","modified_gmt":"2012-11-29T00:56:58","slug":"recit-des-premiers-jours-de-linvasion-du-m23-par-un-habitant-de-goma","status":"publish","type":"post","link":"https:\/\/congolobilelo.com\/IN\/recit-des-premiers-jours-de-linvasion-du-m23-par-un-habitant-de-goma\/","title":{"rendered":"R\u00e9cit des premiers jours de l&#8217;invasion du M23 par un habitant de Goma"},"content":{"rendered":"<p>\t\t\t\t<strong><a href=\"http:\/\/www.ingeta.com\/wp-content\/uploads\/2012\/11\/Arsene.jpg\"><img loading=\"lazy\" decoding=\"async\" class=\"alignleft  wp-image-4544\" title=\"Arsene\" src=\"http:\/\/www.ingeta.com\/wp-content\/uploads\/2012\/11\/Arsene-290x290.jpg\" alt=\"\" width=\"134\" height=\"134\" \/><\/a><\/strong>R\u00e9cit de <strong>Arsene Tungali<\/strong>,<br \/>\nCo- Fondateur et Directeur Executif de <strong><a href=\"www.rudiinternational.org\" target=\"_blank\" rel=\"noopener\">Rudi International<\/a>\u00a0<\/strong> <a href=\"http:\/\/www.rudiinternational.org\/\" rel=\"nofollow noopener\" target=\"_blank\">www.rudiinternational.org<\/a> une ONG humanitaire de droit congolais basee a Goma, a l&#8217;Est de la RDC. Il est \u00e0galement Chief Reporter a <strong><a href=\"www.nowafrican.org\" target=\"_blank\" rel=\"noopener\">Now AfriCAN<\/a><\/strong> <a href=\"http:\/\/www.nowafrican.org\/\" rel=\"nofollow noopener\" target=\"_blank\">www.nowafrican.org<\/a><br \/>\nContacts: email: arsenebaguma@gmail.com<\/p>\n<p>Site web:\u00a0 <a href=\"http:\/\/tungali.blogspot.com\" rel=\"nofollow noopener\" target=\"_blank\">http:\/\/tungali.blogspot.com<\/a><\/p>\n<p>&nbsp;<\/p>\n<p align=\"JUSTIFY\"><strong>Dimanche 18 Novembre 2012<\/strong><\/p>\n<p align=\"JUSTIFY\">Tout avait commenc\u00e9, je ne sais plus quand exactement, mais je me rappelle que tout avait commenc\u00e9\u00a0! Tr\u00e8s t\u00f4t le matin de ce dimanche, comme d\u2019habitude, je n\u2019avais qu\u2019un seul programme pour l\u2019avant midi et une r\u00e9union dans l\u2019apr\u00e8s-midi. Je devais aller \u00e0 l\u2019\u00e9glise car je devais officier pour le culte principal.<\/p>\n<p align=\"JUSTIFY\">En quittant le lit, on pouvait entendre le son des bombes venant du Nord, probablement depuis <em>Kibumba<\/em> ou plus loin l\u00e0-bas. Cela avait d\u00e9j\u00e0 cr\u00e9\u00e9 la panique dans les c\u0153urs des gens qui, certains pensaient que c\u2019\u00e9taient des coups de tonnerres car le ciel \u00e9tait \u00e9galement sombre.<\/p>\n<p align=\"JUSTIFY\">Je me suis donc rendu \u00e0 l\u2019\u00e9glise vers 8h30. Avant de commencer, mon pasteur m\u2019a appel\u00e9 \u00e0 l\u2019ext\u00e9rieur me demandant de ne pas prendre trop de temps car son fr\u00e8re \u00e0 <em>Bukavu<\/em> (Sud Kivu) venait de l\u2019appeler, lui demandant de ne pas quitter sa maison car la situation n\u2019\u00e9tait pas bonne. Alors qu\u2019il parlait, on a vu des foules de gens avec leurs effets venir du Nord.<\/p>\n<p align=\"JUSTIFY\">C\u2019\u00e9taient les d\u00e9plac\u00e9s du camp de <em>Kanyaruchinya<\/em> qui descendaient, visiblement trop fatigu\u00e9s, des habits sales et d\u00e9chir\u00e9s pour certains, avec leurs effets, soit sur leurs<a href=\"http:\/\/www.ingeta.com\/wp-content\/uploads\/2012\/11\/Refugies1.jpg\"><img loading=\"lazy\" decoding=\"async\" class=\"alignright size-medium wp-image-4548\" title=\"Refugies\" src=\"http:\/\/www.ingeta.com\/wp-content\/uploads\/2012\/11\/Refugies1-300x187.jpg\" alt=\"\" width=\"300\" height=\"187\" \/><\/a> t\u00eates, soit les transportant sur les <em>\u00ab\u00a0chukudu<\/em>\u00a0\u00bb.Ils avaient des ch\u00e8vres, des matelas, des bidons, des valises, etc, visiblement des gens d\u00e9\u00e7us de la situation dans laquelle ils vivent, \u00e9tant obliges de quitter le camp. Juste apr\u00e8s, alors que ceux-ci continuaient \u00e0 descendre, des soldats congolais (en tenue FARDC) descendaient \u00e9galement un \u00e0 un ou bien par groupe, la plupart \u00e9taient \u00e0 pied certains avec des matelas, leurs arsenal de guerre, tr\u00e8s fatigu\u00e9s.<\/p>\n<p align=\"JUSTIFY\">C\u2019\u00e9tait donc s\u00e9rieux\u00a0! Comme les fid\u00e8les \u00e9taient d\u00e9j\u00e0 l\u00e0, on ne pouvait que c\u00e9l\u00e9brer le culte avec eux, mais avec la recommandation du pasteur, le culte devait \u00eatre bref. On finit g\u00e9n\u00e9ralement \u00e0 12h30, mais on a termin\u00e9 \u00e0 11h en demandant aux fid\u00e8les de rentrer aussit\u00f4t \u00e0 la maison.<\/p>\n<p align=\"JUSTIFY\">A l\u2019entr\u00e9e du Mus\u00e9e (entr\u00e9e du gouvernorat de province \u00e0 Himbi), la panique g\u00e9n\u00e9rale car beaucoup de gens observaient la foule de d\u00e9plac\u00e9s et des soldats. On apprit dans la journ\u00e9e que c\u2019\u00e9tait effectivement le camp de Kanyaruchinya qui se vidait, les soldats quittaient leurs positions se dirigeant vers Sake et Minova, selon les infos re\u00e7ues. J\u2019ai alors ouvert Internet sur mon t\u00e9l\u00e9phone\u00a0; sur Facebook, ce ne sont que des infos de par-ci par-l\u00e0 qu\u2019on pouvait lire sur la situation de Goma. C\u2019\u00e9tait donc s\u00e9rieux\u00a0!<\/p>\n<p align=\"JUSTIFY\">Je me suis alors m<a href=\"http:\/\/www.ingeta.com\/wp-content\/uploads\/2012\/11\/FARDC.jpg\"><img loading=\"lazy\" decoding=\"async\" class=\"alignleft  wp-image-4546\" title=\"FARDC\" src=\"http:\/\/www.ingeta.com\/wp-content\/uploads\/2012\/11\/FARDC-290x266.jpg\" alt=\"\" width=\"290\" height=\"266\" \/><\/a>is \u00e0 poster des messages informant mes amis et la famille sur ce qui se passait, ce que j\u2019entendais et ce que je lisais sur les pages d\u2019autres amis de Goma. Ainsi, j\u2019ai \u00e9t\u00e9 en mesure d\u2019informer et d\u2019\u00eatre inform\u00e9 au travers d\u2019Internet car beaucoup de mes amis avaient besoin des infos.<\/p>\n<p align=\"JUSTIFY\">La page Facebook tenue par les rebelles du M23 o\u00f9 ils publiaient en temps r\u00e9el en swahili nous a servi pour savoir leurs plans et leur itin\u00e9raire, leur prochaine cible. J\u2019ai lu qu\u2019ils donnaient au gouvernement un ultimatum de 24 heures pour d\u00e9clencher des n\u00e9gociations sinon, ils allaient entrer dans la ville la nuit et faire ce qu\u2019ils veulent. Ils avaient encore publi\u00e9 qu\u2019ils ne voulaient pas faire du mal \u00e0 la population si le gouvernement pliait \u00e0 leurs exigences. J\u2019avais donc une petite confiance pour la nuit, mais cette nuit pourtant, le pire nous attendait.<\/p>\n<p align=\"JUSTIFY\"><strong>Lundi 19 Novembre 2012<\/strong><\/p>\n<p align=\"JUSTIFY\">On s\u2019est r\u00e9veill\u00e9 avec la panique de toute la nuit o\u00f9 l\u2019on s\u2019attendait \u00e0 tout. Ce fut la plus longue nuit de ma vie. Toute la nuit, des tirs de toute cat\u00e9gorie d\u2019armes dont on ne sait pas l\u2019origine. Alors qu\u2019on savait que les rebelles ne devaient pas entrer la nuit selon leurs propres promesses, cette nuit, nous avons eu comme l\u2019impression qu\u2019ils \u00e9taient dans nos murs. Il y a eu des coups de feu pendant toute la nuit perturbant ainsi le sommeil de beaucoup et l\u2019inqui\u00e9tude qui ne cessait de grandir.<\/p>\n<p align=\"JUSTIFY\">Tr\u00e8s t\u00f4t le matin, je n\u2019avais besoin de rien d\u2019autre que de lire les infos pour savoir la cause de tous ces coups de feu. Je savais qu\u2019on apprendrait qu\u2019ils sont entr\u00e9s et qu\u2019ils contr\u00f4lent la situation dans la ville. Le Maire de la ville, pr\u00e9cisant qu\u2019il n\u2019a pas assez de pr\u00e9cisions, dit que ce sont nos militaires qui \u00e9taient f\u00e2ch\u00e9s qui ont fait tous ces bruits semant la panique dans le c\u0153ur de la population. Il dit \u00e9galement que les \u00e9coliers devraient rester \u00e0 la maison afin d\u2019observer la situation pendant la journ\u00e9e, mais que les travailleurs pouvaient aller travailler mais rester vigilants car tout peut arriver.<\/p>\n<p align=\"JUSTIFY\">Comme d\u2019habitude, je me suis connect\u00e9 sur Internet t\u00f4t le matin pour lire les infos de la nuit. Tout le monde ne parlait que de \u00e7a. Et tout le monde avait peur pour la<a href=\"http:\/\/www.ingeta.com\/wp-content\/uploads\/2012\/11\/M231.jpg\"><img loading=\"lazy\" decoding=\"async\" class=\"alignright  wp-image-4549\" title=\"M23\" src=\"http:\/\/www.ingeta.com\/wp-content\/uploads\/2012\/11\/M231-300x190.jpg\" alt=\"\" width=\"373\" height=\"237\" \/><\/a> journ\u00e9e. On attendait d\u2019apprendre sur les issus des r\u00e9unions \u00e0 Kampala sur la situation.<\/p>\n<p align=\"JUSTIFY\">Je me suis rendu au bureau vers 9h comme d\u2019habitude mais avec des inqui\u00e9tudes. La journ\u00e9e s\u2019est bien pass\u00e9e et vers 14h, j\u2019\u00e9tais d\u00e9j\u00e0 rentr\u00e9 \u00e0 la maison. Une heure plus tard, mes coll\u00e8gues m\u2019ont rappel\u00e9 qu\u2019il y avait une urgence et que je devais rentrer pour aider.<\/p>\n<p align=\"JUSTIFY\">Au bureau, autour de 15h10, on entendit un bruit venant de la route \u00e0 c\u00f4t\u00e9, on est tous sorti afin d\u2019observer. Je vis des gens en train de fuir sur la route allant \u00e0 l\u2019ULPGL (Universit\u00e9 Libre des Pays des Grands-Lacs), des v\u00e9hicules qui quittaient la ville passaient avec une telle allure, leurs phares bien allum\u00e9s cr\u00e9ant la panique. Tous les petits vendeurs sur les rues se mettaient \u00e0 fuir, fermant leurs effets en cascade.<\/p>\n<p align=\"JUSTIFY\">Nos sup\u00e9rieurs qui \u00e9taient en r\u00e9union en ville ont appel\u00e9 et ont conseill\u00e9 de rentrer dans la cl\u00f4ture et de ne pas repartir sous la tension, mais de pouvoir observer l\u2019\u00e9volution de la situation avant de quitter. Imm\u00e9diatement, un ami qui \u00e9tait du c\u00f4t\u00e9 de la ville m\u2019appela pour m\u2019annoncer qu\u2019une bombe venait de tomber sur Gisenyi, je n\u2019avais pas assez de d\u00e9tails. Ainsi, j\u2019ai jug\u00e9 de quitter le bureau et de me rendre tr\u00e8s rapidement \u00e0 la maison pour ne pas attendre la nuit tomber. Sur mon chemin, je n\u2019ai pas emprunt\u00e9 les grandes rues jusqu\u2019\u00e0 ce que je sois arriv\u00e9 chez moi \u00e0 la maison o\u00f9 tout le monde m\u2019attendait.<\/p>\n<p align=\"JUSTIFY\"><a href=\"http:\/\/www.ingeta.com\/wp-content\/uploads\/2012\/11\/M23-bis-bis.jpg\"><img loading=\"lazy\" decoding=\"async\" class=\"alignleft size-medium wp-image-4550\" title=\"M23 bis bis\" src=\"http:\/\/www.ingeta.com\/wp-content\/uploads\/2012\/11\/M23-bis-bis-300x198.jpg\" alt=\"\" width=\"300\" height=\"198\" \/><\/a>A Goma, ceux qui vivent dans les quartiers sont toujours inform\u00e9s en retard, mais ceux qui sont sur les grandes rues sont les premiers \u00e0 \u00eatre inform\u00e9s et qui paniquent souvent les autres alors qu\u2019il n\u2019y a rien de grave dans certaines circonstances. Sur Facebook, tout se racontait et on pouvait s\u2019informer en temps r\u00e9el.<\/p>\n<p align=\"JUSTIFY\">Vers 17h, on apprit que la situation s\u2019empirait dans les quartiers pr\u00e8s de l\u2019a\u00e9roport de Goma car des coups de feu se faisaient entendre de l\u00e0. Les affrontements se passaient en effet \u00e0 quelques kilom\u00e8tres de cet endroit. L\u2019objectif \u00e9tant de prendre l\u2019a\u00e9roport pour marquer leur pr\u00e9sence et ainsi, d\u2019entrer dans la ville.<\/p>\n<p align=\"JUSTIFY\">On se fiait aux d\u00e9clarations du Gouverneur disant que la Monusco (la force onusienne) et la communaut\u00e9 internationale suivaient la situation de pr\u00e8s et ne permettraient pas que les rebelles du M23 fassent leur entr\u00e9e dans la ville et ainsi d\u00e9fier le pouvoir en place.<\/p>\n<p align=\"JUSTIFY\">On s\u2019est couch\u00e9 alors que la tension \u00e9tait si tendue avec des coups de feu venant de partout et cela toute la nuit durant. Des tirs \u00e0 l\u2019arme lourde et celles d\u2019autres calibres se faisaient entendre. Je me suis couch\u00e9 \u00ab\u00a0les oreilles \u00e0 l\u2019ext\u00e9rieur\u00a0\u00bb, avec les informations que je lisais sur Internet, j\u2019avais tellement peur que je ne pensais pas me r\u00e9veiller le lendemain matin et pr\u00e9tendre toujours \u00eatre en RDC. L\u2019on se disait que si les rebelles parvenaient \u00e0 entrer, on ne serait plus une partie de la RDC car ils changeraient surement le nom de la partie conquise.<\/p>\n<p align=\"JUSTIFY\"><strong>Mardi 20 Novembre 2012 <\/strong><\/p>\n<p align=\"JUSTIFY\">D\u00e9j\u00e0 t\u00f4t le matin, les coups de feu se faisaient entendre mais cette fois-ci, ils s\u2019\u00e9taient d\u00e9plac\u00e9s du c\u00f4t\u00e9 oppos\u00e9 de la ville, c\u2019est-\u00e0-dire vers les quartiers sur la route allant<a href=\"http:\/\/www.ingeta.com\/wp-content\/uploads\/2012\/11\/M23-stade-goma.jpg\"><img loading=\"lazy\" decoding=\"async\" class=\"alignright  wp-image-4551\" title=\"M23 stade goma\" src=\"http:\/\/www.ingeta.com\/wp-content\/uploads\/2012\/11\/M23-stade-goma-300x168.jpg\" alt=\"\" width=\"428\" height=\"239\" \/><\/a> vers Sake. On n\u2019avait aucune information par rapport \u00e0 leur position car le matin, comme il n\u2019y avait pas d\u2019\u00e9lectricit\u00e9, je n\u2019avais acc\u00e8s ni \u00e0 la radio ni \u00e0 la t\u00e9l\u00e9 et m\u00eame pas \u00e0 Internet. Ainsi, j\u2019\u00e9tais coup\u00e9 du reste du monde. On pouvait quand m\u00eame s\u2019imaginer qu\u2019ils ont progress\u00e9 car le son des tirs se faisaient entendre plut\u00f4t de l\u2019autre c\u00f4t\u00e9 et non plus vers le centre de ville.<\/p>\n<p align=\"JUSTIFY\">Et en pleine journ\u00e9e, on apprit qu\u2019ils \u00e9taient enfin entr\u00e9, ayant pris l\u2019a\u00e9roport. Ainsi, des coups de balles se faisaient entendre toute la journ\u00e9e. On ne pouvait sortir la t\u00eate car les affrontements se faisaient d\u00e9sormais dans la ville, c\u2019est-\u00e0-dire tr\u00e8s pr\u00e8s de nous.<\/p>\n<p align=\"JUSTIFY\">Goma est pris\u00a0! Tout le monde \u00e9tait alors inquiet, on se demandait ce que cela pouvait bien impliquer qu\u2019ils aient assi\u00e9g\u00e9 la ville, on avait peur de ce qui allait venir. Mais, je me suis dit qu\u2019il fallait quand m\u00eame attendre leur arriv\u00e9e et recevoir leur mode de conduite instaur\u00e9e.<\/p>\n<p align=\"JUSTIFY\">Tard dans l\u2019apr\u00e8s-midi, alors que toutes les radios locales ne fonctionnaient pas, vers 15h15, la RTNC Goma (Radiot\u00e9l\u00e9vision nationale congolaise) venait d\u2019annoncer que le porte-parole du M23 devait s\u2019adresser \u00e0 la population de Goma dans une vingtaine de minutes. Dans les 5 minutes qui suivaient cette annonce, sur ma page Facebook, beaucoup d\u2019autres amis avaient post\u00e9 le message par rapport \u00e0 cette annonce. C\u2019\u00e9tait donc officiel, on \u00e9tait sous la conduite des rebelles qui avaient aussi pris la radio nationale pour passer leur message de victoire.<\/p>\n<p align=\"JUSTIFY\">A 16h00, le Lieutenant-Colonel Vianney Kazarama demande \u00e0 la population de rester calme. L\u2019ARC (Arm\u00e9e R\u00e9volutionnaire du Congo) va nettoyer la ville toute la nuit et le lendemain, les habitants devront vaquer \u00e0 leurs occupations habituelles. Mais \u00e0 8h au Stade des Volcans de Goma, un rassemblement avec tous les \u00e9l\u00e9ments des FARDC et la Police rest\u00e9s dans la ville pour une prise de contact. Le message est re\u00e7u par toute la population et donc, on attend et voir en quoi consiste le nettoyage de cette nuit.<\/p>\n<p align=\"JUSTIFY\"><strong>Mercredi 21 novembre 2012<\/strong><\/p>\n<p align=\"JUSTIFY\">La nuit a \u00e9t\u00e9 tres calme. Tout le monde avait envie d\u2019aller faire un tour au quartier afin de voir le visage de la ville sous le nouveau regime. Je suis egalement sorti pour chercher de l\u2019energie dans mon telephone que je n\u2019ai pas eu facilement car depuis hier, la ligne a \u00e9t\u00e9 perturbee, cetrains cables coupes.<\/p>\n<p align=\"JUSTIFY\">Le Mouvement avait fait appel aux FARDC et a la Police encore en ville a venir les rejoindre.<\/p>\n<table width=\"299\">\n<tbody>\n<tr>\n<th><\/th>\n<td><\/td>\n<\/tr>\n<tr>\n<td colspan=\"2\"><\/td>\n<\/tr>\n<\/tbody>\n<tbody>\n<tr>\n<th><\/th>\n<td><\/td>\n<\/tr>\n<tr>\n<td colspan=\"2\"><\/td>\n<\/tr>\n<\/tbody>\n<tbody>\n<tr>\n<th><\/th>\n<td><\/td>\n<\/tr>\n<\/tbody>\n<\/table>\n","protected":false},"excerpt":{"rendered":"<p>R\u00e9cit de Arsene Tungali, Co- Fondateur et Directeur Executif de Rudi International\u00a0 www.rudiinternational.org une ONG humanitaire de droit congolais basee a Goma, a l&#8217;Est de la RDC. Il est \u00e0galement Chief Reporter a Now AfriCAN www.nowafrican.org Contacts: email: arsenebaguma@gmail.com Site web:\u00a0 http:\/\/tungali.blogspot.com &nbsp; Dimanche 18 Novembre 2012 Tout avait commenc\u00e9, je ne sais plus quand [&hellip;]<\/p>\n","protected":false},"author":1,"featured_media":4553,"comment_status":"open","ping_status":"open","sticky":false,"template":"","format":"standard","meta":{"_acf_changed":false,"content-type":"","footnotes":""},"categories":[160,123,162],"tags":[],"class_list":["post-4543","post","type-post","status-publish","format-standard","has-post-thumbnail","hentry","category-nouvelles-front-est","category-paroles-dingeta","category-rd-congo"],"acf":[],"_links":{"self":[{"href":"https:\/\/congolobilelo.com\/IN\/wp-json\/wp\/v2\/posts\/4543","targetHints":{"allow":["GET"]}}],"collection":[{"href":"https:\/\/congolobilelo.com\/IN\/wp-json\/wp\/v2\/posts"}],"about":[{"href":"https:\/\/congolobilelo.com\/IN\/wp-json\/wp\/v2\/types\/post"}],"author":[{"embeddable":true,"href":"https:\/\/congolobilelo.com\/IN\/wp-json\/wp\/v2\/users\/1"}],"replies":[{"embeddable":true,"href":"https:\/\/congolobilelo.com\/IN\/wp-json\/wp\/v2\/comments?post=4543"}],"version-history":[{"count":0,"href":"https:\/\/congolobilelo.com\/IN\/wp-json\/wp\/v2\/posts\/4543\/revisions"}],"wp:featuredmedia":[{"embeddable":true,"href":"https:\/\/congolobilelo.com\/IN\/wp-json\/"}],"wp:attachment":[{"href":"https:\/\/congolobilelo.com\/IN\/wp-json\/wp\/v2\/media?parent=4543"}],"wp:term":[{"taxonomy":"category","embeddable":true,"href":"https:\/\/congolobilelo.com\/IN\/wp-json\/wp\/v2\/categories?post=4543"},{"taxonomy":"post_tag","embeddable":true,"href":"https:\/\/congolobilelo.com\/IN\/wp-json\/wp\/v2\/tags?post=4543"}],"curies":[{"name":"wp","href":"https:\/\/api.w.org\/{rel}","templated":true}]}}