{"id":4478,"date":"2012-11-24T13:36:05","date_gmt":"2012-11-24T13:36:05","guid":{"rendered":"http:\/\/www.ingeta.com\/?p=4478"},"modified":"2012-11-24T13:36:05","modified_gmt":"2012-11-24T13:36:05","slug":"belgique-appel-aux-elus-et-non-envore-elus-belges-dorigine-belge","status":"publish","type":"post","link":"https:\/\/congolobilelo.com\/IN\/belgique-appel-aux-elus-et-non-envore-elus-belges-dorigine-belge\/","title":{"rendered":"Appel aux \u00e9lus et non (encore) \u00e9lus belges d&#8217;origine congolaise"},"content":{"rendered":"<p>\t\t\t\t<strong><em>Par M&#8217;buze Noogwani Ataye Mieko Momi Ier<\/em><\/strong><br \/>\n&#8212;&#8211;<br \/>\nMesdames, Mesdemoiselles et Messieurs,<\/p>\n<p>Les \u00e9lections sont pass\u00e9es et il serait plus que temps de laisser vos divergences de c\u00f4t\u00e9 et vous mettre autour d&#8217;une table pour discuter afin de parler d&#8217;une m\u00eame voix dans vos partis respectifs au sujet de l\u2019actualit\u00e9 congolaise et de ce qui concerne la Terre de Nos Anc\u00eatres.<\/p>\n<p>Rappelez vous et respectez les paroles que vous teniez durant la campagne en disant vouloir repr\u00e9senter et porter la voix de la diaspora \u00e0 VOTRE niveau dans les sph\u00e8res o\u00f9 vous \u00e9voluez.<\/p>\n<p>Un plaidoyer actifs, pro-actifs, doit \u00eatre fait au niveau politique en Belgique et au del\u00e0. Et m\u00eame si les r\u00e9sultats positifs semblent illusoires, il est bon de poser l&#8217;acte afin de se dire au moins que cela a \u00e9t\u00e9 fait. Un plaidoyer aupr\u00e8s de la Belgique, de l&#8217;UE, de l&#8217;Union Africaine, de l&#8217;ONU et de toutes autres institutions pouvant ou ayant une implication ou le pouvoir de faire quelque chose en ce qui concerne la guerre d&#8217;agression du Rwanda et de ses parrains en RDC en g\u00e9n\u00e9ral et au Kivu en particulier.<\/p>\n<p>Alors je vous le demande, et peu importe que vous soyez PS, CDH, MR, FDF, NVA, CD&amp;V, ECOLO-GROEN, PTB, OPEN VLD, et bien d&#8217;autres, soyez unis cette fois-ci et d\u00e9fendez &#8220;La Veuve et l&#8217;Orphelin&#8221;.<\/p>\n<p>Vos noms sont connus et vos voix portent. Alors il n&#8217;est pas trop tard pour devenir les leaders que vous auriez du \u00eatre pour ceux des v\u00f4tres. Entre enfant du pays on peut se pardonner et se r\u00e9concilier &#8220;To zali bana ya ekolo se moko! Mibale, to misatu te&#8221;.<\/p>\n<p><em>M&#8217;buze Noogwani Ataye Mieko Momi Ier<\/em>\t\t<\/p>\n","protected":false},"excerpt":{"rendered":"<p>Par M&#8217;buze Noogwani Ataye Mieko Momi Ier &#8212;&#8211; Mesdames, Mesdemoiselles et Messieurs, Les \u00e9lections sont pass\u00e9es et il serait plus que temps de laisser vos divergences de c\u00f4t\u00e9 et vous mettre autour d&#8217;une table pour discuter afin de parler d&#8217;une m\u00eame voix dans vos partis respectifs au sujet de l\u2019actualit\u00e9 congolaise et de ce qui [&hellip;]<\/p>\n","protected":false},"author":1,"featured_media":4483,"comment_status":"open","ping_status":"open","sticky":false,"template":"","format":"standard","meta":{"_acf_changed":false,"content-type":"","footnotes":""},"categories":[167,122,124],"tags":[],"class_list":["post-4478","post","type-post","status-publish","format-standard","has-post-thumbnail","hentry","category-belgique","category-news-alertes","category-politique-societe"],"acf":[],"_links":{"self":[{"href":"https:\/\/congolobilelo.com\/IN\/wp-json\/wp\/v2\/posts\/4478","targetHints":{"allow":["GET"]}}],"collection":[{"href":"https:\/\/congolobilelo.com\/IN\/wp-json\/wp\/v2\/posts"}],"about":[{"href":"https:\/\/congolobilelo.com\/IN\/wp-json\/wp\/v2\/types\/post"}],"author":[{"embeddable":true,"href":"https:\/\/congolobilelo.com\/IN\/wp-json\/wp\/v2\/users\/1"}],"replies":[{"embeddable":true,"href":"https:\/\/congolobilelo.com\/IN\/wp-json\/wp\/v2\/comments?post=4478"}],"version-history":[{"count":0,"href":"https:\/\/congolobilelo.com\/IN\/wp-json\/wp\/v2\/posts\/4478\/revisions"}],"wp:featuredmedia":[{"embeddable":true,"href":"https:\/\/congolobilelo.com\/IN\/wp-json\/"}],"wp:attachment":[{"href":"https:\/\/congolobilelo.com\/IN\/wp-json\/wp\/v2\/media?parent=4478"}],"wp:term":[{"taxonomy":"category","embeddable":true,"href":"https:\/\/congolobilelo.com\/IN\/wp-json\/wp\/v2\/categories?post=4478"},{"taxonomy":"post_tag","embeddable":true,"href":"https:\/\/congolobilelo.com\/IN\/wp-json\/wp\/v2\/tags?post=4478"}],"curies":[{"name":"wp","href":"https:\/\/api.w.org\/{rel}","templated":true}]}}