{"id":4468,"date":"2012-11-23T19:05:03","date_gmt":"2012-11-23T19:05:03","guid":{"rendered":"http:\/\/www.ingeta.com\/?p=4468"},"modified":"2012-11-23T19:05:03","modified_gmt":"2012-11-23T19:05:03","slug":"rdc-declaration-des-forces-vives-de-la-nation-congolaise","status":"publish","type":"post","link":"https:\/\/congolobilelo.com\/IN\/rdc-declaration-des-forces-vives-de-la-nation-congolaise\/","title":{"rendered":"RDC: D\u00e9claration des Forces Vives de la Nation Congolaise"},"content":{"rendered":"<p>\t\t\t\t<strong>Nous, Forces vives de la Nation Congolaise r\u00e9unies en ce mercredi 21 novembre 2012 en pl\u00e9ni\u00e8re au Centre de R\u00e9\u00e9ducation des Handicap\u00e9s Physiques pour analyser la situation s\u00e9curitaire grave qui s\u00e9vit \u00e0 l\u2019Est de notre pays:<\/strong><\/p>\n<p>1. Attendu que le Pr\u00e9sident de la R\u00e9publique n\u2019a pas d\u00e9clar\u00e9 l\u2019Etat de guerre, conform\u00e9ment aux articles 86 et 143 de la Constitution, et qu\u2019\u00e0 la derni\u00e8re session de l\u2019Assembl\u00e9e G\u00e9n\u00e9rale des Nations-Unies ainsi qu\u2019\u00e0 l\u2019ouverture officielle du sommet des Etats membres de la Francophonie, il n\u2019a pas cit\u00e9 le Rwanda comme pays agresseur ;<\/p>\n<p>Attendu que depuis le mardi 20 novembre 2012, la ville de Goma, dans le Nord-Kivu, est tomb\u00e9e aux mains des rebelles du M23, comme la localit\u00e9 de Sake depuis ce mercredi, 21 novembre 2012 ;<\/p>\n<p>Attendu que de milliers de personnes, dont femmes, enfants et vieillards, ont \u00e9t\u00e9 contraints au d\u00e9placement vers plusieurs directions, et vivent actuellement dans des conditions inhumaines ;<\/p>\n<p>Que plusieurs violations graves des droits de l&#8217;homme sont commises, en marge de cette conqu\u00eate du M23, notamment des pillages, incendies, viols, des assassinats, arrestations et d\u00e9tentions arbitraires, tortures, enl\u00e8vements, disparitions forc\u00e9es, ex\u00e9cutions extrajudiciaires ; destruction de la faune et des esp\u00e8ces rares ;<\/p>\n<p>Que cette guerre est men\u00e9e par le Rwanda et l\u2019Ouganda, sous le label du mouvement M23, afin de concr\u00e9tiser le projet de balkanisation de la RDC et de s&#8217;assurer l&#8217;exploitation ill\u00e9gale des ressources naturelles \u00e0 travers des affairistes mafieux ;<\/p>\n<p>Nous, Forces Vives de la Nation Congolaise, sommes profond\u00e9ment indign\u00e9es de la gravit\u00e9 de cette situation, des atrocit\u00e9s commises, mais surtout par la gestion de ce conflit tant par le Gouvernement Congolais que par le Conseil de S\u00e9curit\u00e9 des Nations Unies depuis la publication du rapport des experts en charge du contr\u00f4le des sanctions ;<br \/>\n2. Depuis que le rapport des Nations Unies sur l&#8217;appui du Rwanda et de l\u2019Ouganda au Mouvement M23 a \u00e9t\u00e9 publi\u00e9, le Conseil de S\u00e9curit\u00e9 n&#8217;a toujours pas pris des sanctions appropri\u00e9es pouvant faire am\u00e9liorer rapidement la situation sur terrain;<\/p>\n<p>3. De tout ce qui pr\u00e9c\u00e8de :<\/p>\n<p>&#8211; Nous, Forces Vives de la Nation congolaise, d\u00e9non\u00e7ons et condamnons avec fermet\u00e9 l&#8217;agression de la RDC par le Rwanda et l\u2019Ouganda, \u00e0 travers le M23, en violation flagrante du Droit international public;<br \/>\n&#8211; Exprimons notre solidarit\u00e9 avec tous les congolais de la partie orientale de la RDC, victimes des atrocit\u00e9s des agresseurs ;<br \/>\n&#8211; appelons le peuple congolais \u00e0 se mobiliser, comme un seul homme, pour extirper et mettre hors d\u2019\u00e9tat de nuire tous les infiltr\u00e9s et collabos qui minent l&#8217;appareil \u00e9tatique de la RDC et pour apporter un soutien ind\u00e9fectible aux v\u00e9ritables \u00e9l\u00e9ments de FARDC align\u00e9s aux Fronts;<br \/>\n&#8211; demandons \u00e0 toutes les personnes de bonne volont\u00e9, de par le monde, de venir au secours des populations de l&#8217;Est en leur fournissant une assistance humanitaire ;<\/p>\n<p>Constatons solennellement que :<br \/>\n&#8211; Le Pr\u00e9sident de la R\u00e9publique a failli \u00e0 ses obligations constitutionnelles pr\u00e9vues par les articles 74, 86 et 143 de la Constitution pour n\u2019avoir pas d\u00e9fendu la RDC contre l\u2019agression du Rwanda et de l\u2019Ouganda ;<br \/>\n&#8211; Eu \u00e9gard \u00e0 ce qui pr\u00e9c\u00e8de et en application des articles 63, 64 et 66 de la Constitution, exigeons la d\u00e9mission du Pr\u00e9sident de la R\u00e9publique et sa mise en accusation par le Congres conform\u00e9ment aux articles 165 et 166 de la Constitution ;<br \/>\nRecommandons :<\/p>\n<p>Au Conseil de S\u00e9curit\u00e9 des Nations Unies :<br \/>\n&#8211; D\u2019\u00e9tendre le mandat de la MONUSCO afin de lui permettre de mieux assurer la protection des populations civils ainsi que tout son espace vital contre la pr\u00e9sence des forces de M23;<br \/>\n&#8211; D\u2019exiger le retrait imm\u00e9diat des forces de M23 de la Ville de Goma ainsi que ses environs ;<\/p>\n<p>A la MONUSCO :<br \/>\n&#8211; D\u2019assister les FARDC afin d\u2019arr\u00eater les dirigeants de M23 dont Bosco Ntanganda et Makenga ;<\/p>\n<p>Au Parlement Congolais :<br \/>\n&#8211; De convoquer urgemment le Congr\u00e8s en vue de statuer sur le sort du Pr\u00e9sident de la R\u00e9publique ;<\/p>\n<p>Aux organisations de la Soci\u00e9t\u00e9 Civile :<br \/>\n&#8211; De sensibiliser la population pour qu\u2019elle soit en mesure de d\u00e9fendre efficacement la RDC contre l\u2019agression du Rwanda<br \/>\n&#8211; De rester mobilis\u00e9es sur la situation s\u00e9curitaire de l&#8217;Est de la RDC.<\/p>\n<p>A la population du Nord-Kivu et du Sud-Kivu ;<br \/>\n&#8211; De d\u00e9sob\u00e9ir totalement \u00e0 l\u2019administration des forces d\u2019occupation du Rwanda et de l\u2019Ouganda \u00e0 travers le M23.<\/p>\n<p>Fait \u00e0 Kinshasa, le 21 novembre 2012,<\/p>\n<p>LES ORGANISATIONS SIGNATAIRES<br \/>\nACAJ<br \/>\nACIDH<br \/>\nASADHO<br \/>\nASF\/RDCONGO<br \/>\nCAFEM<br \/>\nCDDH<br \/>\nCDM\/GAMOS<br \/>\nCEGO<br \/>\nCENADEFRUC<br \/>\nCentre des Droits de l\u2019Homme et Droits Humanitaires<br \/>\nCERVEAU<br \/>\nCJR 1325<br \/>\nCODHO<br \/>\nCODHOD<br \/>\nFFJ<br \/>\nFOCDP<br \/>\nForum des Leaders<br \/>\nFUDES<br \/>\nJPDH<br \/>\nLCRDH<br \/>\nLES ANGES DU CIEL<br \/>\nLICOCO<br \/>\nLIGUE DES ELECTEURS<br \/>\nLIGUE DES ELECTEURS CONGOLAIS<br \/>\nOCDH<br \/>\nOLCAC<br \/>\nORFEM<br \/>\nParlement des Jeunes<br \/>\nRAJES<br \/>\nRENADHOC<br \/>\nRODHECIC<br \/>\nRRSSJ<br \/>\nSCNF<br \/>\nSOCIETE CIVILE DE LA RDC<br \/>\nSos Droits<br \/>\nSTN\/SOCI<br \/>\nSYNAFET<br \/>\nSYNDICAT\/INTERSYNDICAL NATIONAL DU SECTEUR PUBLIC<br \/>\nTOGES NOIRES<br \/>\nVSV\t\t<\/p>\n","protected":false},"excerpt":{"rendered":"<p>Nous, Forces vives de la Nation Congolaise r\u00e9unies en ce mercredi 21 novembre 2012 en pl\u00e9ni\u00e8re au Centre de R\u00e9\u00e9ducation des Handicap\u00e9s Physiques pour analyser la situation s\u00e9curitaire grave qui s\u00e9vit \u00e0 l\u2019Est de notre pays: 1. Attendu que le Pr\u00e9sident de la R\u00e9publique n\u2019a pas d\u00e9clar\u00e9 l\u2019Etat de guerre, conform\u00e9ment aux articles 86 et [&hellip;]<\/p>\n","protected":false},"author":1,"featured_media":4469,"comment_status":"open","ping_status":"open","sticky":false,"template":"","format":"standard","meta":{"_acf_changed":false,"content-type":"","footnotes":""},"categories":[122,124],"tags":[],"class_list":["post-4468","post","type-post","status-publish","format-standard","has-post-thumbnail","hentry","category-news-alertes","category-politique-societe"],"acf":[],"_links":{"self":[{"href":"https:\/\/congolobilelo.com\/IN\/wp-json\/wp\/v2\/posts\/4468","targetHints":{"allow":["GET"]}}],"collection":[{"href":"https:\/\/congolobilelo.com\/IN\/wp-json\/wp\/v2\/posts"}],"about":[{"href":"https:\/\/congolobilelo.com\/IN\/wp-json\/wp\/v2\/types\/post"}],"author":[{"embeddable":true,"href":"https:\/\/congolobilelo.com\/IN\/wp-json\/wp\/v2\/users\/1"}],"replies":[{"embeddable":true,"href":"https:\/\/congolobilelo.com\/IN\/wp-json\/wp\/v2\/comments?post=4468"}],"version-history":[{"count":0,"href":"https:\/\/congolobilelo.com\/IN\/wp-json\/wp\/v2\/posts\/4468\/revisions"}],"wp:featuredmedia":[{"embeddable":true,"href":"https:\/\/congolobilelo.com\/IN\/wp-json\/"}],"wp:attachment":[{"href":"https:\/\/congolobilelo.com\/IN\/wp-json\/wp\/v2\/media?parent=4468"}],"wp:term":[{"taxonomy":"category","embeddable":true,"href":"https:\/\/congolobilelo.com\/IN\/wp-json\/wp\/v2\/categories?post=4468"},{"taxonomy":"post_tag","embeddable":true,"href":"https:\/\/congolobilelo.com\/IN\/wp-json\/wp\/v2\/tags?post=4468"}],"curies":[{"name":"wp","href":"https:\/\/api.w.org\/{rel}","templated":true}]}}