{"id":4440,"date":"2012-11-22T08:32:07","date_gmt":"2012-11-22T08:32:07","guid":{"rendered":"http:\/\/www.ingeta.com\/?p=4440"},"modified":"2012-11-22T08:32:07","modified_gmt":"2012-11-22T08:32:07","slug":"bruxelles-lambassade-de-la-rd-congo-prise-dassaut-par-des-combattants","status":"publish","type":"post","link":"https:\/\/congolobilelo.com\/IN\/bruxelles-lambassade-de-la-rd-congo-prise-dassaut-par-des-combattants\/","title":{"rendered":"Bxl: L\u2019ambassade de la RDC prise d\u2019assaut par des \u00abCombattants\u00bb"},"content":{"rendered":"<p>\t\t\t\t<em>Par Issa Djema\/B.A.W. Source: <a href=\"http:\/\/congoindependant.com\/article.php?articleid=7661\">Congoindependant.com<\/a><\/em><\/p>\n<p><em><strong>La prise de la ville Goma, mardi 20 novembre, par les rebelles du M23 continue \u00e0 propager son onde de choc. Des activistes politiques congolais de Belgique, commun\u00e9ment appel\u00e9s \u00abCombattants\u00bb, ont investi, mercredi 21 novembre, au d\u00e9but de l\u2019apr\u00e8s-midi, la chancellerie de la repr\u00e9sentation diplomatique congolaise \u00e0 Bruxelles. Ils sont venus manifester leur \u00abcol\u00e8re\u00bb suite \u00e0 l\u2019occupation de Goma par les gu\u00e9rilleros de M23. Co-fondateur du groupe de pression \u00abBana Congo\u00bb, Henri Muke Disuishe et quelques autres activistes ont \u00e9t\u00e9 \u00e9vacu\u00e9s et \u00abembarqu\u00e9s\u00bb par la police. L\u2019ambassadeur Henri Mova Sakanyi \u00e9tait absent au moment des faits.<\/strong><\/em><\/p>\n<p><iframe loading=\"lazy\" src=\"http:\/\/www.youtube.com\/embed\/A71JPepKH7w\" frameborder=\"0\" width=\"480\" height=\"360\"><\/iframe><\/p>\n<p>Mercredi 21 novembre. Il est15h29 lorsqu\u2019un Sms pour le moins inattendu tombe : \u00abLa r\u00e9sistance congolaise vient de prendre le contr\u00f4le de la repr\u00e9sentation diplomatique de la RDC \u00e0 Bruxelles. Dirigez-vous tous \u00e0 l\u2019ambassade. Une d\u00e9claration de grande importance est en pr\u00e9paration\u00bb.<\/p>\n<p>Selon une source, des activistes politiques congolais &#8211; une vingtaine &#8211; ont r\u00e9ussi \u00e0 tromper la vigilance du service de s\u00e9curit\u00e9 de cette Mission en s\u2019infiltrant \u00e0 l\u2019int\u00e9rieur du b\u00e2timent. A la demande sans doute du chef de poste, la police est intervenue pour \u00ablib\u00e9rer\u00bb les lieux. Plusieurs \u00abCombattants\u00bb ont \u00e9t\u00e9 interpell\u00e9s. C\u2019est le cas notamment de Henri Muke Disuishe, pr\u00e9sident d\u2019une aile dissidente du groupe de pression \u00abBana Congo\u00bb, rebaptis\u00e9e \u00abHaut conseil de lib\u00e9ration\u00bb(HCL).<\/p>\n<p>Sur la rue Marie de Bourgogne, la police f\u00e9d\u00e9rale belge a \u00e9rig\u00e9 des barricades au croisement des rues de Luxembourg et Montoyer. Le p\u00e9rim\u00e8tre o\u00f9 se trouve l\u2019ambassade congolaise a l\u2019allure d\u2019une \u00abzone interdite\u00bb. Il est 15h55. Une voiture s\u2019arr\u00eate devant l\u2019entr\u00e9e principale de la Chancellerie. Un homme sort du v\u00e9hicule. Les \u00abcombattants\u00bb reconnaissent Mova Sakanyi. Des cris fusent : \u00abvoleur !\u00bb, \u00abassassin !\u00bb. Des slogans hostiles sont lanc\u00e9s \u00e0 l\u2019encontre de \u00abJoseph Kabila\u00bb et des Tutsi rwandais.<\/p>\n<p>Une source proche de l\u2019ambassade donne sa version des faits : \u00abDe 12h00 \u00e0 15h00, il y a pause. Vers 14 heures, trois personnes d\u2019origine congolaise ont profit\u00e9 du rel\u00e2chement du service de s\u00e9curit\u00e9 en agressant physiquement l\u2019unique vigile de service. Pendant une vingtaine de minutes, les assaillants \u2013 une douzaine \u2013 se sont r\u00e9pandus dans les \u00e9tages. Ils ont saccag\u00e9 plusieurs bureaux avant d\u2019aller arracher la camera de surveillance au 5\u00e8me \u00e9tage. C\u2019est ainsi que la brigade canine et police judiciaire sont descendues sur le lieu pour amorcer les devoirs d\u2019enqu\u00eate\u00bb.<\/p>\n<p>Que disent les \u00abCombattants\u00bb rest\u00e9s \u00e0 l\u2019ext\u00e9rieur de l\u2019ambassade ? \u00abTozali na kanda makasi. Joseph Kabila na batu na ye bateki mboka !\u00bb, lance un protestataire. Traduction : \u00abNous sommes tr\u00e8s en col\u00e8re ! Joseph Kabila et ses affid\u00e9s ont vendu le pays.\u00bb Membre de l\u2019association \u00ab Ba mama totelema !\u00bb et du HCL, Jos\u00e9e Likembe d\u2019encha\u00eener : \u00abLa chute de Goma entre les mains du M23 montre que Joseph Kabila joue le r\u00f4le de Cheval de Troie. Il est le complice du M23. C\u2019est ainsi que nous avons d\u00e9cid\u00e9 d\u2019occuper nos ambassades \u00e0 travers le monde. Le but n\u2019\u00e9tait pas de prendre l\u2019ambassadeur ou les diplomates en otage.\u00bb Pour Marie-Paule Kapinga, l\u2019action men\u00e9e par les Combattants \u00abest une manifestation de d\u00e9fiance \u00e0 l\u2019\u00e9gard d\u2019un pouvoir qui ne d\u00e9fend pas l\u2019int\u00e9r\u00eat national\u00bb. \u00abLe pays est entrain de nous \u00e9chapper, poursuit-elle. Kabila ne travaille pas pour le Congo. Il est au service du Rwanda et des Rwandais. Nous sommes en col\u00e8re. Nous allons continuer ce combat jusqu\u2019au bout\u00bb.<\/p>\n<p><iframe loading=\"lazy\" src=\"http:\/\/www.youtube.com\/embed\/EkZIeRytJVc\" frameborder=\"0\" width=\"560\" height=\"315\"><\/iframe><\/p>\n<p>Pour le \u00ab Combattant Drakula \u00bb, l\u2019action men\u00e9e \u00e0 l\u2019ambassade serait l\u2019\u0153uvre d\u2019une sorte d\u2019\u00abunit\u00e9 sp\u00e9ciale\u00bb d\u00e9nomm\u00e9e \u00abCombattants de l\u2019ombre\u00bb. Selon lui, apr\u00e8s avoir pris le contr\u00f4le du poste, \u00abtout le personnel a \u00e9t\u00e9 \u00e9vacu\u00e9 sans violence\u00bb. Quel \u00e9tait le message ? \u00abLes autorit\u00e9s de Kinshasa ont toujours reproch\u00e9 aux Congolais de la diaspora de d\u00e9noncer le risque de balkanisation du pays, dit-il. La chute de Goma entre les mains des rebelles de M23 ne nous donne-t-elle pas raison ? Il est clair que nos dirigeants sont occup\u00e9s \u00e0 liquider le pays. Voil\u00e0 pourquoi les Combattants ont pris la r\u00e9solution de r\u00e9agir\u00bb.<\/p>\n<p>Le dernier mot revient \u00e0 Wilkens Alhongo, pr\u00e9sident de l\u2019association \u00ab MIRGEC \u00bb : \u00ab Comme la ville de Goma est tomb\u00e9e entre les mains de M23, nous avons d\u00e9cid\u00e9, en tant que peuple souverain, de prendre le contr\u00f4le de l\u2019ambassade congolaise \u00e0 Bruxelles. En interpellant les Combattants ayant p\u00e9n\u00e9tr\u00e9 dans le b\u00e2timent, les pouvoirs publics belges viennent de d\u00e9montrer qu\u2019ils sont complices de la situation chaotique qui pr\u00e9vaut au Congo. Tout en respectant la Convention de Vienne sur les relations diplomatiques, la repr\u00e9sentation diplomatique congolaise \u00e0 Bruxelles est et reste notre maison. La Belgique n\u2019avait pas \u00e0 intervenir dans un probl\u00e8me congolo-congolais\u2026\u00bb.<\/p>\n<p>&nbsp;<\/p>\n<p><em>Issa Djema\/B.A.W<\/em><\/p>\n<p>&nbsp;\t\t<\/p>\n","protected":false},"excerpt":{"rendered":"<p>Par Issa Djema\/B.A.W. Source: Congoindependant.com La prise de la ville Goma, mardi 20 novembre, par les rebelles du M23 continue \u00e0 propager son onde de choc. Des activistes politiques congolais de Belgique, commun\u00e9ment appel\u00e9s \u00abCombattants\u00bb, ont investi, mercredi 21 novembre, au d\u00e9but de l\u2019apr\u00e8s-midi, la chancellerie de la repr\u00e9sentation diplomatique congolaise \u00e0 Bruxelles. Ils sont [&hellip;]<\/p>\n","protected":false},"author":1,"featured_media":4441,"comment_status":"open","ping_status":"open","sticky":false,"template":"","format":"standard","meta":{"_acf_changed":false,"content-type":"","footnotes":""},"categories":[167,122,124],"tags":[],"class_list":["post-4440","post","type-post","status-publish","format-standard","has-post-thumbnail","hentry","category-belgique","category-news-alertes","category-politique-societe"],"acf":[],"_links":{"self":[{"href":"https:\/\/congolobilelo.com\/IN\/wp-json\/wp\/v2\/posts\/4440","targetHints":{"allow":["GET"]}}],"collection":[{"href":"https:\/\/congolobilelo.com\/IN\/wp-json\/wp\/v2\/posts"}],"about":[{"href":"https:\/\/congolobilelo.com\/IN\/wp-json\/wp\/v2\/types\/post"}],"author":[{"embeddable":true,"href":"https:\/\/congolobilelo.com\/IN\/wp-json\/wp\/v2\/users\/1"}],"replies":[{"embeddable":true,"href":"https:\/\/congolobilelo.com\/IN\/wp-json\/wp\/v2\/comments?post=4440"}],"version-history":[{"count":0,"href":"https:\/\/congolobilelo.com\/IN\/wp-json\/wp\/v2\/posts\/4440\/revisions"}],"wp:featuredmedia":[{"embeddable":true,"href":"https:\/\/congolobilelo.com\/IN\/wp-json\/"}],"wp:attachment":[{"href":"https:\/\/congolobilelo.com\/IN\/wp-json\/wp\/v2\/media?parent=4440"}],"wp:term":[{"taxonomy":"category","embeddable":true,"href":"https:\/\/congolobilelo.com\/IN\/wp-json\/wp\/v2\/categories?post=4440"},{"taxonomy":"post_tag","embeddable":true,"href":"https:\/\/congolobilelo.com\/IN\/wp-json\/wp\/v2\/tags?post=4440"}],"curies":[{"name":"wp","href":"https:\/\/api.w.org\/{rel}","templated":true}]}}