{"id":4408,"date":"2012-11-20T12:46:17","date_gmt":"2012-11-20T12:46:17","guid":{"rendered":"http:\/\/www.ingeta.com\/?p=4408"},"modified":"2012-11-20T12:46:17","modified_gmt":"2012-11-20T12:46:17","slug":"goma-le-general-affairiste-la-colere-des-fardc-et-la-mobilisation-generale","status":"publish","type":"post","link":"https:\/\/congolobilelo.com\/IN\/goma-le-general-affairiste-la-colere-des-fardc-et-la-mobilisation-generale\/","title":{"rendered":"Goma: Le g\u00e9n\u00e9ral affairiste, la col\u00e8re des FARDC et la mobilisation g\u00e9n\u00e9rale"},"content":{"rendered":"<p>\t\t\t\t<em><strong>L\u2019analyste politique, Jean-Jacques Wondo revient, en ce mardi 20 novembre 2012, sur les \u00e9v\u00e8nements autour de la ville de Goma ces derni\u00e8res 48 heures et donne des pistes pour une mobilisation efficace.<\/strong><\/em><\/p>\n<p>Chers Tous,<\/p>\n<p>Au moment o\u00f9 je vous parle, une source jointe ce matin \u00e0 Goma, corrobor\u00e9e par une autre hier soir, encore sous contr\u00f4le FARDC, nous signalerait que c&#8217;est le g\u00e9n\u00e9ral affairiste Tango Four (Gabriel Amisi) qui aurait pris le commandement des op\u00e9rations \u00e0 Goma. Nous connaissons son pass\u00e9 (RCD-Kigali) et ses accointances avec le Rwanda par le pass\u00e9, notamment dans l&#8217;int\u00e9gration du CNDP en 2009. La source nous confirme que la ville de Goma est d\u00e9sert\u00e9e et les militaires qui y patrouillaient ont \u00e9t\u00e9 ordonn\u00e9s par Gabriel Amisi de quitter la ville pour se positionner \u00e0 Sake, situ\u00e9e \u00e0 environ 30 km \u00e0 l&#8217;Ouest de Goma. Au moment o\u00f9 nous accouchons cette information, une partie des FARDC, patriotes loyalistes \u00e0 un Congo Uni, est en train de protester contre cette nomination de Amisi \u00e0 la t\u00eate des op\u00e9rations, il y a des divisions s\u00e9rieuses dans les rangs. Et la population locale est tr\u00e8s m\u00e9contente de cette nomination car Amisi \u00e9tait l&#8217;ex-alli\u00e9 de Kundabatware. Amis a re\u00e7u pour mission d&#8217;assurer l&#8217;occupation pacifique du Goma par le Rwanda.<\/p>\n<p>C&#8217;est le m\u00e9contentement des FARDC suite \u00e0 ces faits de haute Trahison qui explique d&#8217;ailleurs les tirs essuy\u00e9s contre Mr Tambo Luba, le ministre de la D\u00e9fense hier soir.<\/p>\n<p>Il est temps que le Peuple Congolais se prenne en charge et que d&#8217;abord la population fasse pression \u00e0 Kinshasa en allant occuper les diff\u00e9rents si\u00e8ges de institutions nationales pour amener ces politiciens \u00e0 la raison&#8230;Une Mobilisation g\u00e9n\u00e9rale doit \u00e9galement se faire partout en RDC dans les grandes villes&#8230;<br \/>\nLe temps est venu pour le Peuple sCongoalis de se prendre lui-m\u00eame en charge et de sympathiser avec les patriotes FARDC partout au Congo afin de prendre son destin en mains &#8220;leo ndjo leo&#8221; et Kisangani donne d\u00e9j\u00e0 le ton. l&#8217;op\u00e9ration sms doit \u00eatre r\u00e9activ\u00e9e pour amenr la population de se retrouver partout dans la rue et d&#8217;occuper le Palais du peuple, le Palais de la Nation, la Banque Nationale et faire d\u00e9gager tous les tra\u00eetres qui ont vendu la RDC.<\/p>\n<p>Il faudrait \u00e9galement cr\u00e9er des structures locales de motivation des FARDC d\u00e9termin\u00e9es \u00e0 en d\u00e9coudre avec les agresseurs. Ces militaires existent et doivent \u00eatre appuy\u00e9s par la population. Ces structures doivent \u00e9chapper au contr\u00f4le du Gouvernement qui a montr\u00e9 ses limites et sa duplicit\u00e9. Ce sont des mesures d&#8217;urgence qui peuvent se prendre maintenant pendant que les patriotes congolais de partout se concertent et r\u00e9flechissent sur d&#8217;autres voies devant nous permettre de sauver le Congo.<\/p>\n<p>Levons-nous tous pour Sauver le Congo et ce n&#8217;est pas la Monusco ni le Conseil de s\u00e9curit\u00e9 de l&#8217;ONU qui le feront \u00e0 notre place.<\/p>\n<p>Le pays est en danger et je ne fais que mon devoir patriote!<\/p>\n<p>Jean-Jacques Wondo\t\t<\/p>\n","protected":false},"excerpt":{"rendered":"<p>L\u2019analyste politique, Jean-Jacques Wondo revient, en ce mardi 20 novembre 2012, sur les \u00e9v\u00e8nements autour de la ville de Goma ces derni\u00e8res 48 heures et donne des pistes pour une mobilisation efficace. Chers Tous, Au moment o\u00f9 je vous parle, une source jointe ce matin \u00e0 Goma, corrobor\u00e9e par une autre hier soir, encore sous [&hellip;]<\/p>\n","protected":false},"author":1,"featured_media":4409,"comment_status":"open","ping_status":"open","sticky":false,"template":"","format":"standard","meta":{"_acf_changed":false,"content-type":"","footnotes":""},"categories":[160],"tags":[],"class_list":["post-4408","post","type-post","status-publish","format-standard","has-post-thumbnail","hentry","category-nouvelles-front-est"],"acf":[],"_links":{"self":[{"href":"https:\/\/congolobilelo.com\/IN\/wp-json\/wp\/v2\/posts\/4408","targetHints":{"allow":["GET"]}}],"collection":[{"href":"https:\/\/congolobilelo.com\/IN\/wp-json\/wp\/v2\/posts"}],"about":[{"href":"https:\/\/congolobilelo.com\/IN\/wp-json\/wp\/v2\/types\/post"}],"author":[{"embeddable":true,"href":"https:\/\/congolobilelo.com\/IN\/wp-json\/wp\/v2\/users\/1"}],"replies":[{"embeddable":true,"href":"https:\/\/congolobilelo.com\/IN\/wp-json\/wp\/v2\/comments?post=4408"}],"version-history":[{"count":0,"href":"https:\/\/congolobilelo.com\/IN\/wp-json\/wp\/v2\/posts\/4408\/revisions"}],"wp:featuredmedia":[{"embeddable":true,"href":"https:\/\/congolobilelo.com\/IN\/wp-json\/"}],"wp:attachment":[{"href":"https:\/\/congolobilelo.com\/IN\/wp-json\/wp\/v2\/media?parent=4408"}],"wp:term":[{"taxonomy":"category","embeddable":true,"href":"https:\/\/congolobilelo.com\/IN\/wp-json\/wp\/v2\/categories?post=4408"},{"taxonomy":"post_tag","embeddable":true,"href":"https:\/\/congolobilelo.com\/IN\/wp-json\/wp\/v2\/tags?post=4408"}],"curies":[{"name":"wp","href":"https:\/\/api.w.org\/{rel}","templated":true}]}}