{"id":4381,"date":"2012-11-18T22:41:12","date_gmt":"2012-11-18T22:41:12","guid":{"rendered":"http:\/\/www.ingeta.com\/?p=4381"},"modified":"2012-11-18T22:41:12","modified_gmt":"2012-11-18T22:41:12","slug":"chaos-en-rdc-les-casques-bleus-et-la-strategie-de-lange-bleu","status":"publish","type":"post","link":"https:\/\/congolobilelo.com\/IN\/chaos-en-rdc-les-casques-bleus-et-la-strategie-de-lange-bleu\/","title":{"rendered":"CHAOS EN RDC: les Casques bleus &#038; la \u00abstrat\u00e9gie de l\u2019ange bleu\u00bb."},"content":{"rendered":"<p>\t\t\t\t<a href=\"http:\/\/www.ingeta.com\/wp-content\/uploads\/2012\/11\/casque-bleu2303.jpg\"><img loading=\"lazy\" decoding=\"async\" class=\"alignleft size-medium wp-image-4382\" title=\"casque-bleu2303\" src=\"http:\/\/www.ingeta.com\/wp-content\/uploads\/2012\/11\/casque-bleu2303-300x171.jpg\" alt=\"\" width=\"300\" height=\"171\" \/><\/a><strong>Par Patrick Mbeko<\/strong><\/p>\n<p>Le 14 juillet 1960, le Conseil de S\u00e9curit\u00e9 vote une r\u00e9solution conforme aux v\u0153ux du gouvernement congolais, qui demande \u00e0 la Belgique de retirer ses troupes du territoire de la R\u00e9publique du Congo et autorise le secr\u00e9taire g\u00e9n\u00e9ral de l\u2019ONU, Dag Hammarskj\u00f6ld, \u00e0 fournir une assistance technique militaire au gouvernement congolais jusqu\u2019\u00e0 ce que les forces arm\u00e9es congolaises soient en mesure de remplir enti\u00e8rement leurs t\u00e2ches.<\/p>\n<p>L&#8217;Organisation des Nations Unies au Congo (ONUC) venait de voir le jour. Mais au lieu de prendre fait et cause pour le gouvernement l\u00e9gitime du pays, les casques bleus mettent sur le m\u00eame pi\u00e9destal la province s\u00e9cessionniste du Katanga soutenue par la Belgique et le gouvernement congolais. De fait, les Nations Unies ent\u00e9rinent la situation n\u00e9ocoloniale au Katanga. Que d\u2019assurer le maintien de la paix et le r\u00e9tablissement de l\u2019ordre, les casques bleus des Nations Unies se mirent au service de la d\u00e9stabilisation du gouvernement congolais allant jusqu\u2019\u00e0 prendre part \u00e0 l\u2019assassinat du premier chef de gouvernement du Congo, Patrice Emery Lumumba.<\/p>\n<p>Les 2 000 hommes de la Force int\u00e9rimaire des Nations Unies au Liban (FINUL), cr\u00e9\u00e9e en 1978, pour confirmer le retrait des troupes isra\u00e9liennes du sud du Liban et <a href=\"http:\/\/www.ingeta.com\/wp-content\/uploads\/2012\/11\/UN-Liban.jpg\"><img loading=\"lazy\" decoding=\"async\" class=\"alignright size-medium wp-image-4383\" title=\"UN Liban\" src=\"http:\/\/www.ingeta.com\/wp-content\/uploads\/2012\/11\/UN-Liban-300x168.jpg\" alt=\"\" width=\"300\" height=\"168\" \/><\/a>restaurer \u00ab la souverainet\u00e9 de l&#8217;\u00c9tat libanais \u00bb, n&#8217;ont pas emp\u00each\u00e9 le pays de sombrer dans la violence. En avril 1994, alors que le Rwanda est pong\u00e9 dans une spirale de violence la plus extr\u00eame, les \u00c9tats-Unis et la Belgique exigent le retrait pur et simple des casques bleus de la Mission des Nations Unies (MINUAR) du pays.<\/p>\n<p>Dans la correspondance qu\u2019il adresse au secr\u00e9taire g\u00e9n\u00e9rale de l\u2019ONU, Boutros Boutros-Ghali, le ministre belge des Affaires \u00e9trang\u00e8res Willy Claes\u2500 qui plus tard sur recommandation am\u00e9ricaine sera r\u00e9compens\u00e9 par une nomination au poste de secr\u00e9taire g\u00e9n\u00e9ral de l\u2019OTAN \u2500, recommande \u00ab la suspension de la mission de la MINUAR \u00bb dont l\u2019utilit\u00e9 est devenue \u00ab sans objet \u00bb. Devant la lev\u00e9e de bouclier de plusieurs pays, l\u2019oncle Sam mena\u00e7a d\u2019opposer son veto \u00e0 toute initiative tendant \u00e0 maintenir la force onusienne au pays des mille collines.<\/p>\n<p>L\u2019ONU venait, par cet acte, de condamner \u00e0 mort des milliers de Rwandais au moment o\u00f9 ces ceux-ci avaient plus que jamais besoin de son aide. Le contingent militaire onusien passera de 3000 \u00e0 270 hommes, pour la plupart des contingents ghan\u00e9en et bangladais. Boutros-Ghali d\u00e9clarera plus tard que \u00ab le g\u00e9nocide rwandais est \u00e0 100% de la responsabilit\u00e9 am\u00e9ricaine \u00bb.<\/p>\n<p>L\u2019op\u00e9ration hybride Union africaine-Nations Unies au Darfour (MINUAD), cr\u00e9\u00e9e le 31 juillet 2007 apr\u00e8s l\u2019adoption de la r\u00e9solution 1769\u00a0 du Conseil de s\u00e9curit\u00e9,\u00a0 a pour mandat de prot\u00e9ger les civils, assurer la s\u00e9curit\u00e9 de l\u2019aide humanitaire, de surveiller et de v\u00e9rifier l\u2019application des accords, de favoriser un processus politique ouvert, de contribuer \u00e0 la promotion des droits de l\u2019homme et de l\u2019\u00c9tat de droit et de surveiller la situation le long des fronti\u00e8res avec le Tchad et la R\u00e9publique centrafricaine (RCA) et en rendre compte. Mais depuis, la situation sur le terrain n\u2019a pas chang\u00e9, elle est all\u00e9e en s\u2019aggravant. En C\u00f4te d\u2019Ivoire, les casques bleus de l\u2019Op\u00e9ration des Nations Unies (ONUCI), que d\u2019assurer le maintien de la paix, ont plong\u00e9 le pays dans le d\u00e9sordre.<\/p>\n<p><a href=\"http:\/\/www.ingeta.com\/wp-content\/uploads\/2012\/11\/monusco.jpg\"><img loading=\"lazy\" decoding=\"async\" class=\"alignleft size-medium wp-image-4384\" title=\"monusco\" src=\"http:\/\/www.ingeta.com\/wp-content\/uploads\/2012\/11\/monusco-300x200.jpg\" alt=\"\" width=\"300\" height=\"200\" \/><\/a>Depuis 1999, les 17000 hommes de la Mission de l&#8217;Organisation des Nations Unies pour la stabilisation en R\u00e9publique d\u00e9mocratique du Congo (MONUSCO) sont incapables d\u2019assurer la s\u00e9curit\u00e9 des populations civiles dans les r\u00e9gions de l\u2019Est en proie \u00e0 l\u2019ins\u00e9curit\u00e9 entretenue par des groupes arm\u00e9s soutenus par les pays voisins. Actuellement, de violents affrontements opposent l\u2019arm\u00e9e congolaise aux \u00e9l\u00e9ments rwandais du M23.<\/p>\n<p><strong>Que fait la MONUSCO?<\/strong><\/p>\n<p>Elle observe. Pendant ce temps, des hommes, des femmes et des enfants sont massacr\u00e9s, des centaines de milliers d\u2019autres d\u00e9plac\u00e9s, et le pays est pill\u00e9. Les Congolais sont indign\u00e9s. \u00abEn tout cas, je ne sais pas ce que fait la MONUSCO\u00bb, soutient Nathalie interview\u00e9e par un m\u00e9dia \u00e9tranger. Ils sont venus au Congo pendant la guerre pour prot\u00e9ger les Congolais, surtout ceux de l\u2019Est. Malgr\u00e9 leur pr\u00e9sence sur place, il y a toujours la guerre.<\/p>\n<p>Le viol continue, les tueries et les d\u00e9placements des populations\u00bb, d\u00e9plore-t-elle. Son jugement est sans appel: \u00abIls ne font rien pour prot\u00e9ger la population. Je crois qu\u2019ils sont l\u00e0 pour faire autre chose que la population ignore.\u00bb<\/p>\n<p><strong>Mais \u00e0 quoi servent les casques bleus de l\u2019ONU? En r\u00e9alit\u00e9, pas grand-chose si ce n\u2019est d\u00e9fendre les int\u00e9r\u00eats de certaines puissances.<\/strong><\/p>\n<p><strong><\/strong>Si la MONUSCO n\u2019est pas plus efficace que ne l\u2019ont \u00e9t\u00e9 la MINUAR au Rwanda en 1994, la FINUL au Liban en 1978 ou encore l\u2019ONUCI en C\u00f4te d\u2019Ivoire&#8230; c\u2019est simplement parce qu\u2019on ne veut pas qu\u2019elle le soit. Nous assistons \u00e0 ce que le g\u00e9n\u00e9ral Bricmont a appel\u00e9 la \u00ab strat\u00e9gie de l\u2019ange bleu \u00bb, c\u2019est-\u00e0-dire une strat\u00e9gie de d\u00e9stabilisation globale qui consiste \u00e0 faire semblant de s\u2019occuper d\u2019un probl\u00e8me alors qu\u2019en r\u00e9alit\u00e9 on ne n\u2019en occupe pas. Peut-\u00eatre faudrait-il \u00e9galement s\u2019int\u00e9resser aux motivations de ces \u00ab soldats de la paix \u00bb, et donc \u00e0 l\u2019origine m\u00eame du concept (casque bleu), alors que les casques bleus sont per\u00e7us par l\u2019opinion publique comme une n\u00e9cessit\u00e9 pour mettre fin aux conflits dans le monde.<\/p>\n<p>En 1956, lorsque le premier ministre canadien, Lester B. Person, alors pr\u00e9sident de l\u2019Assembl\u00e9e g\u00e9n\u00e9rale des Nations unies, d\u00e9pose une r\u00e9solution pour la cr\u00e9ation d\u2019une<a href=\"http:\/\/www.ingeta.com\/wp-content\/uploads\/2012\/11\/monusco3.jpg\"><img loading=\"lazy\" decoding=\"async\" class=\"alignright size-full wp-image-4385\" title=\"monusco3\" src=\"http:\/\/www.ingeta.com\/wp-content\/uploads\/2012\/11\/monusco3.jpg\" alt=\"\" width=\"300\" height=\"180\" \/><\/a> force internationale d\u2019intervention d\u2019urgence \u2500 pr\u00e9curseur du concept des B\u00e9rets bleus et des Casques bleus, faisant ainsi de M. Pearson le p\u00e8re du concept international du maintien de la paix; le prix Nobel de la paix qu\u2019il a re\u00e7u pour l\u2019initiative en t\u00e9moigne incontestablement \u2500 en vue de r\u00e9gler la crise de Suez, l\u2019objectif vis\u00e9, mais non avou\u00e9, est de confier \u00e0 des organisations comme l\u2019ONU et le Commonwealth, le soin de d\u00e9fendre les int\u00e9r\u00eats de l\u2019Occident, pour ne pas frustrer l\u2019URSS et certains \u00c9tats du Sud\u2500 Guerre froide oblige. Plus concr\u00e8tement, le Canada s\u2019effor\u00e7ait de maintenir l\u2019unit\u00e9 et la coh\u00e9sion d\u2019organisations internationales essentielles aux int\u00e9r\u00eats de l\u2019Occident, en particulier l\u2019OTAN.<\/p>\n<p>Par l\u2019interm\u00e9diaire des casques bleus de l\u2019ONU, les puissances occidentales \u00e9taient assur\u00e9es d\u2019agir sans soulever la m\u00e9fiance des Sovi\u00e9tiques et autres \u00c9tats du Sud. C\u2019est ce qui explique, en grande partie, l\u2019incroyable attitude des casques bleus au pays de Lumumba. Pour ainsi dire, la MONUSCO ne fait que renforcer le souci d\u2019h\u00e9g\u00e9monie des puissances qui profitent du chaos g\u00e9n\u00e9r\u00e9 pour continuer \u00e0 piller en toute qui\u00e9tude les richesses de la RDC. Les casques bleus n&#8217;emp\u00eachent pas les massacres; ils comptabilisent seulement les morts et font rapport. \u00ab Ils sont des mercenaires de la paix, note un diplomate. Mais ils restent avant tout des mercenaires. On ne peut donc pas leur demander d&#8217;aller se faire tuer comme des soldats d\u00e9fendant leur terre ou leur pays.\u00bb Chose certaine : l\u2019\u00e9vocation constante de cette forme mythique et id\u00e9alis\u00e9e de \u00ab maintien de la paix \u00bb ne sert en fait qu\u2019\u00e0 obscurcir le v\u00e9ritable r\u00f4le des missions dites de \u00ab maintien de la paix \u00bb dans les zones d\u2019importance strat\u00e9gique; lesquelles missions sont utilis\u00e9es encore aujourd\u2019hui en RD Congo \u2500 MONUSCO \u2500 par les m\u00eames puissances du Nord pour atteindre des objectifs inavou\u00e9s dans la r\u00e9gion des Grands Lacs africains.\t\t<\/p>\n","protected":false},"excerpt":{"rendered":"<p>Par Patrick Mbeko Le 14 juillet 1960, le Conseil de S\u00e9curit\u00e9 vote une r\u00e9solution conforme aux v\u0153ux du gouvernement congolais, qui demande \u00e0 la Belgique de retirer ses troupes du territoire de la R\u00e9publique du Congo et autorise le secr\u00e9taire g\u00e9n\u00e9ral de l\u2019ONU, Dag Hammarskj\u00f6ld, \u00e0 fournir une assistance technique militaire au gouvernement congolais jusqu\u2019\u00e0 [&hellip;]<\/p>\n","protected":false},"author":1,"featured_media":4388,"comment_status":"open","ping_status":"open","sticky":false,"template":"","format":"standard","meta":{"_acf_changed":false,"content-type":"","footnotes":""},"categories":[107,162],"tags":[],"class_list":["post-4381","post","type-post","status-publish","format-standard","has-post-thumbnail","hentry","category-analyses-commentaires","category-rd-congo"],"acf":[],"_links":{"self":[{"href":"https:\/\/congolobilelo.com\/IN\/wp-json\/wp\/v2\/posts\/4381","targetHints":{"allow":["GET"]}}],"collection":[{"href":"https:\/\/congolobilelo.com\/IN\/wp-json\/wp\/v2\/posts"}],"about":[{"href":"https:\/\/congolobilelo.com\/IN\/wp-json\/wp\/v2\/types\/post"}],"author":[{"embeddable":true,"href":"https:\/\/congolobilelo.com\/IN\/wp-json\/wp\/v2\/users\/1"}],"replies":[{"embeddable":true,"href":"https:\/\/congolobilelo.com\/IN\/wp-json\/wp\/v2\/comments?post=4381"}],"version-history":[{"count":0,"href":"https:\/\/congolobilelo.com\/IN\/wp-json\/wp\/v2\/posts\/4381\/revisions"}],"wp:featuredmedia":[{"embeddable":true,"href":"https:\/\/congolobilelo.com\/IN\/wp-json\/"}],"wp:attachment":[{"href":"https:\/\/congolobilelo.com\/IN\/wp-json\/wp\/v2\/media?parent=4381"}],"wp:term":[{"taxonomy":"category","embeddable":true,"href":"https:\/\/congolobilelo.com\/IN\/wp-json\/wp\/v2\/categories?post=4381"},{"taxonomy":"post_tag","embeddable":true,"href":"https:\/\/congolobilelo.com\/IN\/wp-json\/wp\/v2\/tags?post=4381"}],"curies":[{"name":"wp","href":"https:\/\/api.w.org\/{rel}","templated":true}]}}