{"id":4338,"date":"2012-11-13T18:04:28","date_gmt":"2012-11-13T18:04:28","guid":{"rendered":"http:\/\/www.ingeta.com\/?p=4338"},"modified":"2012-11-13T18:04:28","modified_gmt":"2012-11-13T18:04:28","slug":"bruxelles-conference-avec-charles-onana","status":"publish","type":"post","link":"https:\/\/congolobilelo.com\/IN\/bruxelles-conference-avec-charles-onana\/","title":{"rendered":"Bruxelles : Conf\u00e9rence avec Charles Onana, le 29 novembre 2012"},"content":{"rendered":"<p>\t\t\t\t<strong>INVITATION : CONFERENCE-DEBAT<\/strong><\/p>\n<div>Dans le cadre de la pr\u00e9sentation du livre \u00ab<em>Europe, Crimes et Censure au Congo<\/em>\u00bb de <strong>Charles ONANA<\/strong>, la diaspora congolaise vous convie \u00e0 la conf\u00e9rence-d\u00e9bat anim\u00e9e par celui-ci sur le r\u00f4le de l&#8217;Union Europ\u00e9enne dans la crise des Grands Lacs.<strong>Orateur principal :<\/strong>Charles ONANA<\/p>\n<div><strong>Quand :<\/strong>Jeudi 29 novembre 2012 \u00e0 18h30<strong>O\u00f9 :<\/strong>Auditorium Alfred Cahen, 1 rue de Defacqz \u2013 1000 Bruxelles<strong>Info et contact :<\/strong> Tel.: 0032.486.36.24.27 ou par mail congolobbying@yahoo.fr<\/div>\n<div><a href=\"http:\/\/www.ingeta.com\/wp-content\/uploads\/2012\/11\/Conf-Onana.jpg\"><img loading=\"lazy\" decoding=\"async\" class=\"alignnone size-full wp-image-4352\" title=\"Conf Onana\" src=\"http:\/\/www.ingeta.com\/wp-content\/uploads\/2012\/11\/Conf-Onana.jpg\" alt=\"\" width=\"620\" height=\"850\" \/><\/a><\/div>\n<\/div>\n","protected":false},"excerpt":{"rendered":"<p>INVITATION : CONFERENCE-DEBAT Dans le cadre de la pr\u00e9sentation du livre \u00abEurope, Crimes et Censure au Congo\u00bb de Charles ONANA, la diaspora congolaise vous convie \u00e0 la conf\u00e9rence-d\u00e9bat anim\u00e9e par celui-ci sur le r\u00f4le de l&#8217;Union Europ\u00e9enne dans la crise des Grands Lacs.Orateur principal :Charles ONANA Quand :Jeudi 29 novembre 2012 \u00e0 18h30O\u00f9 :Auditorium Alfred [&hellip;]<\/p>\n","protected":false},"author":1,"featured_media":4339,"comment_status":"open","ping_status":"open","sticky":false,"template":"","format":"standard","meta":{"_acf_changed":false,"content-type":"","footnotes":""},"categories":[167,122,127],"tags":[],"class_list":["post-4338","post","type-post","status-publish","format-standard","has-post-thumbnail","hentry","category-belgique","category-news-alertes","category-rencontresdebats"],"acf":[],"_links":{"self":[{"href":"https:\/\/congolobilelo.com\/IN\/wp-json\/wp\/v2\/posts\/4338","targetHints":{"allow":["GET"]}}],"collection":[{"href":"https:\/\/congolobilelo.com\/IN\/wp-json\/wp\/v2\/posts"}],"about":[{"href":"https:\/\/congolobilelo.com\/IN\/wp-json\/wp\/v2\/types\/post"}],"author":[{"embeddable":true,"href":"https:\/\/congolobilelo.com\/IN\/wp-json\/wp\/v2\/users\/1"}],"replies":[{"embeddable":true,"href":"https:\/\/congolobilelo.com\/IN\/wp-json\/wp\/v2\/comments?post=4338"}],"version-history":[{"count":0,"href":"https:\/\/congolobilelo.com\/IN\/wp-json\/wp\/v2\/posts\/4338\/revisions"}],"wp:featuredmedia":[{"embeddable":true,"href":"https:\/\/congolobilelo.com\/IN\/wp-json\/"}],"wp:attachment":[{"href":"https:\/\/congolobilelo.com\/IN\/wp-json\/wp\/v2\/media?parent=4338"}],"wp:term":[{"taxonomy":"category","embeddable":true,"href":"https:\/\/congolobilelo.com\/IN\/wp-json\/wp\/v2\/categories?post=4338"},{"taxonomy":"post_tag","embeddable":true,"href":"https:\/\/congolobilelo.com\/IN\/wp-json\/wp\/v2\/tags?post=4338"}],"curies":[{"name":"wp","href":"https:\/\/api.w.org\/{rel}","templated":true}]}}