{"id":4312,"date":"2012-11-03T00:57:33","date_gmt":"2012-11-03T00:57:33","guid":{"rendered":"http:\/\/www.ingeta.com\/?p=4312"},"modified":"2012-11-03T00:57:33","modified_gmt":"2012-11-03T00:57:33","slug":"canada-la-cour-supreme-refuse-dentendre-les-victimes-du-massacre-de-kilwa","status":"publish","type":"post","link":"https:\/\/congolobilelo.com\/IN\/canada-la-cour-supreme-refuse-dentendre-les-victimes-du-massacre-de-kilwa\/","title":{"rendered":"Canada : La Cour supr\u00eame refuse d&#8217;entendre les victimes de Kilwa"},"content":{"rendered":"<p>\t\t\t\t<em>Source : LaPresse.ca &#8211; Isabelle Hachey<\/em><\/p>\n<p>Le dernier espoir des victimes d&#8217;un massacre perp\u00e9tr\u00e9 aux confins de la R\u00e9publique d\u00e9mocratique du Congo (RDC) s&#8217;est envol\u00e9 ce matin, quand la Cour supr\u00eame du Canada a refus\u00e9 d&#8217;entendre leur cause.<\/p>\n<p>Les proches des victimes accusaient <strong>Anvil Mining<\/strong>, une soci\u00e9t\u00e9 mini\u00e8re autrefois bas\u00e9e \u00e0 Montr\u00e9al, de s&#8217;\u00eatre rendue complice de crimes de guerre. L&#8217;entreprise avait fourni une aide logistique aux soldats congolais qui ont durement r\u00e9prim\u00e9 une r\u00e9volte dans la petite ville de <strong>Kilwa<\/strong>, en octobre 2004. Le massacre avait fait plus de 70 morts.<\/p>\n<p>Depuis, les habitants de Kilwa se battent pour obtenir justice. La d\u00e9cision de la Cour supr\u00eame vient mettre un terme \u00e0 leur lutte.<\/p>\n<p>\u00abC&#8217;\u00e9tait leur dernier espoir. C&#8217;est une extr\u00eame d\u00e9ception pour eux, et les entreprises mini\u00e8res doivent \u00eatre assez r\u00e9confort\u00e9es\u00bb, souligne leur avocat qu\u00e9b\u00e9cois, Philippe Trudel.<\/p>\n<p>Huit ans de lutte pour la justice&#8230;<strong> lire la suite <a href=\"http:\/\/www.lapresse.ca\/actualites\/quebec-canada\/justice-et-faits-divers\/201211\/01\/01-4589350-la-cour-supreme-refuse-dentendre-les-victimes-dun-massacre-en-rdc.php\">ICI<\/a><br \/>\n<\/strong>\t\t<\/p>\n","protected":false},"excerpt":{"rendered":"<p>Source : LaPresse.ca &#8211; Isabelle Hachey Le dernier espoir des victimes d&#8217;un massacre perp\u00e9tr\u00e9 aux confins de la R\u00e9publique d\u00e9mocratique du Congo (RDC) s&#8217;est envol\u00e9 ce matin, quand la Cour supr\u00eame du Canada a refus\u00e9 d&#8217;entendre leur cause. Les proches des victimes accusaient Anvil Mining, une soci\u00e9t\u00e9 mini\u00e8re autrefois bas\u00e9e \u00e0 Montr\u00e9al, de s&#8217;\u00eatre rendue [&hellip;]<\/p>\n","protected":false},"author":1,"featured_media":4313,"comment_status":"open","ping_status":"open","sticky":false,"template":"","format":"standard","meta":{"_acf_changed":false,"content-type":"","footnotes":""},"categories":[141,142,112,122,162],"tags":[],"class_list":["post-4312","post","type-post","status-publish","format-standard","has-post-thumbnail","hentry","category-canada","category-ce-que-disent-les-medias","category-la-crise-en-rdc","category-news-alertes","category-rd-congo"],"acf":[],"_links":{"self":[{"href":"https:\/\/congolobilelo.com\/IN\/wp-json\/wp\/v2\/posts\/4312","targetHints":{"allow":["GET"]}}],"collection":[{"href":"https:\/\/congolobilelo.com\/IN\/wp-json\/wp\/v2\/posts"}],"about":[{"href":"https:\/\/congolobilelo.com\/IN\/wp-json\/wp\/v2\/types\/post"}],"author":[{"embeddable":true,"href":"https:\/\/congolobilelo.com\/IN\/wp-json\/wp\/v2\/users\/1"}],"replies":[{"embeddable":true,"href":"https:\/\/congolobilelo.com\/IN\/wp-json\/wp\/v2\/comments?post=4312"}],"version-history":[{"count":0,"href":"https:\/\/congolobilelo.com\/IN\/wp-json\/wp\/v2\/posts\/4312\/revisions"}],"wp:featuredmedia":[{"embeddable":true,"href":"https:\/\/congolobilelo.com\/IN\/wp-json\/"}],"wp:attachment":[{"href":"https:\/\/congolobilelo.com\/IN\/wp-json\/wp\/v2\/media?parent=4312"}],"wp:term":[{"taxonomy":"category","embeddable":true,"href":"https:\/\/congolobilelo.com\/IN\/wp-json\/wp\/v2\/categories?post=4312"},{"taxonomy":"post_tag","embeddable":true,"href":"https:\/\/congolobilelo.com\/IN\/wp-json\/wp\/v2\/tags?post=4312"}],"curies":[{"name":"wp","href":"https:\/\/api.w.org\/{rel}","templated":true}]}}