{"id":4296,"date":"2012-11-01T12:15:01","date_gmt":"2012-11-01T12:15:01","guid":{"rendered":"http:\/\/www.ingeta.com\/?p=4296"},"modified":"2012-11-01T12:15:01","modified_gmt":"2012-11-01T12:15:01","slug":"dr-mukwege-il-faut-une-securite-pour-toute-la-population-de-rdc","status":"publish","type":"post","link":"https:\/\/congolobilelo.com\/IN\/dr-mukwege-il-faut-une-securite-pour-toute-la-population-de-rdc\/","title":{"rendered":"Dr Mukwege: &#8220;Il faut une s\u00e9curit\u00e9 pour toute la population de RDC&#8221;"},"content":{"rendered":"<p>\t\t\t\t<em>Source: <a href=\"http:\/\/www.rfi.fr\/afrique\/20121101-docteur-denis-mukwege-RDC-viols-Bukavu-massacres-tuerie-femmes\">RFI<\/a>. Par Guillaume Thibault.<\/em><\/p>\n<p><em><strong>Prim\u00e9 pour son action en faveur des femmes viol\u00e9es en RDC, Denis Mukwege, gyn\u00e9cologue obst\u00e9tricien, et dirigeant l\u2019h\u00f4pital Panzi, \u00e0 Bukavu, dans l\u2019est de la RDC, \u00e0 \u00e9t\u00e9 contraint, suite \u00e0 une tentative d\u2019assassinat, de se r\u00e9fugier \u00e0 l\u2019\u00e9tranger. Au micro de RFI, il revient sur les circonstances de cette tentative, et rappelle la n\u00e9cessit\u00e9 de venir en aide \u00e0 la population, premi\u00e8re victime de ces massacres.<\/strong><\/em><\/p>\n<p><img loading=\"lazy\" decoding=\"async\" class=\"alignnone size-full wp-image-4297\" title=\"Dr Mukwege-Panzi2\" src=\"http:\/\/www.ingeta.com\/wp-content\/uploads\/2012\/11\/Dr-Mukwege-Panzi2.jpg\" alt=\"\" width=\"500\" height=\"333\" \/><\/p>\n<p><strong>Denis Mukwege, vous \u00eates, pour le moment, docteur r\u00e9fugi\u00e9 \u00e0 l\u2019\u00e9tranger. Comment allez-vous ?<\/strong><br \/>\nJe me porte bien. Cela prend du temps, mais je me porte bien. Je crois que c\u2019\u00e9tait tr\u00e8s dur. Mais je suis avec mon \u00e9pouse et mes enfants, je sens que je me r\u00e9tablis progressivement.<\/p>\n<p><strong>Quel souvenir avez-vous de cette tentative d\u2019assassinat \u2013 on peut le dire \u2013 \u00e0 Bukavu ?<\/strong><br \/>\nC\u2019\u00e9tait un moment tr\u00e8s, tr\u00e8s difficile. Cela s\u2019est pass\u00e9 tr\u00e8s rapidement, en trois phases. La premi\u00e8re phase c\u2019est que les agresseurs ont ma\u00eetris\u00e9 d\u2019abord toutes les personnes qui \u00e9taient \u00e0 l\u2019ext\u00e9rieur de la maison. Et dans la maison, donc, ils sont entr\u00e9s. Ils ont ma\u00eetris\u00e9 les enfants. Ils m\u2019attendaient \u00e0 l\u2019entr\u00e9e, et quand j\u2019avais klaxonn\u00e9, c\u2019est eux qui ont ouvert la porte et m\u2019ont cueilli rapidement.<\/p>\n<p>La deuxi\u00e8me phase, c\u2019\u00e9tait de pouvoir partir apr\u00e8s nous avoir forc\u00e9s. Ils ont r\u00e9cup\u00e9r\u00e9 les cl\u00e9s de ma voiture. C\u2019est \u00e0 ce moment-l\u00e0 qu\u2019ils ont commis l\u2019irr\u00e9parable. D\u2019abord en me braquant, et puis apr\u00e8s, quand mon gardien avait cri\u00e9, ils se sont retourn\u00e9s. En fait, ils l\u2019ont achev\u00e9 \u00e0 bout portant. Je suis tomb\u00e9 par terre. La suite \u00e9tait tr\u00e8s rapide. Ils ont pu s\u2019\u00e9chapper avec le v\u00e9hicule.<\/p>\n<p><strong>Et justement, \u00e0 ce moment-l\u00e0, docteur, vous vous cachez ?<\/strong><br \/>\nL\u00e0 vraiment, ils ont tir\u00e9. On a trouv\u00e9 six douilles. Mais moi, j\u2019avais l\u2019impression qu\u2019il y avait des coups, qu\u2019ils avaient tir\u00e9s vers la sentinelle. La suite, je ne peux pas vous dire. J\u2019\u00e9tais hors de moi-m\u00eame.<\/p>\n<p><strong>Est-ce que vous avez souvenir de la tenue que portaient vous agresseurs ?<\/strong><br \/>\nIls \u00e9taient en tenue civile. Mais je pense que leur op\u00e9ration a \u00e9t\u00e9 faite avec professionnalisme et rapidit\u00e9. Ce sont des tueurs professionnels.<\/p>\n<p><strong>Est-ce que des gens vous en voulaient ou est-ce que vous vous sentiez menac\u00e9 ?<\/strong><br \/>\nJe n\u2019ai pas vraiment de probl\u00e8mes avec les gens. Je n\u2019avais pas un syst\u00e8me de protection sp\u00e9cial. Je n\u2019ai de probl\u00e8mes avec personne.<\/p>\n<p><strong>Vous demandez que toute la lumi\u00e8re soit faite sur cette agression, qu\u2019une enqu\u00eate soit men\u00e9e ?<\/strong><br \/>\nEn ce moment, je pense beaucoup. Si moi, j\u2019ai \u00e9t\u00e9 agress\u00e9 en pleine ville, dans un quartier s\u00e9curis\u00e9, je crois que ma pens\u00e9e va beaucoup plus \u00e0 toutes les femmes qui sont \u00e0 l\u2019int\u00e9rieur et qui subissent ce que j\u2019ai subi, tous les jours. Donc finalement, j\u2019ai pu r\u00e9aliser que leur situation est tr\u00e8s difficile. Et m\u00eame plus difficile que je ne le pensais, puisque si cela se passe comme \u00e7a, en pleine ville, \u00e0 dix-neuf heures, je peux imaginer que toutes les personnes qui sont sans d\u00e9fense et sans protection sont, en fait, \u00e0 la merci de toutes les bandes arm\u00e9es.<\/p>\n<p>Et je crois que \u00e7a devient p\u00e9rilleux. On ne peut pas continuer \u00e0 assister impuissant aux massacres, aux tueries des innocents. Ma s\u00e9curit\u00e9, c\u2019est une bonne chose. Mais je crois qu\u2019il faut une s\u00e9curit\u00e9 pour toute la population. Elle a droit \u00e0 cette s\u00e9curit\u00e9. Les responsables doivent prendre les responsabilit\u00e9s avec le s\u00e9rieux qu\u2019il faut.<\/p>\n<p><strong>Justement, docteur, mercredi 31 octobre \u00e9tait organis\u00e9 \u00e0 Bukavu, chez vous, \u00ab une ville morte \u00bb, pour d\u00e9noncer cette ins\u00e9curit\u00e9, ces violences. Je suppose que d\u2019o\u00f9 vous \u00eates, vous y avez pens\u00e9.<\/strong><br \/>\nJe crois que \u00ab leur expression \u00bb doit \u00eatre \u00e9cout\u00e9e par les autorit\u00e9s nationales, par la communaut\u00e9 internationale. C\u2019est impensable que pendant seize ans, un peuple soit meurtri de cette fa\u00e7on, au vu et au su de tout le monde, dans un silence complet.<\/p>\n<p><strong>Vous avez aussi, je suppose, un message \u00e0 adresser \u00e0 tout le personnel de l\u2019h\u00f4pital de Panzi, o\u00f9 vous travaillez, votre h\u00f4pital ?<\/strong><br \/>\nC\u2019est un personnel qui se donne corps et \u00e2me, qui fait son travail avec amour. Et je pense que le message que je donne \u00e0 tout le personnel de l\u2019h\u00f4pital de Panzi, est de continuer \u00e0 r\u00e9pondre \u00e0 la haine par l\u2019amour. Je crois que c\u2019est seulement l\u2019amour qui peut vaincre la haine. Et donc, tous ceux qui commettent des actes barbares sur les malades que nous soignons, commencent \u00e0 le faire sur eux-m\u00eames. Je crois qu\u2019il ne faut pas l\u00e2cher. Il ne faut pas propager le message de haine. Il faut plut\u00f4t continuer \u00e0 aimer. C\u2019est seulement l\u2019amour qui peut nous affranchir du combat que nous menons contre la violence, contre la haine.<\/p>\n<p><strong>Et justement, dans ce cadre-l\u00e0, vous esp\u00e9rez retourner \u00e0 vos activit\u00e9s \u00e0 Bukavu le plus vite possible ?<\/strong><br \/>\nEn partant d\u00e9j\u00e0, j\u2019avais des malades qui sont venus chez moi. Et c\u2019est tr\u00e8s p\u00e9nible de les avoir abandonn\u00e9s. Quand je les ai vus en train de pleurer, j\u2019ai pleur\u00e9 avec eux. Et je dois dire que je suis avec eux. J\u2019ai besoin de ce repli, mais je suis tout \u00e0 fait avec eux. D\u00e8s que possible, je serai avec eux.\t\t<\/p>\n","protected":false},"excerpt":{"rendered":"<p>Source: RFI. Par Guillaume Thibault. Prim\u00e9 pour son action en faveur des femmes viol\u00e9es en RDC, Denis Mukwege, gyn\u00e9cologue obst\u00e9tricien, et dirigeant l\u2019h\u00f4pital Panzi, \u00e0 Bukavu, dans l\u2019est de la RDC, \u00e0 \u00e9t\u00e9 contraint, suite \u00e0 une tentative d\u2019assassinat, de se r\u00e9fugier \u00e0 l\u2019\u00e9tranger. Au micro de RFI, il revient sur les circonstances de cette [&hellip;]<\/p>\n","protected":false},"author":1,"featured_media":4297,"comment_status":"open","ping_status":"open","sticky":false,"template":"","format":"standard","meta":{"_acf_changed":false,"content-type":"","footnotes":""},"categories":[122,124],"tags":[],"class_list":["post-4296","post","type-post","status-publish","format-standard","has-post-thumbnail","hentry","category-news-alertes","category-politique-societe"],"acf":[],"_links":{"self":[{"href":"https:\/\/congolobilelo.com\/IN\/wp-json\/wp\/v2\/posts\/4296","targetHints":{"allow":["GET"]}}],"collection":[{"href":"https:\/\/congolobilelo.com\/IN\/wp-json\/wp\/v2\/posts"}],"about":[{"href":"https:\/\/congolobilelo.com\/IN\/wp-json\/wp\/v2\/types\/post"}],"author":[{"embeddable":true,"href":"https:\/\/congolobilelo.com\/IN\/wp-json\/wp\/v2\/users\/1"}],"replies":[{"embeddable":true,"href":"https:\/\/congolobilelo.com\/IN\/wp-json\/wp\/v2\/comments?post=4296"}],"version-history":[{"count":0,"href":"https:\/\/congolobilelo.com\/IN\/wp-json\/wp\/v2\/posts\/4296\/revisions"}],"wp:featuredmedia":[{"embeddable":true,"href":"https:\/\/congolobilelo.com\/IN\/wp-json\/"}],"wp:attachment":[{"href":"https:\/\/congolobilelo.com\/IN\/wp-json\/wp\/v2\/media?parent=4296"}],"wp:term":[{"taxonomy":"category","embeddable":true,"href":"https:\/\/congolobilelo.com\/IN\/wp-json\/wp\/v2\/categories?post=4296"},{"taxonomy":"post_tag","embeddable":true,"href":"https:\/\/congolobilelo.com\/IN\/wp-json\/wp\/v2\/tags?post=4296"}],"curies":[{"name":"wp","href":"https:\/\/api.w.org\/{rel}","templated":true}]}}