{"id":4288,"date":"2012-10-30T19:25:20","date_gmt":"2012-10-30T19:25:20","guid":{"rendered":"http:\/\/www.ingeta.com\/?p=4288"},"modified":"2012-10-30T19:25:20","modified_gmt":"2012-10-30T19:25:20","slug":"charles-onana-la-tragedie-congolaise-une-politique-deliberee-de-predation","status":"publish","type":"post","link":"https:\/\/congolobilelo.com\/IN\/charles-onana-la-tragedie-congolaise-une-politique-deliberee-de-predation\/","title":{"rendered":"Charles Onana: &#8220;La RDC? Une politique d\u00e9lib\u00e9r\u00e9e de pr\u00e9dation&#8221;"},"content":{"rendered":"<p>\t\t\t\t<em>Source: <a href=\"http:\/\/www.lepotentielonline.com\/1726-charles-onana-la-tragedie-que-vit-le-peuple-congolais-a-l-est-est-le-fait-d-une-politique-deliberee-de-predation\">Le Potentiel<\/a>.\u00a0Propos recueillis par Robert Kongo.<\/em><\/p>\n<p><strong><em>Auteur de \u00ab Ces tueurs Tutsi. Au c\u0153ur de la trag\u00e9die congolaise \u00bb, Charles Onana, journaliste d\u2019enqu\u00eate et essayiste fran\u00e7ais, publie aux \u00e9ditions Duboiris un nouveau livre sur la RD Congo intitul\u00e9 \u00ab Europe, crimes et censure au Congo. Les documents qui accusent \u00bb. Ce sp\u00e9cialiste des Grands Lacs a accept\u00e9 de r\u00e9pondre aux questions de notre correspondant en France, Robert Kongo, sur la guerre de l\u2019Est du pays.<\/em><\/strong><\/p>\n<p><strong>\u00ab Europe, crimes, et censure au Congo. Les documents qui accusent \u00bb est le titre de votre prochain livre sur la RD Congo. De quoi s\u2019agit-il ?<\/strong><br \/>\nIl s&#8217;agit d&#8217;une enqu\u00eate sur le r\u00f4le et l&#8217;action de l&#8217;Union europ\u00e9enne dans les Grands Lacs depuis dix ans, plus pr\u00e9cis\u00e9ment depuis l&#8217;assassinat de Laurent-D\u00e9sir\u00e9 Kabila.<\/p>\n<p><strong>Qu\u2019est-ce qui vous a pouss\u00e9 \u00e0 l\u2019\u00e9crire ?<\/strong><br \/>\nJ&#8217;ai simplement constat\u00e9 qu&#8217;il est difficile de parler des victimes congolaises et du pillage de la RDC en Europe malgr\u00e9 les multiples rapports de l&#8217;ONU sur ces sujets. Les m\u00e9dias et m\u00eame les hauts responsables politiques europ\u00e9ens traitent la RDC simplement \u00e0 travers le prisme des FDLR, des Ma\u00ef-Ma\u00ef et en ignorant\u00a0\u00a0 les v\u00e9ritables forces d&#8217;occupation. Parler par exemple, en d\u00e9tail, du r\u00f4le du Rwanda et de son action en RDC est manifestement tabou dans les institutions europ\u00e9ennes, y compris pour les organisations charg\u00e9es des droits humains.<br \/>\nJ&#8217;ai pens\u00e9 qu&#8217;il y avait l\u00e0 une forme de censure qui ne se justifiait pas. Surtout que l&#8217;argent d\u00e9pens\u00e9 par l&#8217;Union europ\u00e9enne pour l&#8217;appui \u00e0 la \u00ab d\u00e9mocratie et les droits de l&#8217;Homme \u00bb dans les Grands Lacs depuis 2002 m\u00e9rite un questionnement. Il faut donc briser cette loi du silence et c&#8217;est dans les archives de l&#8217;Union europ\u00e9enne, notamment celles de la Commission et du Conseil que je suis all\u00e9 chercher des explications.<\/p>\n<p><strong>A quand exactement sa parution ?<\/strong><br \/>\nTr\u00e8s prochainement !<\/p>\n<p><strong>Vous qui travaillez beaucoup sur la r\u00e9gion des Grands Lacs, quelle analyse faites-vous de la situation dans l\u2019Est de la RD Congo ?<\/strong><br \/>\nL&#8217;Est de la RDC est devenue une zone de non droit o\u00f9 seuls les \u00ab rebelles \u00bb et divers groupes arm\u00e9s font la loi. C&#8217;est aussi le point d&#8217;entr\u00e9e du d\u00e9membrement du Congo. Depuis l&#8217;assassinat de Mzee Kabila, personne ne veut admettre que la trag\u00e9die que vit le peuple congolais \u00e0 l&#8217;Est est le fait d&#8217;une politique d\u00e9lib\u00e9r\u00e9e de pr\u00e9dation et d&#8217;asservissement dans laquelle des grandes puissances, des multinationales et des groupes mafieux jouent un r\u00f4le majeur. Ce n&#8217;est d&#8217;ailleurs pas le fait du hasard si des efforts constants visent en priorit\u00e9 \u00e0 museler les journalistes, les organisations des droits humains et la Soci\u00e9t\u00e9 civile congolaise. Aucun gouvernement d&#8217;un \u00ab Etat civilis\u00e9 \u00bb ne peut accepter ce qui se passe \u00e0 l&#8217;Est. C&#8217;est ce que me confiait un diplomate europ\u00e9en choqu\u00e9 par le niveau de criminalit\u00e9 et d&#8217;atrocit\u00e9s impos\u00e9 \u00e0 cette r\u00e9gion. Il faut dire qu&#8217;il y a d&#8217;une part l&#8217;agressivit\u00e9 du Rwanda qui cherche \u00e0 contr\u00f4ler les richesses et la d\u00e9mographie de l&#8217;Est de la RDC et d&#8217;autre part le silence troublant des autorit\u00e9s congolaises devant le calvaire des populations de cette r\u00e9gion.<\/p>\n<p>Il semble bien qu&#8217;un consensus a \u00e9t\u00e9 organis\u00e9 pour ent\u00e9riner la violation de la souverainet\u00e9 du Congo et taire la terreur inflig\u00e9e \u00e0 ses populations. Ceci est tr\u00e8s inqui\u00e9tant pour l&#8217;avenir, car les Congolais ne pourront pas continuer \u00e0 supporter ind\u00e9finiment la fa\u00e7on dont ils sont trait\u00e9s et finiront par se r\u00e9volter contre l&#8217;injustice dont ils sont victimes. Un jour, il faudra bien les \u00e9couter. Je crains qu&#8217;il soit d\u00e9j\u00e0 tard.<\/p>\n<p><strong>Les experts de l\u2019ONU ont clairement d\u00e9sign\u00e9 le Rwanda comme le principal instigateur de la r\u00e9bellion dans l\u2019Est de la RD Congo et son soutien au M23 est av\u00e9r\u00e9. Et on peut citer \u00e9galement l\u2019Ouganda. D\u2019apr\u00e8s vous, pourquoi les Etats refusent-ils de condamner clairement ces principaux sponsors de l\u2019agression contre la RD Congo ?<\/strong><br \/>\nJ&#8217;apporte la r\u00e9ponse \u00e0 cette question dans le prochain livre. Il faut dire que ceux que vous appelez les \u00ab sponsors de l&#8217;agression du Congo \u00bb sont plut\u00f4t des serviteurs d&#8217;int\u00e9r\u00eats tr\u00e8s importants. L&#8217;impunit\u00e9 dont ils b\u00e9n\u00e9ficient depuis les \u00e9v\u00e9nements de 1994 au Rwanda finira par trouver un terme. Je pense que l&#8217;exasp\u00e9ration des Congolais est d\u00e9sormais plus forte que cette impunit\u00e9 et nul ne sait vraiment comment tout cela va se terminer.<\/p>\n<p><strong>Comment expliquez-vous la passivit\u00e9 de la communaut\u00e9 internationale sur ce dossier ? Ne se complait-elle pas dans cette situation ?<\/strong><br \/>\nPour l&#8217;instant, les grandes puissances et les acteurs qui tirent les ficelles dans cette r\u00e9gion en maintenant cette instabilit\u00e9 au Congo ont gagn\u00e9 beaucoup d&#8217;argent. Ils ne voient pas pourquoi il faudrait r\u00e9fl\u00e9chir \u00e0 sortir du statu quo puisqu&#8217;il est \u00ab rentable \u00bb depuis dix ans. Ils doivent cependant compter avec la volont\u00e9 de changement au Rwanda et au Congo. Apr\u00e8s avoir soutenu des \u00e9lections truqu\u00e9es dans les deux pays et encourag\u00e9 la censure et la criminalisation du pouvoir, trouver une autre \u00ab recette \u00bb ne sera pas chose facile. Pourtant, les Rwandais comme les Congolais n&#8217;ont jamais cess\u00e9 de proposer des solutions raisonnables pour un retour \u00e0 la paix, \u00e0 la stabilit\u00e9 et \u00e0 la prosp\u00e9rit\u00e9. Il faut croire que personne, pour l&#8217;instant, ne juge utile de les \u00e9couter.<\/p>\n<p><strong>Comprenez-vous que le chef du M23, Bosco Ntaganda, soit toujours libre \u00e0 ce jour, pourtant cet ex-g\u00e9n\u00e9ral des Forces arm\u00e9es de la R\u00e9publique d\u00e9mocratique du Congo (FARDC) est recherch\u00e9 par la Cour p\u00e9nal internationale (CPI) pour crimes de guerre ? <\/strong><br \/>\nLorsqu&#8217;il a \u00e9t\u00e9 int\u00e9gr\u00e9 dans les FARDC, il \u00e9tait d\u00e9j\u00e0 un criminel de guerre mais personne n&#8217;a estim\u00e9 n\u00e9cessaire de l&#8217;arr\u00eater ni de le faire juger. Il semble bien qu&#8217;il avait son r\u00f4le \u00e0 jouer dans le sch\u00e9ma d&#8217;affaiblissement et du pillage du Congo. L&#8217;Union europ\u00e9enne a financ\u00e9 cette int\u00e9gration et la constitution d&#8217;une arm\u00e9e de truands. Je doute que tous les services de renseignement des pays europ\u00e9ens qui suivaient les actions de Bosco Ntaganda ou de son chef Laurent Nkunda ignoraient qui ils \u00e9taient. Si la mobilisation pour son arrestation comme d&#8217;ailleurs celle du retrait\u00e9 Laurent Nkunda demeure sans effet, c&#8217;est qu&#8217;il y a bien d&#8217;autres raisons non avouables \u00e0 cette situation.<\/p>\n<p><strong>Pensez-vous que certaines autorit\u00e9s, politiques, civiles ou militaires, de la RD Congo soient de m\u00e8che avec celles du Rwanda dans ce dossier de la guerre \u00e0 l\u2019Est ?<\/strong><br \/>\nC&#8217;est plus que probable. J&#8217;en apporterai des preuves dans le prochain livre.<\/p>\n<p><strong>Le d\u00e9ploiement d\u2019une force internationale neutre dans l\u2019Est de la RD Congo vous inspire-t-il confiance ? <\/strong><br \/>\nAbsolument pas, tant que les autorit\u00e9s congolaises ne se montrent pas combatives face aux massacres des populations, au pillage du pays et \u00e0 l&#8217;ing\u00e9rence rwandaise ! Pourquoi voudrait-on la pr\u00e9sence d&#8217;une force internationale neutre \u00e0 l&#8217;int\u00e9rieur d&#8217;un Etat souverain ? Est-ce \u00e0 dire qu&#8217;il y aurait un doute sur la violation de la souverainet\u00e9 de la RDC o\u00f9 qu&#8217;il n&#8217;y a pas assez de preuves sur l&#8217;occupation du Congo par les troupes \u00e9trang\u00e8res, en l&#8217;occurrence celles du Rwanda ?<\/p>\n<p><strong>Apr\u00e8s dix ans de pr\u00e9sence en RD Congo, la Mission de l\u2019Organisation des Nations unies pour la stabilisation en RD Congo (Monusco) n\u2019a\u00a0 atteint aucun r\u00e9sultat tangible. Selon vous, les 18 000 Casques bleus bas\u00e9s dans ce pays ont encore un r\u00f4le \u00e0 y jouer ?<\/strong><br \/>\nJe n&#8217;en sais rien mais je sais au moins que lorsque la Monuc avait identifi\u00e9 la pr\u00e9sence effective des troupes rwandaises, je parle de l&#8217;arm\u00e9e rwandaise, Kigali avait tanc\u00e9 la Monuc et menac\u00e9 les casques bleus de l&#8217;ONU. Personne n&#8217;a exig\u00e9 la pond\u00e9ration au r\u00e9gime monoethnique du Rwanda. Au contraire, ce sont les Casques bleus qui ont \u00e9t\u00e9 contraints au silence malgr\u00e9 les preuves qu&#8217;ils d\u00e9tenaient. Je crois qu&#8217;avant de reprendre une initiative concernant l&#8217;envoi\u00a0 de 18000 hommes, un bilan objectif de l&#8217;action de la Monusco et de la Monuc serait un pr\u00e9alable indispensable.<\/p>\n<p><strong>Comme bon nombre d\u2019observateurs, pensez-vous que la balkanisation de la RD Congo est en marche ?<\/strong><br \/>\nOui, elle a commenc\u00e9 apr\u00e8s l&#8217;assassinat de Laurent-D\u00e9sir\u00e9 Kabila. Les Congolais ont r\u00e9sist\u00e9 malgr\u00e9 leurs maigres moyens ; ils continuent de r\u00e9sister face \u00e0 des pr\u00e9dateurs relativement d\u00e9termin\u00e9s et tr\u00e8s fortement soutenus. Cependant, cette situation est r\u00e9versible, c&#8217;est-\u00e0-dire que les Congolais sont capables d&#8217;emp\u00eacher que ce processus de balkanisation aille jusqu&#8217;\u00e0 son terme.<\/p>\n<p><strong>Le probl\u00e8me de la RD Congo ne serait-il pas le manque d\u2019une arm\u00e9e forte et r\u00e9publicaine, une situation voulue et entretenue par les ennemis int\u00e9rieurs et ext\u00e9rieurs de ce pays tant convoit\u00e9 \u00e0 cause de ses richesses ?<\/strong><br \/>\nOui. Votre question est essentielle car jusqu&#8217;\u00e0 ce jour, malgr\u00e9 le financement colossal apport\u00e9 par l&#8217;Union Europ\u00e9enne \u00e0 la constitution d&#8217;une arm\u00e9e nationale \u00ab int\u00e9gr\u00e9e \u00bb, aucun r\u00e9sultat s\u00e9rieux n&#8217;a \u00e9t\u00e9 obtenu. Les autorit\u00e9s congolaises \u00e9prouvent-elles le besoin de se munir d&#8217;une arm\u00e9e forte et patriote ? Ont-elles la capacit\u00e9 et la volont\u00e9 de bouter les envahisseurs hors de leur territoire ? Je crois que chaque Congolais peut r\u00e9pondre \u00e0 ces questions en observant simplement les faits depuis 2001.<\/p>\n<p><strong>Selon vous, comment mettre un terme \u00e0 cette guerre ? Croyez-vous \u00e0 la paix dans la r\u00e9gion des Grands Lacs ?<\/strong><br \/>\nIl sera possible de mettre un terme \u00e0 cette guerre d\u00e8s lors o\u00f9 les Congolais vont eux-m\u00eames d\u00e9signer les coupables et envisager par tous les moyens de les mettre hors d&#8217;\u00e9tat de nuire. La seconde \u00e9tape est de convaincre ceux qui soutiennent les envahisseurs du Congo que la paix est indispensable pour la stabilit\u00e9 de la r\u00e9gion, qu&#8217;aucune d\u00e9mocratie ni aucun d\u00e9veloppement durable ne sont envisageables tant que l&#8217;obsession de la d\u00e9stabilisation du Congo perdure. Il faut aussi savoir que ceux qui font des affaires en p\u00e9riode de guerre et d&#8217;instabilit\u00e9 ne r\u00eavent que d&#8217;une perp\u00e9tuation du conflit en RDC. Il s&#8217;agit donc d&#8217;une bataille f\u00e9roce entre les partisans du respect du droit international et les tenants de la politique du chaos.<\/p>\n<p>&nbsp;\t\t<\/p>\n","protected":false},"excerpt":{"rendered":"<p>Source: Le Potentiel.\u00a0Propos recueillis par Robert Kongo. Auteur de \u00ab Ces tueurs Tutsi. Au c\u0153ur de la trag\u00e9die congolaise \u00bb, Charles Onana, journaliste d\u2019enqu\u00eate et essayiste fran\u00e7ais, publie aux \u00e9ditions Duboiris un nouveau livre sur la RD Congo intitul\u00e9 \u00ab Europe, crimes et censure au Congo. Les documents qui accusent \u00bb. Ce sp\u00e9cialiste des Grands [&hellip;]<\/p>\n","protected":false},"author":1,"featured_media":4289,"comment_status":"open","ping_status":"open","sticky":false,"template":"","format":"standard","meta":{"_acf_changed":false,"content-type":"","footnotes":""},"categories":[107,120,124],"tags":[],"class_list":["post-4288","post","type-post","status-publish","format-standard","has-post-thumbnail","hentry","category-analyses-commentaires","category-mondialisation","category-politique-societe"],"acf":[],"_links":{"self":[{"href":"https:\/\/congolobilelo.com\/IN\/wp-json\/wp\/v2\/posts\/4288","targetHints":{"allow":["GET"]}}],"collection":[{"href":"https:\/\/congolobilelo.com\/IN\/wp-json\/wp\/v2\/posts"}],"about":[{"href":"https:\/\/congolobilelo.com\/IN\/wp-json\/wp\/v2\/types\/post"}],"author":[{"embeddable":true,"href":"https:\/\/congolobilelo.com\/IN\/wp-json\/wp\/v2\/users\/1"}],"replies":[{"embeddable":true,"href":"https:\/\/congolobilelo.com\/IN\/wp-json\/wp\/v2\/comments?post=4288"}],"version-history":[{"count":0,"href":"https:\/\/congolobilelo.com\/IN\/wp-json\/wp\/v2\/posts\/4288\/revisions"}],"wp:featuredmedia":[{"embeddable":true,"href":"https:\/\/congolobilelo.com\/IN\/wp-json\/"}],"wp:attachment":[{"href":"https:\/\/congolobilelo.com\/IN\/wp-json\/wp\/v2\/media?parent=4288"}],"wp:term":[{"taxonomy":"category","embeddable":true,"href":"https:\/\/congolobilelo.com\/IN\/wp-json\/wp\/v2\/categories?post=4288"},{"taxonomy":"post_tag","embeddable":true,"href":"https:\/\/congolobilelo.com\/IN\/wp-json\/wp\/v2\/tags?post=4288"}],"curies":[{"name":"wp","href":"https:\/\/api.w.org\/{rel}","templated":true}]}}