{"id":4281,"date":"2012-10-29T16:56:39","date_gmt":"2012-10-29T16:56:39","guid":{"rendered":"http:\/\/www.ingeta.com\/?p=4281"},"modified":"2012-10-29T16:56:39","modified_gmt":"2012-10-29T16:56:39","slug":"les-medias-canadiens-se-reveillent","status":"publish","type":"post","link":"https:\/\/congolobilelo.com\/IN\/les-medias-canadiens-se-reveillent\/","title":{"rendered":"Congo :  Les m\u00e9dias canadiens se r\u00e9veillent ?"},"content":{"rendered":"<p>\t\t\t\tAu Qu\u00e9bec, sur internet ou des m\u00e9dias alternatifs, des militants des droits de l&#8217;homme comme\u00a0 <a href=\"http:\/\/www.pressegauche.org\/spip.php?page=imprimer&amp;id_article=11789\">Alain Deneault<\/a> ou <a href=\"http:\/\/quebec.huffingtonpost.ca\/ricardo-lamour\/guerre-congo_b_2020859.html#postComment\">Ricardo Lamour<\/a> s\u2019expriment souvent afin de briser le silence sur la situation au Congo. La presse g\u00e9n\u00e9raliste se faisant elle presque muette sur le sujet.<\/p>\n<p>Mais depuis quelques semaines, l&#8217;on constate une recrudescence de publications dans la presse g\u00e9n\u00e9raliste relatant, avec indignation, la trag\u00e9die du Congo. Des articles pr\u00e9cisant le r\u00f4le que jouent les compagnies mini\u00e8res canadiennes et le danger d&#8217;aborder le sujet\u00a0 (cf. poursuite de Barrick Gold contre Alain Deneault) ou en invitant des activistes congolais\u00a0 sans langue de bois comme <a href=\"http:\/\/www.radio-canada.ca\/nouvelles\/International\/2012\/10\/11\/010-marois-francophonie-sommet-kabila.shtml\"><em>Patrick Mbeko<\/em><\/a> (auteur du livre &#8220;Le Canada dans les guerres en Afrique centrale&#8221;) \u00e0 s\u2019exprimer sur des m\u00e9dias de masse comme <a href=\"http:\/\/www.radio-canada.ca\/nouvelles\/International\/2012\/10\/11\/010-marois-francophonie-sommet-kabila.shtml\">Radio Canada<\/a>.<\/p>\n<p>\u00c0 d\u00e9faut d&#8217;\u00eatre per\u00e7u comme&#8221;parano&#8221; nous sommes en droit de nous poser la question de cette &#8220;soudaine&#8221; volont\u00e9 d&#8217;information.<\/p>\n<p>Est-ce le travail de militants locaux ? La r\u00e9p\u00e9tition des conf\u00e9rences, marches, blocages de ponts, pi\u00e8ces de th\u00e9\u00e2tres ou autre actions de sensibilisation comme la campagne <a href=\"http:\/\/www.youtube.com\/watch?v=yIvxNAtdxck&amp;feature=autoplay&amp;list=PLCF8X5J3Sepv3OqlgsEZrhlkHkDtEKTod&amp;playnext=88\">\u00c7a m&#8217;concerne<\/a> qui portent leur fruits ? Est-ce l&#8217;actualit\u00e9 internationale (sommet de la francophonie \u00e0 Kinshasa) ?<\/p>\n<p>La question est lanc\u00e9e, mais\u00a0 il nous plait \u00e0 le croire que les efforts pour briser le silence, <strong>comme la 5\u00e8me \u00e9dition de <a href=\"http:\/\/www.slateafrique.com\/96453\/rdc-congo-week-diaspora-congolaise-paris-paix\">Congo week<\/a> \u00e0 travers le monde<\/strong>, portent leurs fruits. Quoi qu&#8217;il en soit, c&#8217;est aux activistes et personnes solidaires du peuple congolais de prendre la mesure de ce <em>momentum<\/em> et concr\u00e9tiser les efforts men\u00e9s jusqu&#8217;\u00e0 pr\u00e9sent.<\/p>\n<p>Courte revue de la presse Montr\u00e9alaise<\/p>\n<p><strong>&#8220;La Press.ca&#8221;<\/strong><br \/>\nUn grand reportage sign\u00e9 Agn\u00e8s Gruda, Isabelle Hach\u00e9, David Boily et Ivanoh Demers, intitul\u00e9 &#8220;<em><strong>Mines canadiennes \u00e0 l&#8217;\u00e9tranger: or, sang et feuille d&#8217;\u00e9rable<\/strong><\/em>&#8221; paru le 20 octobre 2012.<\/p>\n<p>&#8220;<em><strong>\u00c9victions forc\u00e9es en Papouasie-Nouvelle-Guin\u00e9e. Massacre en R\u00e9publique d\u00e9mocratique du Congo. Viols collectifs au Guatemala. Partout sur la plan\u00e8te, des soci\u00e9t\u00e9s mini\u00e8res canadiennes sont accus\u00e9es d&#8217;engendrer de la violence et des dommages \u00e9cologiques<\/strong><\/em>&#8221;.\u00a0 Lire la suite <a href=\"http:\/\/www.lapresse.ca\/actualites\/quebec-canada\/national\/201210\/19\/01-4585242-mines-canadiennes-a-letranger-or-sang-et-feuille-derable.php\">ICI<\/a><\/p>\n<p>&#8220;Le Journal d Montr\u00e9al.ca&#8221;<br \/>\nArticle de Isabelle Maher intitul\u00e9 &#8220;<strong><em>La guerre oubli\u00e9<\/em><\/strong>&#8221; paru le samedi 27 octobre 2012.<\/p>\n<p>&#8220;<strong><em> Il aura fallu un Sommet de la francophonie pour que les cam\u00e9ras se tournent vers la R\u00e9publique d\u00e9mocratique du Congo, th\u00e9\u00e2tre d\u2019un conflit parmi les plus meurtriers depuis la Seconde Guerre mondiale. Les dirigeants \u00e9trangers et leurs d\u00e9l\u00e9gations ont quitt\u00e9 Kinshasa alors que les populations civiles continuent de subir les pires atrocit\u00e9s<\/em>&#8220;.\u00a0 <\/strong>lire la suite <a href=\"http:\/\/www.journaldemontreal.com\/2012\/10\/27\/la-guerre-oubliee\">ICI<\/a><strong><br \/>\n<\/strong><\/p>\n<p>&nbsp;<\/p>\n","protected":false},"excerpt":{"rendered":"<p>Au Qu\u00e9bec, sur internet ou des m\u00e9dias alternatifs, des militants des droits de l&#8217;homme comme\u00a0 Alain Deneault ou Ricardo Lamour s\u2019expriment souvent afin de briser le silence sur la situation au Congo. La presse g\u00e9n\u00e9raliste se faisant elle presque muette sur le sujet. Mais depuis quelques semaines, l&#8217;on constate une recrudescence de publications dans la [&hellip;]<\/p>\n","protected":false},"author":1,"featured_media":4282,"comment_status":"open","ping_status":"open","sticky":false,"template":"","format":"standard","meta":{"_acf_changed":false,"content-type":"","footnotes":""},"categories":[141,142,119,122],"tags":[],"class_list":["post-4281","post","type-post","status-publish","format-standard","has-post-thumbnail","hentry","category-canada","category-ce-que-disent-les-medias","category-medias","category-news-alertes"],"acf":[],"_links":{"self":[{"href":"https:\/\/congolobilelo.com\/IN\/wp-json\/wp\/v2\/posts\/4281","targetHints":{"allow":["GET"]}}],"collection":[{"href":"https:\/\/congolobilelo.com\/IN\/wp-json\/wp\/v2\/posts"}],"about":[{"href":"https:\/\/congolobilelo.com\/IN\/wp-json\/wp\/v2\/types\/post"}],"author":[{"embeddable":true,"href":"https:\/\/congolobilelo.com\/IN\/wp-json\/wp\/v2\/users\/1"}],"replies":[{"embeddable":true,"href":"https:\/\/congolobilelo.com\/IN\/wp-json\/wp\/v2\/comments?post=4281"}],"version-history":[{"count":0,"href":"https:\/\/congolobilelo.com\/IN\/wp-json\/wp\/v2\/posts\/4281\/revisions"}],"wp:featuredmedia":[{"embeddable":true,"href":"https:\/\/congolobilelo.com\/IN\/wp-json\/"}],"wp:attachment":[{"href":"https:\/\/congolobilelo.com\/IN\/wp-json\/wp\/v2\/media?parent=4281"}],"wp:term":[{"taxonomy":"category","embeddable":true,"href":"https:\/\/congolobilelo.com\/IN\/wp-json\/wp\/v2\/categories?post=4281"},{"taxonomy":"post_tag","embeddable":true,"href":"https:\/\/congolobilelo.com\/IN\/wp-json\/wp\/v2\/tags?post=4281"}],"curies":[{"name":"wp","href":"https:\/\/api.w.org\/{rel}","templated":true}]}}