{"id":4186,"date":"2012-10-16T18:25:36","date_gmt":"2012-10-16T18:25:36","guid":{"rendered":"http:\/\/www.ingeta.com\/?p=4186"},"modified":"2012-10-16T18:25:36","modified_gmt":"2012-10-16T18:25:36","slug":"congo-week-la-paix-en-rdc-se-gagne-aussi-a-paris","status":"publish","type":"post","link":"https:\/\/congolobilelo.com\/IN\/congo-week-la-paix-en-rdc-se-gagne-aussi-a-paris\/","title":{"rendered":"Congo Week: la paix en RDC se gagne aussi \u00e0 Paris"},"content":{"rendered":"<p>\t\t\t\t<em>Par Klara Boyer-Rossol. Source: <a href=\"http:\/\/www.slateafrique.com\/96453\/rdc-congo-week-diaspora-congolaise-paris-paix\">SlateAfrique.com<\/a><\/em><\/p>\n<p><em><strong>Face \u00e0 la situation de crise en RDC, le mouvement pour la paix de la diaspora congolaise ne cesse de s&#8217;\u00e9tendre \u00e0 travers le monde. Pour la premi\u00e8re fois, Paris reprend le flambeau.<\/strong><\/em><\/p>\n<p><img loading=\"lazy\" decoding=\"async\" class=\"alignleft size-medium wp-image-4067\" title=\"CWP1\" src=\"http:\/\/www.ingeta.com\/wp-content\/uploads\/2012\/09\/CWP1-229x300.jpg\" alt=\"\" width=\"229\" height=\"300\" \/><\/p>\n<p><em>\u00abSoutenir les jeunes Congolais qui militent pacifiquement \u00e0 l\u2019int\u00e9rieur et en dehors de leur pays<\/em>.\u00bb Tel est le credo de Maurice Carney, co-fondateur et directeur ex\u00e9cutif de l&#8217;ONG am\u00e9ricaine Friends of the Congo, bas\u00e9e \u00e0 Washington, qui \u0153uvre \u00e0 alerter la communaut\u00e9 internationale sur la crise en <a href=\"http:\/\/www.slateafrique.com\/pays\/44\/R%C3%A9publique%20d%C3%A9mocratique%20du%20Congo\" target=\"_blank\" rel=\"noopener\">R\u00e9publique d\u00e9mocratique du Congo<\/a>.<\/p>\n<p>Carney insiste sur le r\u00f4le jou\u00e9 par la diaspora. Afin de procurer une plateforme aux voix congolaises et africaines, <a href=\"http:\/\/www.friendsofthecongo.org\/\" target=\"_blank\" rel=\"noopener\">Friends of the Congo<\/a> a initi\u00e9 en 2008 la <a href=\"http:\/\/congoweek.org\/\" target=\"_blank\" rel=\"noopener\">Congo Week<\/a>.<\/p>\n<p>Depuis, pr\u00e8s de soixante pays et plus de trois cents universit\u00e9s y ont particip\u00e9 \u00e0 travers le monde. C&#8217;est une semaine d\u2019activit\u00e9s qui se d\u00e9roule chaque ann\u00e9e vers la mi-octobre et qui vise \u00e0 informer et ouvrir un espace de dialogue en vue de la paix en RDC.<\/p>\n<p>Selon le <a href=\"http:\/\/www.ohchr.org\/fr\/countries\/africaregion\/pages\/rdcprojetmapping.aspx\" target=\"_blank\" rel=\"noopener\">rapport Mapping des Nations unies<\/a>, publi\u00e9 en octobre 2010, <a href=\"http:\/\/www.slateafrique.com\/87441\/bosco-ntaganda-general-defie-kinshasa-cpi-rdc\" target=\"_blank\" rel=\"noopener\">le Congo conna\u00eet le conflit le plus meurtrier<\/a>, depuis la Seconde Guerre mondiale.<\/p>\n<p>Depuis 1996, plus de six millions de personnes ont p\u00e9ri et des centaines de milliers de femmes ont \u00e9t\u00e9 syst\u00e9matiquement viol\u00e9es. A l&#8217;occasion de la Congo Week, des universitaires, intellectuels, artistes et membres de la soci\u00e9t\u00e9 civile des quatre coins du monde se joignent au peuple congolais pour comm\u00e9morer les millions de vies perdues dans cette guerre mise sous silence.<\/p>\n<blockquote><p>N\u00e9anmoins,<em> \u00abil est tr\u00e8s important de souligner que la Congo Week ne parle pas uniquement de la trag\u00e9die au Congo, mais parle aussi du potentiel du pays, particuli\u00e8rement le potentiel humain\u00bb,<\/em> pr\u00e9cise Kambale Musavuli, porte-parole de Friends of Congo \u00e0 New-York et charg\u00e9 de la Congo Week \u00e0 Harlem.<\/p><\/blockquote>\n<h3>G\u00e9n\u00e9ration issue de la diaspora<\/h3>\n<p>Des artistes \u00e0 San Francisco et Oakland, des activistes \u00e0 Montr\u00e9al et Toronto, des jeunes \u00e0 Londres ou \u00e0 New-York, des associations en Afrique du Sud et en Argentine, des \u00e9tudiants \u00e0 Nairobi ou en Nouvelle-Z\u00e9lande, ont d\u00e9j\u00e0 rejoint le mouvement mondial de la Congo Week.<\/p>\n<p>Durant les ann\u00e9es 2000, des activistes congolais agissent de concert en Hollande, en Allemagne, en Grande-Bretagne ou encore en Belgique. Plusieurs marches pacifiques ont \u00e9t\u00e9 organis\u00e9es, o\u00f9 se sont aussi joints en solidarit\u00e9 des Europ\u00e9ens, bien que la majeure partie des manifestants soit issue de la diaspora congolaise.<\/p>\n<blockquote><p>En France, <em>\u00abc\u2019est vraiment depuis les \u00e9lections de 2006 en R\u00e9publique d\u00e9mocratique du Congo, que les jeunes de la diaspora ont commenc\u00e9 \u00e0 s\u2019int\u00e9resser \u00e0 la situation au pays\u00bb<\/em>, raconte Rebecca, une jeune dipl\u00f4m\u00e9e parisienne.<\/p><\/blockquote>\n<p>En 2012, la premi\u00e8re grande \u00e9dition de la Congo Week a lieu \u00e0 Paris, r\u00e9unissant des membres de la diaspora congolaise.<\/p>\n<p>Engag\u00e9e dans le combat pour la paix au Congo depuis 2007, Rebecca a particip\u00e9 en \u00e9t\u00e9 2011 \u00e0 la marche Paris-Bruxelles, durant laquelle des femmes et des hommes de la diaspora congolaise ont parcouru quelques 300 km pour d\u00e9noncer de mani\u00e8re pacifique les crimes commis en RDC.<\/p>\n<blockquote><p><em>\u00abOn a eu un tr\u00e8s bon accueil en France, notamment \u00e0 Valenciennes, les gens nous apportaient des collations et des mots chaleureux de soutien\u00bb,<\/em> se souvient-elle.<\/p><\/blockquote>\n<p>Rebecca est n\u00e9e en France, de parents congolais qui sont venus au d\u00e9but des ann\u00e9es 1970 comme r\u00e9fugi\u00e9s politiques. Rebecca fait partie de cette g\u00e9n\u00e9ration ayant v\u00e9cu \u00e0 l\u2019ext\u00e9rieur du Congo, ayant fait l\u2019exp\u00e9rience de la d\u00e9mocratie et qui finalement reprennent le combat de leurs parents pour la paix.<\/p>\n<h3>Un sentiment d&#8217;impuissance<\/h3>\n<p>A la chute de <a href=\"http:\/\/www.slateafrique.com\/90237\/rdc-certains-regrettent-mobutu\" target=\"_blank\" rel=\"noopener\">Mobutu Sese Seko<\/a> (deuxi\u00e8me pr\u00e9sident) en 1997, la nouvelle R\u00e9publique d\u00e9mocratique du Congo se voit pr\u00e9cipit\u00e9e dans la guerre, des groupes arm\u00e9s s\u00e9vissent d\u00e9j\u00e0 \u00e0 l\u2019est du pays, c\u2019est alors qu\u2019Olivier, jeune Congolais aujourd\u2019hui \u00e2g\u00e9 de 35 ans, doit fuir son pays.<\/p>\n<blockquote><p><em>\u00abJ\u2019ai pu partir en Europe, mais d\u2019autres n\u2019ont pas eu cette opportunit\u00e9. Ceux qui militent pour la paix et la d\u00e9mocratie au pays exposent quotidiennement leur vie et celles de leur famille.\u00bb<\/em><\/p><\/blockquote>\n<p>Activiste des droits de l\u2019Homme, Olivier ne cache pas ce sentiment de culpabilit\u00e9 que peuvent \u00e9prouver des membres de la diaspora congolaise.<\/p>\n<blockquote><p><em>\u00abOn entend parler de millions de victimes \u00e0 l\u2019est du Congo, nous, Congolais \u00e9tablis en Europe, nous nous sentons parfois impuissants, on se demande, qu\u2019est-ce que nous pouvons faire pour arr\u00eater \u00e7a?\u00bb<\/em>.<\/p><\/blockquote>\n<p>L&#8217;action de la diaspora congolaise en Occident appara\u00eet comme un relais vital pour <a href=\"http:\/\/www.slateafrique.com\/89485\/assassinat-floribert-chebeya-crime-etat-justice-rdc\" target=\"_blank\" rel=\"noopener\">les activistes de la paix rest\u00e9s en RDC<\/a>.<\/p>\n<blockquote><p><em>\u00abNous sommes l\u2019\u00e9chos de nos compatriotes qui militent sur place au Congo pour la d\u00e9mocratie\u00bb<\/em>, assure Olivier.<\/p><\/blockquote>\n<p>Les Congolais \u00e9tablis \u00e0 l\u2019int\u00e9rieur et \u00e0 l\u2019ext\u00e9rieur du pays restent en lien notamment \u00e0 travers les r\u00e9seaux sociaux, qui jouent un r\u00f4le important dans la diffusion de l\u2019information.<\/p>\n<p>Cela a \u00e9t\u00e9 particuli\u00e8rement manifeste <a href=\"http:\/\/www.slateafrique.com\/79295\/rdc-ong-jugent-les-elections-pas-credibles\" target=\"_blank\" rel=\"noopener\">lors des derni\u00e8res \u00e9lections pr\u00e9sidentielles de novembre 2011<\/a>, <em>\u00ab\u00e7a a beaucoup boug\u00e9, les Congolais \u00e0 travers le monde communiquaient \u00e0 travers Internet et surtout Facebook, beaucoup souhaitaient <a href=\"http:\/\/www.slateafrique.com\/63353\/kabila-le-president-qui-prend-de-l-assurance\" target=\"_blank\" rel=\"noopener\">le d\u00e9part de Joseph Kabila<\/a>\u00bb,<\/em> t\u00e9moigne Rebecca.<\/p>\n<p>La mobilisation de la diaspora en Occident s\u2019est alors intensifi\u00e9e. Dans l\u2019impossibilit\u00e9 de voter, des centaines, parfois des milliers de Congolais, ont manifest\u00e9 dans les rues de Paris, Londres ou Bruxelles, avec des slogans tels que <em>\u00abPour la v\u00e9rit\u00e9 des urnes\u00bb.<\/em><\/p>\n<p>La m\u00eame ann\u00e9e, Olivier rejoint le mouvement apolitique Breaking the Silence (Brisons le Silence) initi\u00e9 par Friends of the Congo. Il coordonne la premi\u00e8re \u00e9dition de la Congo Week \u00e0 Paris. <em>\u00a0<\/em><\/p>\n<blockquote><p><em>\u00abAu lieu de petites manifestations \u00e9parses, organiser une semaine d\u2019activit\u00e9s, en lien avec Friends of the Congo et avec de bons outils d\u2019information, permet de rassembler les membres de la diaspora congolaise, mais aussi de s\u2019adresser \u00e0 un plus large public.\u00bb<\/em><\/p><\/blockquote>\n<h3>D\u00e9battre de Kinshasa \u00e0 Paris<\/h3>\n<p>A Paris, la Congo Week \u2014programm\u00e9e du 14 au 21 octobre\u2014 s\u2019est ouverte alors que s\u2019achevait le <a href=\"http:\/\/www.slateafrique.com\/93601\/la-realpolitik-amene-francois-hollande-kinshasa-francophonie\" target=\"_blank\" rel=\"noopener\">sommet de la Francophonie \u00e0 Kinshasa, lequel suscita la pol\u00e9mique<\/a>.<\/p>\n<p>Les tenants du \u00abnon\u00bb au sommet \u00e0 Kinshasa s\u2019appuyaient sur la d\u00e9claration de Bamako qui investit la Francophonie de moyens d\u2019action en cas de rupture de la l\u00e9galit\u00e9 d\u00e9mocratique, ou de violation grave des droits de l\u2019homme dans un de ses pays membres.<\/p>\n<p>Les tenants du \u00aboui\u00bb au sommet \u00e0 Kinshasa, soutiennent qu\u2019il ne faut pas isoler le pays mais privil\u00e9gier le dialogue dans l\u2019espace de la Francophonie. Un des autres arguments avanc\u00e9s est la vitrine donn\u00e9e par ce sommet, pour parler de la situation et en en RDC et ses enjeux d\u00e9mocratiques.<\/p>\n<p>A Paris, la Congo Week ne prend pas part \u00e0 cette pol\u00e9mique, mais propose plut\u00f4t de d\u00e9passer les clivages pour ouvrir de mani\u00e8re effective un espace francophone de discussions autour de la situation en RDC.<\/p>\n<blockquote><p><em>\u00abLe but est avant tout d\u2019informer le grand public, notamment les jeunes de la diaspora congolaise, qui ne sont pas forc\u00e9ment au fait de la situation en RDC, la crise ayant \u00e9t\u00e9 largement absente des m\u00e9dias\u00bb<\/em>, explique Rebecca, qui a rejoint le mouvement \u00e0 Paris.<\/p><\/blockquote>\n<p>Dans le cadre de la s\u00e9rie de conf\u00e9rences, d\u00e9bats et projections de films rythment la semaine \u00e0 Paris, plusieurs grandes th\u00e9matiques sont \u00e9voqu\u00e9es, parmi lesquelles l\u2019histoire r\u00e9cente du Congo. <em>\u00a0<\/em><\/p>\n<blockquote><p><em>\u00abIl y a un d\u00e9ficit dans l\u2019enseignement de l\u2019Histoire. Nous n\u2019avions pas pris pleinement connaissance des premiers crimes \u00e0 L\u00e9opoldville (faisant r\u00e9f\u00e9rence aux crimes coloniaux perp\u00e9tr\u00e9s au d\u00e9but du XXe si\u00e8cle), et aujourd\u2019hui encore le peuple congolais continue d\u2019\u00eatre massacr\u00e9 dans l\u2019indiff\u00e9rence\u00bb,<\/em> d\u00e9plore Alain Ndongisila, fondateur de l\u2019association congolaise Devoir de M\u00e9moire.<\/p><\/blockquote>\n<h3>Le Congo est une femme viol\u00e9e<\/h3>\n<p>Autre th\u00e8me pr\u00e9pond\u00e9rant: la question cruciale des femmes en RDC. <em><\/em><\/p>\n<blockquote><p><em>\u00abLes femmes sont les premi\u00e8res victimes de cette guerre silencieuse, et aucune solution viable de sortie de crise ne pourra \u00eatre prise sans elles\u00bb<\/em>, rappelle Elza Vumi, qui a particip\u00e9 \u00e0 la marche mondiale des femmes du Kivu en 2010.<\/p><\/blockquote>\n<p><em><a href=\"http:\/\/www.slateafrique.com\/635\/viols-RDC-femmes-brisent-silence\" target=\"_blank\" rel=\"noopener\">\u00abLe Congo est une femme qui a \u00e9t\u00e9 viol\u00e9e\u00bb<\/a>,<\/em> mais \u00e0 voir l\u2019engagement de ces militants pacifiques, le Congo apparait aussi comme une femme actrice de sa gu\u00e9rison, qui refuse la violence et le silence.<\/p>\n<p>Cette \u00abloi du silence\u00bb p\u00e8se aussi sur les professionnels de l\u2019Information. Des journalistes congolaises t\u00e9moigneront de l\u2019exercice de leur m\u00e9tier dans un pays en guerre, o\u00f9 durant les ann\u00e9es 2000, plusieurs de leurs confr\u00e8res furent assassin\u00e9s.<\/p>\n<p>Dans ce contexte, certains se demandent si l\u2019on peut encore chanter, doit-on suspendre les productions musicales congolaises, mondialement connues?<\/p>\n<p>Lors de la <em>Congo Week<\/em> \u00e0 Paris, des artistes congolais veulent expliquer leur engagement \u00e0 transmettre, \u00e0 travers leur art, un message de paix.<\/p>\n<blockquote><p><em>\u00abNos parents ont grandi en temps de paix, je veux conna\u00eetre la paix au Congo de mon vivant, c\u2019est pourquoi je ne me r\u00e9soudrai pas au silence\u00bb,<\/em> affirme Kambale Musavuli, qui \u00e9cume les conf\u00e9rences aux Etats-Unis.<\/p><\/blockquote>\n<p>En \u00e9cho, \u00e0 Paris, Rebecca\u00a0soutient: <em>\u00abNous sommes indign\u00e9s, mais nous sommes aussi porteurs d\u2019espoir, nous sommes r\u00e9solus \u00e0 combattre pour la paix\u00bb<\/em>.\t\t<\/p>\n","protected":false},"excerpt":{"rendered":"<p>Par Klara Boyer-Rossol. Source: SlateAfrique.com Face \u00e0 la situation de crise en RDC, le mouvement pour la paix de la diaspora congolaise ne cesse de s&#8217;\u00e9tendre \u00e0 travers le monde. Pour la premi\u00e8re fois, Paris reprend le flambeau. \u00abSoutenir les jeunes Congolais qui militent pacifiquement \u00e0 l\u2019int\u00e9rieur et en dehors de leur pays.\u00bb Tel est [&hellip;]<\/p>\n","protected":false},"author":1,"featured_media":4067,"comment_status":"open","ping_status":"open","sticky":false,"template":"","format":"standard","meta":{"_acf_changed":false,"content-type":"","footnotes":""},"categories":[120,122,124],"tags":[],"class_list":["post-4186","post","type-post","status-publish","format-standard","has-post-thumbnail","hentry","category-mondialisation","category-news-alertes","category-politique-societe"],"acf":[],"_links":{"self":[{"href":"https:\/\/congolobilelo.com\/IN\/wp-json\/wp\/v2\/posts\/4186","targetHints":{"allow":["GET"]}}],"collection":[{"href":"https:\/\/congolobilelo.com\/IN\/wp-json\/wp\/v2\/posts"}],"about":[{"href":"https:\/\/congolobilelo.com\/IN\/wp-json\/wp\/v2\/types\/post"}],"author":[{"embeddable":true,"href":"https:\/\/congolobilelo.com\/IN\/wp-json\/wp\/v2\/users\/1"}],"replies":[{"embeddable":true,"href":"https:\/\/congolobilelo.com\/IN\/wp-json\/wp\/v2\/comments?post=4186"}],"version-history":[{"count":0,"href":"https:\/\/congolobilelo.com\/IN\/wp-json\/wp\/v2\/posts\/4186\/revisions"}],"wp:featuredmedia":[{"embeddable":true,"href":"https:\/\/congolobilelo.com\/IN\/wp-json\/"}],"wp:attachment":[{"href":"https:\/\/congolobilelo.com\/IN\/wp-json\/wp\/v2\/media?parent=4186"}],"wp:term":[{"taxonomy":"category","embeddable":true,"href":"https:\/\/congolobilelo.com\/IN\/wp-json\/wp\/v2\/categories?post=4186"},{"taxonomy":"post_tag","embeddable":true,"href":"https:\/\/congolobilelo.com\/IN\/wp-json\/wp\/v2\/tags?post=4186"}],"curies":[{"name":"wp","href":"https:\/\/api.w.org\/{rel}","templated":true}]}}