{"id":4153,"date":"2012-10-10T16:57:03","date_gmt":"2012-10-10T16:57:03","guid":{"rendered":"http:\/\/www.ingeta.com\/?p=4153"},"modified":"2012-10-10T16:57:03","modified_gmt":"2012-10-10T16:57:03","slug":"campus-congo-2012-du-19-au-21-octobre-2012-a-anvers","status":"publish","type":"post","link":"https:\/\/congolobilelo.com\/IN\/campus-congo-2012-du-19-au-21-octobre-2012-a-anvers\/","title":{"rendered":"Campus Congo 2012 du 19 au 21 octobre 2012 \u00e0 Anvers"},"content":{"rendered":"<p>\t\t\t\t<em><strong>Campus Congo 2012 est une initiative cr\u00e9\u00e9e par trois jeunes congolais, Momi M&#8217;buze, Patrick N&#8217;Siala et Charis Basoko, actifs dans l&#8217;associatif et les milieux estudiantins africains mais surtout congolais.<\/strong><\/em><\/p>\n<p><img loading=\"lazy\" decoding=\"async\" class=\"alignleft size-medium wp-image-4172\" title=\"projet3\" src=\"http:\/\/www.ingeta.com\/wp-content\/uploads\/2012\/10\/projet3-300x276.jpg\" alt=\"\" width=\"300\" height=\"276\" \/>Le but n&#8217;est pas la cr\u00e9ation d&#8217;un partie politique mais r\u00e9ellement la rencontre de personnes, de comp\u00e9tences et d&#8217;id\u00e9es qui mis ensemble nous permettrons de redessiner l&#8217;image de notre communaut\u00e9 en Belgique et cr\u00e9er un r\u00e9seau de personnes influentes, comp\u00e9tentes et matures capable de transmettre \u00e0 leur tour aux cadets.<\/p>\n<p>La finalit\u00e9 serait d&#8217;avoir un &#8220;Congo Campus&#8221; tous les ans avec diff\u00e9rentes personnes de notre communaut\u00e9 ainsi que des intervenants qui viendront sp\u00e9cialement pour partager avec nous leur savoir et connaissance du pays et sur notre Nation.<\/p>\n<p>Cette premi\u00e8re \u00e9dition se tiendra du 19 au 21 octobre au camp &#8216;De Kruier&#8217; de Balen ( Zwaluwstraat 2, 2490 Balen \u00e0 Anvers en Belgique).<\/p>\n<p>Co\u00fbt: 50 euros pour le weekend (transport Anvers-Balen-Anvers inclus, nourriture, boisson).<\/p>\n<p>Pour vous inscrire: <a href=\"http:\/\/www.formdesk.com\/nsialakiese\/campuscongo2012\">http:\/\/www.formdesk.com\/nsialakiese\/campuscongo2012<\/a>\t\t<\/p>\n","protected":false},"excerpt":{"rendered":"<p>Campus Congo 2012 est une initiative cr\u00e9\u00e9e par trois jeunes congolais, Momi M&#8217;buze, Patrick N&#8217;Siala et Charis Basoko, actifs dans l&#8217;associatif et les milieux estudiantins africains mais surtout congolais. Le but n&#8217;est pas la cr\u00e9ation d&#8217;un partie politique mais r\u00e9ellement la rencontre de personnes, de comp\u00e9tences et d&#8217;id\u00e9es qui mis ensemble nous permettrons de redessiner [&hellip;]<\/p>\n","protected":false},"author":1,"featured_media":4172,"comment_status":"open","ping_status":"open","sticky":false,"template":"","format":"standard","meta":{"_acf_changed":false,"content-type":"","footnotes":""},"categories":[167,124,127],"tags":[],"class_list":["post-4153","post","type-post","status-publish","format-standard","has-post-thumbnail","hentry","category-belgique","category-politique-societe","category-rencontresdebats"],"acf":[],"_links":{"self":[{"href":"https:\/\/congolobilelo.com\/IN\/wp-json\/wp\/v2\/posts\/4153","targetHints":{"allow":["GET"]}}],"collection":[{"href":"https:\/\/congolobilelo.com\/IN\/wp-json\/wp\/v2\/posts"}],"about":[{"href":"https:\/\/congolobilelo.com\/IN\/wp-json\/wp\/v2\/types\/post"}],"author":[{"embeddable":true,"href":"https:\/\/congolobilelo.com\/IN\/wp-json\/wp\/v2\/users\/1"}],"replies":[{"embeddable":true,"href":"https:\/\/congolobilelo.com\/IN\/wp-json\/wp\/v2\/comments?post=4153"}],"version-history":[{"count":0,"href":"https:\/\/congolobilelo.com\/IN\/wp-json\/wp\/v2\/posts\/4153\/revisions"}],"wp:featuredmedia":[{"embeddable":true,"href":"https:\/\/congolobilelo.com\/IN\/wp-json\/"}],"wp:attachment":[{"href":"https:\/\/congolobilelo.com\/IN\/wp-json\/wp\/v2\/media?parent=4153"}],"wp:term":[{"taxonomy":"category","embeddable":true,"href":"https:\/\/congolobilelo.com\/IN\/wp-json\/wp\/v2\/categories?post=4153"},{"taxonomy":"post_tag","embeddable":true,"href":"https:\/\/congolobilelo.com\/IN\/wp-json\/wp\/v2\/tags?post=4153"}],"curies":[{"name":"wp","href":"https:\/\/api.w.org\/{rel}","templated":true}]}}