{"id":4131,"date":"2012-10-07T18:56:29","date_gmt":"2012-10-07T18:56:29","guid":{"rendered":"http:\/\/www.ingeta.com\/?p=4131"},"modified":"2012-10-07T18:56:29","modified_gmt":"2012-10-07T18:56:29","slug":"belgique-vote-sanction-de-la-communaute-congolaise-aux-elections-communales","status":"publish","type":"post","link":"https:\/\/congolobilelo.com\/IN\/belgique-vote-sanction-de-la-communaute-congolaise-aux-elections-communales\/","title":{"rendered":"Belgique: Vote sanction de la communaut\u00e9 congolaise"},"content":{"rendered":"<p>\t\t\t\t<strong>Communiqu\u00e9 du Conseil International Congolais (CIC) &#8211; Sur les \u00e9lections communales du 14 octobre 2012 en Belgique<\/strong><\/p>\n<p>Par la pr\u00e9sente, nous vous faisons savoir que la Communaut\u00e9 Congolaise passera le mot d&#8217;ordre du vote sanction lors des communales du 14 octobre 2012, telle que rappel\u00e9 lors de sa manifestation de ce samedi 06 octobre 2012 contre la tenue du Sommet de la Francophonie \u00e0 Kinshasa. En effet, lors des \u00e9v\u00e8nements de d\u00e9cembre 2011, la diaspora Congolaise avait d\u00e9nonc\u00e9 le hold-up \u00e9lectoral dont elle faisait l&#8217;objet, suite aux \u00e9lections pr\u00e9sidentielles qui s&#8217;\u00e9taient d\u00e9roul\u00e9es le 28 novembre 2011 en RDC. Malgr\u00e9 que le rapport tardif de la MOE de l&#8217;UE lui ait donn\u00e9 raison, les politiques, plus pr\u00e9cis\u00e9ment francophones, indiff\u00e9remment avec leurs m\u00e9dias, \u00e0 quelques rares exceptions pr\u00e8s, ont couvert ce kidnapping du vote Congolais, parti pris qui avait d\u00e9bouch\u00e9 sur les d\u00e9bordements de d\u00e9cembre 2011 dans le quartier Matonge de Bruxelles, dans l&#8217;incompr\u00e9hension g\u00e9n\u00e9rale du citoyen lamda, \u00e0 qui l&#8217;on s&#8217;obstine \u00e0 cacher la v\u00e9rit\u00e9 jusqu&#8217;\u00e0 ce jour.<\/p>\n<p>C&#8217;est pour d\u00e9noncer ce qu&#8217;elle consid\u00e8re comme \u00e9tant une nouvelle forme d&#8217;apartheid, surtout m\u00e9diatique, qu&#8217;elle d\u00e9cide de s&#8217;en tenir \u00e0 son mot d&#8217;ordre d&#8217;alors : LE VOTE SANCTION. La Communaut\u00e9 accordera prioritairement ses voix \u00e0 la N-VA de Bart de Wever, et ensuite aux autres partis flamands, avec une mention sp\u00e9ciale \u00e0 Eva Brems Groen pour sa ferme condamnation de la lettre de f\u00e9licitations en solo du Gouvernement Belge au r\u00e9gime d&#8217;usurpation de Joseph Kabila (de m\u00eame que le d\u00e9put\u00e9 Open Vld). Pour la partie francophone du pays, elle est appel\u00e9e \u00e0 voter pour le MLD du d\u00e9put\u00e9 f\u00e9d\u00e9ral Laurent Louis, l\u00e0 o\u00f9 il se pr\u00e9sente (Nivelles et Vervier). Partout ailleurs, ce sera le vote blanc ou nos voix iront \u00e0 un parti autre que ceux auxquels nous adressons nos sanctions. A savoir : le PS, le MR, le Cdh et Ecolo.<\/p>\n<p>Dans sa logique de r\u00e9compenser tous ceux, qui, d&#8217;une fa\u00e7on ou d&#8217;une autre, se sont illustr\u00e9s par leurs actions en vue d&#8217;obtenir la v\u00e9rit\u00e9 des urnes au Congo, voire, de d\u00e9noncer significativement les drames qui s&#8217;y d\u00e9roulent, la Communaut\u00e9 Congolaise tient \u00e0 pr\u00e9senter quelques exceptions :<br \/>\n1. Georges Dallemagne Cdh, pour son engagement dans la d\u00e9nonciation de la fraude \u00e9lectorale en RDC.<br \/>\n2. Olivier Maingain FDF, pour avoir \u00e9t\u00e9 le premier bourgmestre \u00e0 permettre le retour des marches pacifiques dans Bruxelles dans sa commune de Woluw\u00e9 St-Lambert.<br \/>\n3. Jacky Morael Ecolo, pour son souci constant d&#8217;\u00e9quit\u00e9 en RDC.<br \/>\n4. Elio Di Rupo Ps, pour sa brillante intervention r\u00e9cemment \u00e0 la Tribune de l&#8217;ONU, taxant d&#8217;inadmissible ce qui se d\u00e9roulait au Congo, et, reprenant pour la cause, le discours tant fustig\u00e9 de notre Communaut\u00e9.<\/p>\n<p>De plus, tous les politiques d&#8217;origine Congolaise, qui ont brill\u00e9 par une inaction et un silence pathologiques, voire de la connivence avec le r\u00e9gime d&#8217;usurpation en place, ne recevront aucune voix de notre part :<br \/>\n1. Bertin Mampaka Cdh,<br \/>\n2. Gis\u00e8le Mandaila Fdf<br \/>\n3. Mijeanne Cdh<br \/>\n4. Kompany,<br \/>\n5. Etc.<\/p>\n<p>Par ailleurs, tout Congolais d&#8217;origine, exhibant sa t\u00eate sur les affiches de partis francophones, qui par les actes ou par omission, ont cautionn\u00e9 le coup d&#8217;\u00e9tat par les urnes de Joseph Kabila, se verront adresser un bl\u00e2me pour \u00e9tourderie excessive. Voil\u00e0 de gens qui se sont invit\u00e9s \u00e0 leurs \u00e9lections, d&#8217;une mani\u00e8re ou d&#8217;une autre, se moquant du vote d\u00e9mocratique de tout un peuple, et insultant par-l\u00e0-m\u00eame nos parents et nos anc\u00eatres, car ceux qui ne peuvent exprimer leur volont\u00e9 par le vote sont des esclaves. Nous devons les sanctionner comme il se doit.<\/p>\n<p>Enfin, notre candidat pour affronter Mr Mampaka \u00e0 1000 Bruxelles se trouve \u00eatre Mr Olivier Kayomo, FDF nr 7. Nous formulons le voeux qu&#8217;une fois \u00e9lu, il ne nous tourne pas le dos comme son pr\u00e9d\u00e9cesseur.<\/p>\n<p>Mentions sp\u00e9ciales \u00e0 :<\/p>\n<p>-1. Mr ROEL DESEYN D\u00e9put\u00e9 CD&amp;V<br \/>\n-2. Karel De Gucht Open VLD<br \/>\n-3 Dirk Van der Maelen Sp.a<br \/>\n-4.Herman de Croo Open VLD<\/p>\n<p><em>Cordialement, Joseph Salomon Mbeka<br \/>\nPr\u00e9sident Change in Congo \/ Nzakomba<br \/>\n+32486855392<\/em>\t\t<\/p>\n","protected":false},"excerpt":{"rendered":"<p>Communiqu\u00e9 du Conseil International Congolais (CIC) &#8211; Sur les \u00e9lections communales du 14 octobre 2012 en Belgique Par la pr\u00e9sente, nous vous faisons savoir que la Communaut\u00e9 Congolaise passera le mot d&#8217;ordre du vote sanction lors des communales du 14 octobre 2012, telle que rappel\u00e9 lors de sa manifestation de ce samedi 06 octobre 2012 [&hellip;]<\/p>\n","protected":false},"author":1,"featured_media":4132,"comment_status":"open","ping_status":"open","sticky":false,"template":"","format":"standard","meta":{"_acf_changed":false,"content-type":"","footnotes":""},"categories":[167,122,124],"tags":[],"class_list":["post-4131","post","type-post","status-publish","format-standard","has-post-thumbnail","hentry","category-belgique","category-news-alertes","category-politique-societe"],"acf":[],"_links":{"self":[{"href":"https:\/\/congolobilelo.com\/IN\/wp-json\/wp\/v2\/posts\/4131","targetHints":{"allow":["GET"]}}],"collection":[{"href":"https:\/\/congolobilelo.com\/IN\/wp-json\/wp\/v2\/posts"}],"about":[{"href":"https:\/\/congolobilelo.com\/IN\/wp-json\/wp\/v2\/types\/post"}],"author":[{"embeddable":true,"href":"https:\/\/congolobilelo.com\/IN\/wp-json\/wp\/v2\/users\/1"}],"replies":[{"embeddable":true,"href":"https:\/\/congolobilelo.com\/IN\/wp-json\/wp\/v2\/comments?post=4131"}],"version-history":[{"count":0,"href":"https:\/\/congolobilelo.com\/IN\/wp-json\/wp\/v2\/posts\/4131\/revisions"}],"wp:featuredmedia":[{"embeddable":true,"href":"https:\/\/congolobilelo.com\/IN\/wp-json\/"}],"wp:attachment":[{"href":"https:\/\/congolobilelo.com\/IN\/wp-json\/wp\/v2\/media?parent=4131"}],"wp:term":[{"taxonomy":"category","embeddable":true,"href":"https:\/\/congolobilelo.com\/IN\/wp-json\/wp\/v2\/categories?post=4131"},{"taxonomy":"post_tag","embeddable":true,"href":"https:\/\/congolobilelo.com\/IN\/wp-json\/wp\/v2\/tags?post=4131"}],"curies":[{"name":"wp","href":"https:\/\/api.w.org\/{rel}","templated":true}]}}